{"id":13946,"date":"2016-12-10T19:26:40","date_gmt":"2016-12-10T22:26:40","guid":{"rendered":"http:\/\/blogdoeloiltoncajuhy.com.br\/site\/?p=13946"},"modified":"2016-12-10T19:26:40","modified_gmt":"2016-12-10T22:26:40","slug":"paulo-afonso-adolescente-e-apreendido-apos-matar-madrasta-a-machadadas","status":"publish","type":"post","link":"https:\/\/blogdoeloiltoncajuhy.com.br\/site\/paulo-afonso-adolescente-e-apreendido-apos-matar-madrasta-a-machadadas\/","title":{"rendered":"PAULO AFONSO: Adolescente \u00e9 apreendido ap\u00f3s matar madrasta a machadadas"},"content":{"rendered":"<figure id=\"attachment_13947\" aria-describedby=\"caption-attachment-13947\" style=\"width: 231px\" class=\"wp-caption alignleft\"><a href=\"https:\/\/i0.wp.com\/blogdoeloiltoncajuhy.com.br\/site\/wp-content\/uploads\/2016\/12\/madrasta.jpg\"><img data-recalc-dims=\"1\" fetchpriority=\"high\" decoding=\"async\" class=\"wp-image-13947 size-medium\" src=\"https:\/\/i0.wp.com\/blogdoeloiltoncajuhy.com.br\/site\/wp-content\/uploads\/2016\/12\/madrasta.jpg?resize=231%2C300\" width=\"231\" height=\"300\" srcset=\"https:\/\/i0.wp.com\/blogdoeloiltoncajuhy.com.br\/site\/wp-content\/uploads\/2016\/12\/madrasta.jpg?resize=231%2C300&amp;ssl=1 231w, https:\/\/i0.wp.com\/blogdoeloiltoncajuhy.com.br\/site\/wp-content\/uploads\/2016\/12\/madrasta.jpg?resize=192%2C250&amp;ssl=1 192w, https:\/\/i0.wp.com\/blogdoeloiltoncajuhy.com.br\/site\/wp-content\/uploads\/2016\/12\/madrasta.jpg?w=615&amp;ssl=1 615w\" sizes=\"(max-width: 231px) 100vw, 231px\" \/><\/a><figcaption id=\"caption-attachment-13947\" class=\"wp-caption-text\">Foto: Reprodu\u00e7\u00e3o<\/figcaption><\/figure>\n<p>Um adolescente de 17 anos foi apreendido e confessou ter matado a madrasta, de 25 anos, a golpes de machado na quinta-feira (8), no munic\u00edpio de Paulo Afonso, norte da Bahia.<\/p>\n<p>Segundo a pol\u00edcia, o crime ocorreu na casa em que a fam\u00edlia morava, no Bairro Tancredo Neves 1, no momento em que a v\u00edtima almo\u00e7ava com os dois filhos, de 5 e 8 anos. As crian\u00e7as presenciaram a a\u00e7\u00e3o.<\/p>\n<p>Ainda de acordo com a pol\u00edcia, ap\u00f3s o crime, o adolescente fugiu e tentou se esconder na casa de um familiar, mas foi encontrado pela pol\u00edcia e levado para a delegacia, onde foi autuado pela infra\u00e7\u00e3o.<\/p>\n<p>\u00c0 pol\u00edcia, o adolescente contou que matou a madrasta porque eles costumavam brigar e ela debochava dele. O adolescente que \u00e9 usu\u00e1rio de drogas desde os 14 anos e j\u00e1 tem passagens por roubos na cidade se mostrou arrependido. O rapaz est\u00e1 na carceragem da delegacia e aguarda decis\u00e3o da Justi\u00e7a.<\/p>\n<p><em>*Boc\u00e3o News<\/em><\/p>\n","protected":false},"excerpt":{"rendered":"<p>Um adolescente de 17 anos foi apreendido e confessou ter matado a madrasta, de 25 anos, a golpes de machado na quinta-feira (8), no munic\u00edpio de Paulo Afonso, norte da Bahia. Segundo a pol\u00edcia, o crime ocorreu na casa em que a fam\u00edlia morava, no Bairro Tancredo Neves 1, no momento em que a v\u00edtima [&hellip;]<\/p>\n","protected":false},"author":2,"featured_media":13947,"comment_status":"open","ping_status":"open","sticky":false,"template":"","format":"standard","meta":{"_acf_changed":false,"_monsterinsights_skip_tracking":false,"_monsterinsights_sitenote_active":false,"_monsterinsights_sitenote_note":"","_monsterinsights_sitenote_category":0,"_jetpack_memberships_contains_paid_content":false,"footnotes":"","jetpack_publicize_message":"","jetpack_publicize_feature_enabled":true,"jetpack_social_post_already_shared":true,"jetpack_social_options":{"image_generator_settings":{"template":"highway","default_image_id":0,"font":"","enabled":false},"version":2}},"categories":[5,1,11],"tags":[],"class_list":["post-13946","post","type-post","status-publish","format-standard","has-post-thumbnail","hentry","category-cotidiano","category-noticias","category-regional"],"acf":[],"jetpack_publicize_connections":[],"jetpack_featured_media_url":"https:\/\/i0.wp.com\/blogdoeloiltoncajuhy.com.br\/site\/wp-content\/uploads\/2016\/12\/madrasta.jpg?fit=615%2C800&ssl=1","jetpack_sharing_enabled":true,"publishpress_future_workflow_manual_trigger":{"enabledWorkflows":[]},"_links":{"self":[{"href":"https:\/\/blogdoeloiltoncajuhy.com.br\/site\/wp-json\/wp\/v2\/posts\/13946","targetHints":{"allow":["GET"]}}],"collection":[{"href":"https:\/\/blogdoeloiltoncajuhy.com.br\/site\/wp-json\/wp\/v2\/posts"}],"about":[{"href":"https:\/\/blogdoeloiltoncajuhy.com.br\/site\/wp-json\/wp\/v2\/types\/post"}],"author":[{"embeddable":true,"href":"https:\/\/blogdoeloiltoncajuhy.com.br\/site\/wp-json\/wp\/v2\/users\/2"}],"replies":[{"embeddable":true,"href":"https:\/\/blogdoeloiltoncajuhy.com.br\/site\/wp-json\/wp\/v2\/comments?post=13946"}],"version-history":[{"count":1,"href":"https:\/\/blogdoeloiltoncajuhy.com.br\/site\/wp-json\/wp\/v2\/posts\/13946\/revisions"}],"predecessor-version":[{"id":13948,"href":"https:\/\/blogdoeloiltoncajuhy.com.br\/site\/wp-json\/wp\/v2\/posts\/13946\/revisions\/13948"}],"wp:featuredmedia":[{"embeddable":true,"href":"https:\/\/blogdoeloiltoncajuhy.com.br\/site\/wp-json\/wp\/v2\/media\/13947"}],"wp:attachment":[{"href":"https:\/\/blogdoeloiltoncajuhy.com.br\/site\/wp-json\/wp\/v2\/media?parent=13946"}],"wp:term":[{"taxonomy":"category","embeddable":true,"href":"https:\/\/blogdoeloiltoncajuhy.com.br\/site\/wp-json\/wp\/v2\/categories?post=13946"},{"taxonomy":"post_tag","embeddable":true,"href":"https:\/\/blogdoeloiltoncajuhy.com.br\/site\/wp-json\/wp\/v2\/tags?post=13946"}],"curies":[{"name":"wp","href":"https:\/\/api.w.org\/{rel}","templated":true}]}}