{"id":13943,"date":"2016-12-10T19:18:58","date_gmt":"2016-12-10T22:18:58","guid":{"rendered":"http:\/\/blogdoeloiltoncajuhy.com.br\/site\/?p=13943"},"modified":"2016-12-10T19:18:58","modified_gmt":"2016-12-10T22:18:58","slug":"delacao-de-executivo-da-odebrecht-nome-de-temer-e-citado-43-vezes-e-geddel-67","status":"publish","type":"post","link":"https:\/\/blogdoeloiltoncajuhy.com.br\/site\/delacao-de-executivo-da-odebrecht-nome-de-temer-e-citado-43-vezes-e-geddel-67\/","title":{"rendered":"Dela\u00e7\u00e3o de executivo da Odebrecht: nome de Temer \u00e9 citado 43 vezes e Geddel 67"},"content":{"rendered":"<figure id=\"attachment_13944\" aria-describedby=\"caption-attachment-13944\" style=\"width: 800px\" class=\"wp-caption aligncenter\"><a href=\"https:\/\/i0.wp.com\/blogdoeloiltoncajuhy.com.br\/site\/wp-content\/uploads\/2016\/12\/temer-gedel.jpg\"><img data-recalc-dims=\"1\" fetchpriority=\"high\" decoding=\"async\" class=\"wp-image-13944 size-full\" src=\"https:\/\/i0.wp.com\/blogdoeloiltoncajuhy.com.br\/site\/wp-content\/uploads\/2016\/12\/temer-gedel.jpg?resize=800%2C600\" width=\"800\" height=\"600\" srcset=\"https:\/\/i0.wp.com\/blogdoeloiltoncajuhy.com.br\/site\/wp-content\/uploads\/2016\/12\/temer-gedel.jpg?w=800&amp;ssl=1 800w, https:\/\/i0.wp.com\/blogdoeloiltoncajuhy.com.br\/site\/wp-content\/uploads\/2016\/12\/temer-gedel.jpg?resize=300%2C225&amp;ssl=1 300w, https:\/\/i0.wp.com\/blogdoeloiltoncajuhy.com.br\/site\/wp-content\/uploads\/2016\/12\/temer-gedel.jpg?resize=768%2C576&amp;ssl=1 768w, https:\/\/i0.wp.com\/blogdoeloiltoncajuhy.com.br\/site\/wp-content\/uploads\/2016\/12\/temer-gedel.jpg?resize=250%2C188&amp;ssl=1 250w\" sizes=\"(max-width: 800px) 100vw, 800px\" \/><\/a><figcaption id=\"caption-attachment-13944\" class=\"wp-caption-text\">Fotos: Beto Barata\/Presid\u00eancia<\/figcaption><\/figure>\n<p>O nome do presidente Michel Temer aparece 43 vezes no documento do acordo de dela\u00e7\u00e3o premiada de Cl\u00e1udio Melo Filho, ex-vice-presidente de Rela\u00e7\u00f5es Institucionais da Odebrecht.<\/p>\n<p>O ministro da Casa Civil, Eliseu Padilha, \u00e9 mencionado 45 vezes e Moreira Franco, secret\u00e1rio de Parceria e Investimentos do governo Temer, 35.\u00a0O ex-ministro Geddel Vieira Lima, que pediu demiss\u00e3o recentemente, surge em 67 trechos.<\/p>\n<p>O l\u00edder do governo no Congresso, Romero Juc\u00e1 (PMDB-RR), apontado como o &#8220;homem de frente&#8221; das negocia\u00e7\u00f5es da empreiteira no Congresso, tem 105 men\u00e7\u00f5es no relato, um arquivo preliminar, ao qual a Folha teve acesso, do que o ex-executivo vai dizer em depoimento \u00e0s autoridades da Lava Jato.<\/p>\n<p>De acordo com Melo Filho, o presidente Temer atua de forma &#8220;indireta&#8221; na arrecada\u00e7\u00e3o financeira do PMDB, mas teve papel &#8220;relevante&#8221; em 2014, quando, segundo ele, pediu R$ 10 milh\u00f5es a Marcelo Odebrecht para a campanha eleitoral durante jantar no Pal\u00e1cio do Jaburu, em maio de 2014.<\/p>\n<p>Segundo o delator, Temer incumbiu Padilha de operacionalizar pagamentos de campanha. O ministro, diz o ex-executivo, cuidou da distribui\u00e7\u00e3o de R$ 4 milh\u00f5es daqueles R$ 10 milh\u00f5es: &#8220;Foi ele o representante escolhido por Michel Temer \u2013 fato que demonstrava a confian\u00e7a entre os dois \u2013, que recebeu e endere\u00e7ou os pagamentos realizados a pretexto de campanha solicitadas por Michel Temer. Este fato deixa claro seu peso pol\u00edtico, principalmente quando observado pela \u00f3tica do valor do pagamento realizado, na ordem de R$ 4 milh\u00f5es&#8221;.<\/p>\n<p>&#8220;Chegamos no Pal\u00e1cio do Jaburu e fomos recebidos por Eliseu Padilha. Como Michel Temer ainda n\u00e3o tinha chegado, ficamos conversando amenidades em uma sala \u00e0 direita de quem entra na resid\u00eancia pela entrada principal. Acredito que esta sala \u00e9 uma biblioteca&#8221;, disse o delator, que conta detalhes do jantar.<\/p>\n<p>&#8220;Ap\u00f3s a chegada de Michel Temer, sentamos na varanda em cadeiras de couro preto, com estrutura de alum\u00ednio. No jantar, acredito que considerando a import\u00e2ncia do PMDB e a condi\u00e7\u00e3o de possuir o Vice-Presidente da Rep\u00fablica como presidente do referido partido pol\u00edtico, Marcelo Odebrecht definiu que seria feito pagamento no valor de R$ 10 milh\u00f5es&#8221;, diz.<\/p>\n<p>&#8220;Claramente, o local escolhido para a reuni\u00e3o foi uma op\u00e7\u00e3o simb\u00f3lica voltada a dar mais peso ao pedido de repasse financeiro que foi feito naquela ocasi\u00e3o. Inclusive, houve troca de e-mails nos quais Marcelo se referiu \u00e0 ajuda definida no jantar, fazendo refer\u00eancia a Temer como &#8216;MT'&#8221;, ressalta o ex-executivo da Odebrecht.<\/p>\n<p>Um dos endere\u00e7os de entrega foi o escrit\u00f3rio de advocacia de Jos\u00e9 Yunes, atual assessor especial da Presid\u00eancia da Rep\u00fablica.<\/p>\n<p>Segundo o delator, &#8220;o atual presidente da Rep\u00fablica tamb\u00e9m utilizava seus prepostos para atingir interesses pessoais, como no caso dos pagamentos que participei, operacionalizado via Eliseu Padilha&#8221;.<\/p>\n<p>O delator disse que foi apresentado a Temer por Geddel em agosto de 2005 na festa de anivers\u00e1rio de seu pai.<\/p>\n<p>Ao se referir ao ministro Padilha, ele afirma que o hoje ministro &#8220;atua como verdadeiro preposto de Michel Temer e deixa claro que muitas vezes fala em seu nome&#8221;, disse Melo Filho.<\/p>\n<p>&#8220;Eliseu Padilha concentra as arrecada\u00e7\u00f5es financeiras desse n\u00facleo pol\u00edtico do PMDB para posteriores repasses internos&#8221;, afirmou.<\/p>\n<p>A rela\u00e7\u00e3o entre os quatro caciques peemedebistas \u00e9 muito forte, segundo o delator, &#8220;o que confere peso aos pedidos formulados por eles (ministros), pois se sabe que o pleito solicitado em contrapartida (pela empresa) ser\u00e1 atendido tamb\u00e9m por Michel Temer&#8221;.<\/p>\n<p>&#8220;Geddel Vieira Lima tamb\u00e9m possui influ\u00eancia dentro do grupo, interagindo com agentes privados para atender seus pleitos em troca de pagamentos&#8221;, disse o delator.<\/p>\n<p>Melo Filho afirmou que defendia &#8220;vigorosamente&#8221; as solicita\u00e7\u00f5es de pagamento feitas por Geddel junto \u00e0 Odebrecht &#8220;como retribui\u00e7\u00e3o&#8221; pelo fato de o ex-ministro lhe aproximar das outras lideran\u00e7as.<\/p>\n<p>Sobre Juc\u00e1, ele declarou que um &#8220;exemplo&#8221; da for\u00e7a dele \u00e9 &#8220;encontrado no fato de que o gabinete do Senador sempre foi concorrido e frequentado por agentes privados interessados na sua atua\u00e7\u00e3o estrat\u00e9gica&#8221;.<\/p>\n<p>Todos os citados t\u00eam negado qualquer irregularidade na rela\u00e7\u00e3o com a Odebrecht.<\/p>\n<p><em>*Boc\u00e3o News<\/em><\/p>\n","protected":false},"excerpt":{"rendered":"<p>O nome do presidente Michel Temer aparece 43 vezes no documento do acordo de dela\u00e7\u00e3o premiada de Cl\u00e1udio Melo Filho, ex-vice-presidente de Rela\u00e7\u00f5es Institucionais da Odebrecht. O ministro da Casa Civil, Eliseu Padilha, \u00e9 mencionado 45 vezes e Moreira Franco, secret\u00e1rio de Parceria e Investimentos do governo Temer, 35.\u00a0O ex-ministro Geddel Vieira Lima, que pediu [&hellip;]<\/p>\n","protected":false},"author":2,"featured_media":13944,"comment_status":"open","ping_status":"open","sticky":false,"template":"","format":"standard","meta":{"_acf_changed":false,"_monsterinsights_skip_tracking":false,"_monsterinsights_sitenote_active":false,"_monsterinsights_sitenote_note":"","_monsterinsights_sitenote_category":0,"_jetpack_memberships_contains_paid_content":false,"footnotes":"","jetpack_publicize_message":"","jetpack_publicize_feature_enabled":true,"jetpack_social_post_already_shared":true,"jetpack_social_options":{"image_generator_settings":{"template":"highway","default_image_id":0,"font":"","enabled":false},"version":2}},"categories":[1,3],"tags":[],"class_list":["post-13943","post","type-post","status-publish","format-standard","has-post-thumbnail","hentry","category-noticias","category-politica"],"acf":[],"jetpack_publicize_connections":[],"jetpack_featured_media_url":"https:\/\/i0.wp.com\/blogdoeloiltoncajuhy.com.br\/site\/wp-content\/uploads\/2016\/12\/temer-gedel.jpg?fit=800%2C600&ssl=1","jetpack_sharing_enabled":true,"publishpress_future_workflow_manual_trigger":{"enabledWorkflows":[]},"_links":{"self":[{"href":"https:\/\/blogdoeloiltoncajuhy.com.br\/site\/wp-json\/wp\/v2\/posts\/13943","targetHints":{"allow":["GET"]}}],"collection":[{"href":"https:\/\/blogdoeloiltoncajuhy.com.br\/site\/wp-json\/wp\/v2\/posts"}],"about":[{"href":"https:\/\/blogdoeloiltoncajuhy.com.br\/site\/wp-json\/wp\/v2\/types\/post"}],"author":[{"embeddable":true,"href":"https:\/\/blogdoeloiltoncajuhy.com.br\/site\/wp-json\/wp\/v2\/users\/2"}],"replies":[{"embeddable":true,"href":"https:\/\/blogdoeloiltoncajuhy.com.br\/site\/wp-json\/wp\/v2\/comments?post=13943"}],"version-history":[{"count":1,"href":"https:\/\/blogdoeloiltoncajuhy.com.br\/site\/wp-json\/wp\/v2\/posts\/13943\/revisions"}],"predecessor-version":[{"id":13945,"href":"https:\/\/blogdoeloiltoncajuhy.com.br\/site\/wp-json\/wp\/v2\/posts\/13943\/revisions\/13945"}],"wp:featuredmedia":[{"embeddable":true,"href":"https:\/\/blogdoeloiltoncajuhy.com.br\/site\/wp-json\/wp\/v2\/media\/13944"}],"wp:attachment":[{"href":"https:\/\/blogdoeloiltoncajuhy.com.br\/site\/wp-json\/wp\/v2\/media?parent=13943"}],"wp:term":[{"taxonomy":"category","embeddable":true,"href":"https:\/\/blogdoeloiltoncajuhy.com.br\/site\/wp-json\/wp\/v2\/categories?post=13943"},{"taxonomy":"post_tag","embeddable":true,"href":"https:\/\/blogdoeloiltoncajuhy.com.br\/site\/wp-json\/wp\/v2\/tags?post=13943"}],"curies":[{"name":"wp","href":"https:\/\/api.w.org\/{rel}","templated":true}]}}