{"id":13940,"date":"2016-12-10T10:50:05","date_gmt":"2016-12-10T13:50:05","guid":{"rendered":"http:\/\/blogdoeloiltoncajuhy.com.br\/site\/?p=13940"},"modified":"2016-12-10T10:50:05","modified_gmt":"2016-12-10T13:50:05","slug":"esportes-presidente-pede-60-dias-para-remontar-chape-e-conta-como-escolheu-mancini","status":"publish","type":"post","link":"https:\/\/blogdoeloiltoncajuhy.com.br\/site\/esportes-presidente-pede-60-dias-para-remontar-chape-e-conta-como-escolheu-mancini\/","title":{"rendered":"ESPORTES: Presidente pede 60 dias para remontar Chape e conta como escolheu Mancini"},"content":{"rendered":"<figure id=\"attachment_13941\" aria-describedby=\"caption-attachment-13941\" style=\"width: 615px\" class=\"wp-caption aligncenter\"><a href=\"https:\/\/i0.wp.com\/blogdoeloiltoncajuhy.com.br\/site\/wp-content\/uploads\/2016\/12\/ivan-tozzo-novo-presidente-da-chapecoense-ao-lado-do-filho-rafael.jpg\"><img data-recalc-dims=\"1\" fetchpriority=\"high\" decoding=\"async\" class=\"wp-image-13941 size-full\" src=\"https:\/\/i0.wp.com\/blogdoeloiltoncajuhy.com.br\/site\/wp-content\/uploads\/2016\/12\/ivan-tozzo-novo-presidente-da-chapecoense-ao-lado-do-filho-rafael.jpg?resize=615%2C300\" width=\"615\" height=\"300\" srcset=\"https:\/\/i0.wp.com\/blogdoeloiltoncajuhy.com.br\/site\/wp-content\/uploads\/2016\/12\/ivan-tozzo-novo-presidente-da-chapecoense-ao-lado-do-filho-rafael.jpg?w=615&amp;ssl=1 615w, https:\/\/i0.wp.com\/blogdoeloiltoncajuhy.com.br\/site\/wp-content\/uploads\/2016\/12\/ivan-tozzo-novo-presidente-da-chapecoense-ao-lado-do-filho-rafael.jpg?resize=300%2C146&amp;ssl=1 300w, https:\/\/i0.wp.com\/blogdoeloiltoncajuhy.com.br\/site\/wp-content\/uploads\/2016\/12\/ivan-tozzo-novo-presidente-da-chapecoense-ao-lado-do-filho-rafael.jpg?resize=250%2C122&amp;ssl=1 250w\" sizes=\"(max-width: 615px) 100vw, 615px\" \/><\/a><figcaption id=\"caption-attachment-13941\" class=\"wp-caption-text\">Ivan Tozzo, novo presidente da Chapecoense, ao lado do filho Rafael (Foto: Lu\u00edza Oliveira\/Uol Esporte)<\/figcaption><\/figure>\n<p>Vagner Mancini venceu a concorr\u00eancia com Levir Culpi, Ney Franco e Jorginho para assumir a Chapecoense. O treinador foi escolhido pelo presidente, Ivan Tozzo, e pelo l\u00edder do Conselho Deliberativo, Maninho.<\/p>\n<p>Ele ter\u00e1 a miss\u00e3o de reconstruir a equipe que encantava o Brasil, como o pr\u00f3prio comandante afirmou na sua coletiva de apresenta\u00e7\u00e3o. E \u00e9 justamente a compara\u00e7\u00e3o com os jogadores que faleceram que preocupa a diretoria.<\/p>\n<p>Em conversa com o UOL Esporte, Tozzo ainda revelou como\u00a0come\u00e7ar o Estadual e a Primeira Liga, os dois primeiros compromissos da temporada, sem ter um elenco completo e revela que conta com Martinuccio para a pr\u00f3xima temporada, \u00fanico jogador dos que n\u00e3o viajaram que ainda tem contrato em vigor.<\/p>\n<p><em><strong>Confira a entrevista de Tozzo ao UOL Esporte:<\/strong><\/em><\/p>\n<p><strong>UOL Esporte: Como voc\u00ea imagina a reconstru\u00e7\u00e3o dessa equipe?<\/strong><br \/>\n<strong>Ivan Tozzo:<\/strong> O mais importante \u00e9 saber que n\u00e3o tem como comparar com aquela. Eu estava ali todos os dias com eles, trabalhando no dia a dia. Aquele time vai ficar para sempre e um outro que vamos formar. Amigo, igual aquele time&#8230; Era um time vencedor e que Deus chamou para eles irem para o c\u00e9u. N\u00f3s que ficamos vamos precisar honrar o nome deles e da Chapecoense.<\/p>\n<p><strong>UOL Esporte: De onde surgiu o nome do Mancini?<\/strong><br \/>\n<strong>Tozzo:<\/strong> A gente estava conversando de alguns nomes, pensamos inicialmente em quatro nomes. E veio o nome do Vagner como uma luz para a gente. Eu liguei para ele, o Maninho foi at\u00e9 S\u00e3o Paulo e levou um contrato pronto para colocar o nome e o valor e combinamos que ele voltaria aqui para assinar.<\/p>\n<p><strong>UOL Esporte: Quando voc\u00ea imagina ter o elenco completo?<\/strong><br \/>\n<strong>Tozzo:<\/strong> Dentro de 60 dias, teremos 30, 35 jogadores. Agora, precisamos come\u00e7ar o Estadual e a Primeira Liga. N\u00e3o d\u00e1 para contratar todos de uma vez s\u00f3. Vamos contratar, ver onde acerta, onde erra e a\u00ed entrar no Brasileiro com o p\u00e9 direito.<\/p>\n<p><strong>UOL Esporte: Entre os jogadores que ficaram no Brasil, s\u00f3 Martinuccio tem contrato. O acidente pode ajudar a renovar com os outros?<\/strong><br \/>\n<strong>Tozzo:<\/strong> A gente n\u00e3o sentou para analisar os jogadores que sobraram. S\u00f3 o Martinuccio que tem contrato at\u00e9 o fim de 2017. Os outros a gente precisa sentar e ver. Se o pessoal da comiss\u00e3o achar que precisamos renovar, a gente renova.<\/p>\n<p><strong>UOL Esporte: J\u00e1 falaram com o Martinuccio? Como o psicol\u00f3gico dele est\u00e1?<\/strong><br \/>\n<strong>Tozzo:<\/strong> Ele \u00e9 um guri legal, guri bacana. A emo\u00e7\u00e3o tomou conta de todos. Ele \u00e9 irm\u00e3o dos caras e teve um sentimento muito grande, ent\u00e3o n\u00e3o conversamos tanto assim. Mas contratualmente ele tem contrato at\u00e9 2017. Ele est\u00e1 no DM, est\u00e1 tratando e vai voltar com tudo em 2017, com toda a certeza.<\/p>\n<p><strong>UOL Esporte: Como est\u00e1 a negocia\u00e7\u00e3o de os outros clubes emprestarem jogadores?<\/strong><br \/>\n<strong>Tozzo:<\/strong> A gente vai aceitar com certeza. Vamos pedir a rela\u00e7\u00e3o de jogadores dispon\u00edveis e isso vai cair na m\u00e3o dos diretores e do Mancini. E a\u00ed eles veem se \u00e9 neg\u00f3cio. Com certeza vamos precisar disso. J\u00e1 nos telefonaram, avisaram de algumas ajudas, mas ainda n\u00e3o enviaram lista.<\/p>\n<p><em>*UOL Esporte<\/em><\/p>\n","protected":false},"excerpt":{"rendered":"<p>Vagner Mancini venceu a concorr\u00eancia com Levir Culpi, Ney Franco e Jorginho para assumir a Chapecoense. O treinador foi escolhido pelo presidente, Ivan Tozzo, e pelo l\u00edder do Conselho Deliberativo, Maninho. Ele ter\u00e1 a miss\u00e3o de reconstruir a equipe que encantava o Brasil, como o pr\u00f3prio comandante afirmou na sua coletiva de apresenta\u00e7\u00e3o. E \u00e9 [&hellip;]<\/p>\n","protected":false},"author":2,"featured_media":13941,"comment_status":"open","ping_status":"open","sticky":false,"template":"","format":"standard","meta":{"_acf_changed":false,"_monsterinsights_skip_tracking":false,"_monsterinsights_sitenote_active":false,"_monsterinsights_sitenote_note":"","_monsterinsights_sitenote_category":0,"_jetpack_memberships_contains_paid_content":false,"footnotes":"","jetpack_publicize_message":"","jetpack_publicize_feature_enabled":true,"jetpack_social_post_already_shared":true,"jetpack_social_options":{"image_generator_settings":{"template":"highway","default_image_id":0,"font":"","enabled":false},"version":2}},"categories":[6,1],"tags":[],"class_list":["post-13940","post","type-post","status-publish","format-standard","has-post-thumbnail","hentry","category-esportes","category-noticias"],"acf":[],"jetpack_publicize_connections":[],"jetpack_featured_media_url":"https:\/\/i0.wp.com\/blogdoeloiltoncajuhy.com.br\/site\/wp-content\/uploads\/2016\/12\/ivan-tozzo-novo-presidente-da-chapecoense-ao-lado-do-filho-rafael.jpg?fit=615%2C300&ssl=1","jetpack_sharing_enabled":true,"publishpress_future_workflow_manual_trigger":{"enabledWorkflows":[]},"_links":{"self":[{"href":"https:\/\/blogdoeloiltoncajuhy.com.br\/site\/wp-json\/wp\/v2\/posts\/13940","targetHints":{"allow":["GET"]}}],"collection":[{"href":"https:\/\/blogdoeloiltoncajuhy.com.br\/site\/wp-json\/wp\/v2\/posts"}],"about":[{"href":"https:\/\/blogdoeloiltoncajuhy.com.br\/site\/wp-json\/wp\/v2\/types\/post"}],"author":[{"embeddable":true,"href":"https:\/\/blogdoeloiltoncajuhy.com.br\/site\/wp-json\/wp\/v2\/users\/2"}],"replies":[{"embeddable":true,"href":"https:\/\/blogdoeloiltoncajuhy.com.br\/site\/wp-json\/wp\/v2\/comments?post=13940"}],"version-history":[{"count":1,"href":"https:\/\/blogdoeloiltoncajuhy.com.br\/site\/wp-json\/wp\/v2\/posts\/13940\/revisions"}],"predecessor-version":[{"id":13942,"href":"https:\/\/blogdoeloiltoncajuhy.com.br\/site\/wp-json\/wp\/v2\/posts\/13940\/revisions\/13942"}],"wp:featuredmedia":[{"embeddable":true,"href":"https:\/\/blogdoeloiltoncajuhy.com.br\/site\/wp-json\/wp\/v2\/media\/13941"}],"wp:attachment":[{"href":"https:\/\/blogdoeloiltoncajuhy.com.br\/site\/wp-json\/wp\/v2\/media?parent=13940"}],"wp:term":[{"taxonomy":"category","embeddable":true,"href":"https:\/\/blogdoeloiltoncajuhy.com.br\/site\/wp-json\/wp\/v2\/categories?post=13940"},{"taxonomy":"post_tag","embeddable":true,"href":"https:\/\/blogdoeloiltoncajuhy.com.br\/site\/wp-json\/wp\/v2\/tags?post=13940"}],"curies":[{"name":"wp","href":"https:\/\/api.w.org\/{rel}","templated":true}]}}