{"id":13915,"date":"2016-12-07T20:21:24","date_gmt":"2016-12-07T23:21:24","guid":{"rendered":"http:\/\/blogdoeloiltoncajuhy.com.br\/site\/?p=13915"},"modified":"2016-12-07T20:21:24","modified_gmt":"2016-12-07T23:21:24","slug":"politicos-comentam-decisao-do-stf-de-manter-renan-na-presidencia-do-senado","status":"publish","type":"post","link":"https:\/\/blogdoeloiltoncajuhy.com.br\/site\/politicos-comentam-decisao-do-stf-de-manter-renan-na-presidencia-do-senado\/","title":{"rendered":"Pol\u00edticos comentam decis\u00e3o do STF de manter Renan na presid\u00eancia do Senado"},"content":{"rendered":"<p style=\"text-align: center;\"><em><strong>Supremo rejeitou afastar Renan Calheiros do comando da Casa, mas o proibiu de assumir a Presid\u00eancia da Rep\u00fablica<\/strong><\/em><\/p>\n<figure id=\"attachment_13916\" aria-describedby=\"caption-attachment-13916\" style=\"width: 460px\" class=\"wp-caption aligncenter\"><a href=\"https:\/\/i0.wp.com\/blogdoeloiltoncajuhy.com.br\/site\/wp-content\/uploads\/2016\/12\/stf-decidir-afastamento-de-renan-calheiros-da-presidencia-do-senado.jpg\"><img data-recalc-dims=\"1\" fetchpriority=\"high\" decoding=\"async\" class=\"wp-image-13916 size-full\" src=\"https:\/\/i0.wp.com\/blogdoeloiltoncajuhy.com.br\/site\/wp-content\/uploads\/2016\/12\/stf-decidir-afastamento-de-renan-calheiros-da-presidencia-do-senado.jpg?resize=460%2C306\" width=\"460\" height=\"306\" srcset=\"https:\/\/i0.wp.com\/blogdoeloiltoncajuhy.com.br\/site\/wp-content\/uploads\/2016\/12\/stf-decidir-afastamento-de-renan-calheiros-da-presidencia-do-senado.jpg?w=460&amp;ssl=1 460w, https:\/\/i0.wp.com\/blogdoeloiltoncajuhy.com.br\/site\/wp-content\/uploads\/2016\/12\/stf-decidir-afastamento-de-renan-calheiros-da-presidencia-do-senado.jpg?resize=300%2C200&amp;ssl=1 300w, https:\/\/i0.wp.com\/blogdoeloiltoncajuhy.com.br\/site\/wp-content\/uploads\/2016\/12\/stf-decidir-afastamento-de-renan-calheiros-da-presidencia-do-senado.jpg?resize=250%2C166&amp;ssl=1 250w\" sizes=\"(max-width: 460px) 100vw, 460px\" \/><\/a><figcaption id=\"caption-attachment-13916\" class=\"wp-caption-text\">Foto: Marcos Oliveira\/Ag\u00eancia Senado<\/figcaption><\/figure>\n<p>Veja como os pol\u00edticos avaliaram a decis\u00e3o do Supremo Tribunal Federal desta quarta-feira (7) de manter Renan Calheiros (PMDB-AL) na presid\u00eancia do Senado, mesmo ap\u00f3s o ministro da Corte Marco Aur\u00e9lio ter determinado o afastamento do peemedebista do cargo em decis\u00e3o liminar (provis\u00f3ria) no in\u00edcio da semana.<\/p>\n<p>No mesmo julgamento, o STF, por\u00e9m, decidiu que Renan n\u00e3o poder\u00e1 ocupar a Presid\u00eancia da Rep\u00fablica.\u00a0O senador \u00e9 r\u00e9u em um processo na Corte por peculato (desvio de dinheiro p\u00fablico) e a maioria dos ministros do Supremo j\u00e1 votou, em uma a\u00e7\u00e3o, para que r\u00e9u n\u00e3o ocupe cargo na linha sucess\u00f3ria, ou seja, comande o Senado, a C\u00e2mara ou o pr\u00f3prio STF.\u00a0O pr\u00f3prio Renan divulgou uma nota, na qual disse que o Senado aplaude a decis\u00e3o &#8220;patri\u00f3tica&#8221; do Supremo.<\/p>\n<p><em><strong>Repercuss\u00e3o &#8211;\u00a0Leia abaixo o que os pol\u00edticos disseram sobre a decis\u00e3o do STF:<\/strong><\/em><\/p>\n<p><strong>\u00c1lvaro Dias (PR), l\u00edder do PV no Senado<\/strong><br \/>\n&#8220;\u00c9 sempre complexo discutir decis\u00e3o judicial, mas me surpreendo com esta decis\u00e3o parcial, porque ao meu ver, desgasta a institui\u00e7\u00e3o. Embora o prazo do mandato seja de apenas oito dias, porque teremos recesso, \u00e9 uma quest\u00e3o emblem\u00e1tica, que diz respeito \u00e0 ordem estabelecida. Quando n\u00e3o se cumpre decis\u00e3o judicial &#8211; e houve desrespeito -, voc\u00ea passa a ideia da impunidade arrogante e isso enfraquece uma institui\u00e7\u00e3o t\u00e3o importante como o Judici\u00e1rio. \u00c9 evidente que esta decis\u00e3o n\u00e3o fortalece as institui\u00e7\u00f5es&#8221;.<\/p>\n<p><strong>Jorge Viana (PT-AC), vice-presidente do Senado<\/strong><br \/>\n&#8220;Acho que veio a tempo a decis\u00e3o do Supremo. [&#8230;] Agora permite que o presidente Renan se defenda no processo em que ele \u00e9 r\u00e9u, mas siga presidindo o Senado. Temos pouco mais de 40 dias para as pr\u00f3ximas elei\u00e7\u00f5es [para o comando do Senado], ent\u00e3o, o presidente Renan vai deixar o cargo e vou deixar de ser o vice. Ent\u00e3o, acho que \u00e9 melhor para o Brasil que a gente n\u00e3o tenha o risco de mais uma crise neste final de ano&#8221;.<\/p>\n<p><strong>Lasier Martins (PDT-RS), senador<\/strong><br \/>\n&#8220;Respeitadas as articula\u00e7\u00f5es pol\u00edticas sempre poss\u00edveis, e por parte do Renan, mas foi uma acomoda\u00e7\u00e3o do Supremo, uma acomoda\u00e7\u00e3o que conspira contra a pr\u00f3pria jurisprud\u00eancia que eles estavam firmando, naquele julgamento da linha sucess\u00f3ria. E eles agora contrariam a pr\u00f3pria jurisprud\u00eancia esbo\u00e7ada para atender conveni\u00eancias pol\u00edticas, o que \u00e9 lament\u00e1vel. Uma delas [das conveni\u00eancias] para permitir que o Renan termine o mandato. Outra para favorecer ou garantir a pauta de mat\u00e9rias para os \u00faltimos dias, o que estaria sob risco com a presid\u00eancia entregue para um petista [Jorge Viana]&#8221;.<\/p>\n<p><strong>Lindbergh Farias (PT-RJ), l\u00edder da oposi\u00e7\u00e3o no Senado<\/strong><br \/>\n&#8220;Foi uma vergonha, um grande acord\u00e3o por causa da PEC 55 [do teto de gastos p\u00fablicos]. Simples assim, juntaram-se todos, setores da m\u00eddia, mercado financeiro, que disse que as bolsas iam cair, uma chantagem a ministros do STF. Isso porque querem votar a PEC 55 de qualquer forma. Uma vergonha, um acord\u00e3o para aprovarem a PEC 55&#8221;.<\/p>\n<p><strong>Romero Juc\u00e1 (PMDB-RR), senador e l\u00edder do governo no Congresso Nacional<\/strong><br \/>\n&#8220;Sai fortalecida a democracia, o Supremo falou, n\u00f3s respeitamos e, a partir de agora, n\u00f3s vamos votar&#8221;.<\/p>\n<p><strong>Ronaldo Caiado (GO), l\u00edder do DEM no Senado<\/strong><br \/>\n&#8220;Agora o presidente Renan assume a presidente do Senado, mas est\u00e1 exclu\u00eddo da linha sucess\u00f3ria da Presid\u00eancia da Rep\u00fablica. A tese, se \u00e9 correta ou n\u00e3o, n\u00e3o cabe a n\u00f3s fazer ju\u00edzo de uma decis\u00e3o do Supremo. Temos que cumprir. N\u00f3s j\u00e1 temos problemas de sobra, n\u00e3o d\u00e1 para querer polemizar mais ainda. Essa novela tem que ter um fim, chega de tanta crise e de se criar tantas crises. \u00c9 o momento de chegar ao entendimento para super\u00e1-las e trazermos alternativas para uma solu\u00e7\u00e3o&#8221;.<\/p>\n<p><em>*Por Gustavo Garcia, G1, Bras\u00edlia<\/em><\/p>\n","protected":false},"excerpt":{"rendered":"<p>Supremo rejeitou afastar Renan Calheiros do comando da Casa, mas o proibiu de assumir a Presid\u00eancia da Rep\u00fablica Veja como os pol\u00edticos avaliaram a decis\u00e3o do Supremo Tribunal Federal desta quarta-feira (7) de manter Renan Calheiros (PMDB-AL) na presid\u00eancia do Senado, mesmo ap\u00f3s o ministro da Corte Marco Aur\u00e9lio ter determinado o afastamento do peemedebista [&hellip;]<\/p>\n","protected":false},"author":2,"featured_media":13916,"comment_status":"open","ping_status":"open","sticky":false,"template":"","format":"standard","meta":{"_acf_changed":false,"_monsterinsights_skip_tracking":false,"_monsterinsights_sitenote_active":false,"_monsterinsights_sitenote_note":"","_monsterinsights_sitenote_category":0,"_jetpack_memberships_contains_paid_content":false,"footnotes":"","jetpack_publicize_message":"","jetpack_publicize_feature_enabled":true,"jetpack_social_post_already_shared":true,"jetpack_social_options":{"image_generator_settings":{"template":"highway","default_image_id":0,"font":"","enabled":false},"version":2}},"categories":[1,3],"tags":[],"class_list":["post-13915","post","type-post","status-publish","format-standard","has-post-thumbnail","hentry","category-noticias","category-politica"],"acf":[],"jetpack_publicize_connections":[],"jetpack_featured_media_url":"https:\/\/i0.wp.com\/blogdoeloiltoncajuhy.com.br\/site\/wp-content\/uploads\/2016\/12\/stf-decidir-afastamento-de-renan-calheiros-da-presidencia-do-senado.jpg?fit=460%2C306&ssl=1","jetpack_sharing_enabled":true,"publishpress_future_workflow_manual_trigger":{"enabledWorkflows":[]},"_links":{"self":[{"href":"https:\/\/blogdoeloiltoncajuhy.com.br\/site\/wp-json\/wp\/v2\/posts\/13915","targetHints":{"allow":["GET"]}}],"collection":[{"href":"https:\/\/blogdoeloiltoncajuhy.com.br\/site\/wp-json\/wp\/v2\/posts"}],"about":[{"href":"https:\/\/blogdoeloiltoncajuhy.com.br\/site\/wp-json\/wp\/v2\/types\/post"}],"author":[{"embeddable":true,"href":"https:\/\/blogdoeloiltoncajuhy.com.br\/site\/wp-json\/wp\/v2\/users\/2"}],"replies":[{"embeddable":true,"href":"https:\/\/blogdoeloiltoncajuhy.com.br\/site\/wp-json\/wp\/v2\/comments?post=13915"}],"version-history":[{"count":1,"href":"https:\/\/blogdoeloiltoncajuhy.com.br\/site\/wp-json\/wp\/v2\/posts\/13915\/revisions"}],"predecessor-version":[{"id":13917,"href":"https:\/\/blogdoeloiltoncajuhy.com.br\/site\/wp-json\/wp\/v2\/posts\/13915\/revisions\/13917"}],"wp:featuredmedia":[{"embeddable":true,"href":"https:\/\/blogdoeloiltoncajuhy.com.br\/site\/wp-json\/wp\/v2\/media\/13916"}],"wp:attachment":[{"href":"https:\/\/blogdoeloiltoncajuhy.com.br\/site\/wp-json\/wp\/v2\/media?parent=13915"}],"wp:term":[{"taxonomy":"category","embeddable":true,"href":"https:\/\/blogdoeloiltoncajuhy.com.br\/site\/wp-json\/wp\/v2\/categories?post=13915"},{"taxonomy":"post_tag","embeddable":true,"href":"https:\/\/blogdoeloiltoncajuhy.com.br\/site\/wp-json\/wp\/v2\/tags?post=13915"}],"curies":[{"name":"wp","href":"https:\/\/api.w.org\/{rel}","templated":true}]}}