{"id":13911,"date":"2016-12-07T16:13:21","date_gmt":"2016-12-07T19:13:21","guid":{"rendered":"http:\/\/blogdoeloiltoncajuhy.com.br\/site\/?p=13911"},"modified":"2016-12-07T16:13:21","modified_gmt":"2016-12-07T19:13:21","slug":"feira-de-santana-adolescente-mata-a-mae-a-facadas-e-ateia-fogo-no-corpo-da-vitima","status":"publish","type":"post","link":"https:\/\/blogdoeloiltoncajuhy.com.br\/site\/feira-de-santana-adolescente-mata-a-mae-a-facadas-e-ateia-fogo-no-corpo-da-vitima\/","title":{"rendered":"Feira de Santana: Adolescente mata a m\u00e3e a facadas e ateia fogo no corpo da v\u00edtima"},"content":{"rendered":"<p style=\"text-align: center;\"><em><strong>Para justificar fuma\u00e7a na casa, jovem alegou explos\u00e3o de carregador<\/strong><\/em><\/p>\n<figure id=\"attachment_13912\" aria-describedby=\"caption-attachment-13912\" style=\"width: 620px\" class=\"wp-caption aligncenter\"><a href=\"https:\/\/i0.wp.com\/blogdoeloiltoncajuhy.com.br\/site\/wp-content\/uploads\/2016\/12\/crime2.jpg\"><img data-recalc-dims=\"1\" fetchpriority=\"high\" decoding=\"async\" class=\"wp-image-13912 size-full\" src=\"https:\/\/i0.wp.com\/blogdoeloiltoncajuhy.com.br\/site\/wp-content\/uploads\/2016\/12\/crime2.jpg?resize=620%2C465\" alt=\"crime2\" width=\"620\" height=\"465\" srcset=\"https:\/\/i0.wp.com\/blogdoeloiltoncajuhy.com.br\/site\/wp-content\/uploads\/2016\/12\/crime2.jpg?w=620&amp;ssl=1 620w, https:\/\/i0.wp.com\/blogdoeloiltoncajuhy.com.br\/site\/wp-content\/uploads\/2016\/12\/crime2.jpg?resize=300%2C225&amp;ssl=1 300w, https:\/\/i0.wp.com\/blogdoeloiltoncajuhy.com.br\/site\/wp-content\/uploads\/2016\/12\/crime2.jpg?resize=250%2C188&amp;ssl=1 250w\" sizes=\"(max-width: 620px) 100vw, 620px\" \/><\/a><figcaption id=\"caption-attachment-13912\" class=\"wp-caption-text\">Viaturas da pol\u00edcia em frente ao local onde a v\u00edtima foi morta, em Feira (Foto: Divulga\u00e7\u00e3o \/ Pol\u00edcia Civil)<\/figcaption><\/figure>\n<p style=\"text-align: left;\">Uma adolescente de 15 anos \u00e9 suspeita de ter matado a facadas e ateado fogo no corpo da pr\u00f3pria m\u00e3e no munic\u00edpio de Feira de Santana. O caso ocorreu na noite de ter\u00e7a-feira (6), no Residencial Nova Concei\u00e7\u00e3o, no bairro Concei\u00e7\u00e3o.<\/p>\n<p style=\"text-align: left;\">De acordo com a Pol\u00edcia Civil, por meio de informa\u00e7\u00f5es presentes no laudo cadav\u00e9rico, a adolescente contou que saiu da escola por volta das 14h. Ao chegar em casa, relatou que come\u00e7ou a ser xingada pela m\u00e3e, que estaria sob o efeito de medicamentos controlados.\u00a0\u00c0 pol\u00edcia, a filha acrescentou que ambas entraram em luta corporal e que a m\u00e3e teria tentado atingi-la no rosto com uma faca de cozinha. Na briga, disse que ambas acabaram passando pela cozinha, onde tamb\u00e9m pegou uma faca e acertou a m\u00e3e com golpes no pesco\u00e7o e no peito.<\/p>\n<p style=\"text-align: left;\">Em entrevista ao G1, o delegado Fabr\u00edcio Linard disse que a vers\u00e3o da adolescente sobre os golpes que mataram a v\u00edtima n\u00e3o s\u00e3o compat\u00edveis com que o foi constatado no local do homic\u00eddio. &#8220;Essa foi a vers\u00e3o dela, mas a per\u00edcia constatou mais de 40 golpes [de faca]&#8221;, relatou.\u00a0De acordo com a pol\u00edcia, a adolescente ainda ateou fogo na v\u00edtima, que j\u00e1 estava morta, e escondeu o corpo debaixo da cama.\u00a0Os vizinhos teriam estranhado a fuma\u00e7a e ao, sair de casa, a jovem teria relatado que o carregador do celular havia explodido na tomada do quarto.<\/p>\n<p style=\"text-align: left;\">O delegado Fabr\u00edcio Linard detalha que a jovem seguiu para casa de parentes, mas os vizinhos estranharam a vers\u00e3o apresentada e entraram no im\u00f3vel, onde encontraram o corpo da v\u00edtima. Ap\u00f3s ser localizada pela pol\u00edcia, a jovem confessou o assassinato.<\/p>\n<p style=\"text-align: left;\">A adolescente foi apreendida e mantida na Delegacia de Homic\u00eddios, onde aguarda apresenta\u00e7\u00e3o ao Minist\u00e9rio P\u00fablico. O corpo da v\u00edtima, que tinha 36 anos, foi encaminhado para o Departamento de Pol\u00edcia T\u00e9cnica (DPT).<\/p>\n<p style=\"text-align: left;\"><em>*Do G1 Bahia<\/em><\/p>\n","protected":false},"excerpt":{"rendered":"<p>Para justificar fuma\u00e7a na casa, jovem alegou explos\u00e3o de carregador Uma adolescente de 15 anos \u00e9 suspeita de ter matado a facadas e ateado fogo no corpo da pr\u00f3pria m\u00e3e no munic\u00edpio de Feira de Santana. O caso ocorreu na noite de ter\u00e7a-feira (6), no Residencial Nova Concei\u00e7\u00e3o, no bairro Concei\u00e7\u00e3o. De acordo com a [&hellip;]<\/p>\n","protected":false},"author":2,"featured_media":13912,"comment_status":"open","ping_status":"open","sticky":false,"template":"","format":"standard","meta":{"_acf_changed":false,"_monsterinsights_skip_tracking":false,"_monsterinsights_sitenote_active":false,"_monsterinsights_sitenote_note":"","_monsterinsights_sitenote_category":0,"_jetpack_memberships_contains_paid_content":false,"footnotes":"","jetpack_publicize_message":"","jetpack_publicize_feature_enabled":true,"jetpack_social_post_already_shared":true,"jetpack_social_options":{"image_generator_settings":{"template":"highway","default_image_id":0,"font":"","enabled":false},"version":2}},"categories":[5,1],"tags":[],"class_list":["post-13911","post","type-post","status-publish","format-standard","has-post-thumbnail","hentry","category-cotidiano","category-noticias"],"acf":[],"jetpack_publicize_connections":[],"jetpack_featured_media_url":"https:\/\/i0.wp.com\/blogdoeloiltoncajuhy.com.br\/site\/wp-content\/uploads\/2016\/12\/crime2.jpg?fit=620%2C465&ssl=1","jetpack_sharing_enabled":true,"publishpress_future_workflow_manual_trigger":{"enabledWorkflows":[]},"_links":{"self":[{"href":"https:\/\/blogdoeloiltoncajuhy.com.br\/site\/wp-json\/wp\/v2\/posts\/13911","targetHints":{"allow":["GET"]}}],"collection":[{"href":"https:\/\/blogdoeloiltoncajuhy.com.br\/site\/wp-json\/wp\/v2\/posts"}],"about":[{"href":"https:\/\/blogdoeloiltoncajuhy.com.br\/site\/wp-json\/wp\/v2\/types\/post"}],"author":[{"embeddable":true,"href":"https:\/\/blogdoeloiltoncajuhy.com.br\/site\/wp-json\/wp\/v2\/users\/2"}],"replies":[{"embeddable":true,"href":"https:\/\/blogdoeloiltoncajuhy.com.br\/site\/wp-json\/wp\/v2\/comments?post=13911"}],"version-history":[{"count":1,"href":"https:\/\/blogdoeloiltoncajuhy.com.br\/site\/wp-json\/wp\/v2\/posts\/13911\/revisions"}],"predecessor-version":[{"id":13913,"href":"https:\/\/blogdoeloiltoncajuhy.com.br\/site\/wp-json\/wp\/v2\/posts\/13911\/revisions\/13913"}],"wp:featuredmedia":[{"embeddable":true,"href":"https:\/\/blogdoeloiltoncajuhy.com.br\/site\/wp-json\/wp\/v2\/media\/13912"}],"wp:attachment":[{"href":"https:\/\/blogdoeloiltoncajuhy.com.br\/site\/wp-json\/wp\/v2\/media?parent=13911"}],"wp:term":[{"taxonomy":"category","embeddable":true,"href":"https:\/\/blogdoeloiltoncajuhy.com.br\/site\/wp-json\/wp\/v2\/categories?post=13911"},{"taxonomy":"post_tag","embeddable":true,"href":"https:\/\/blogdoeloiltoncajuhy.com.br\/site\/wp-json\/wp\/v2\/tags?post=13911"}],"curies":[{"name":"wp","href":"https:\/\/api.w.org\/{rel}","templated":true}]}}