{"id":13900,"date":"2016-12-07T09:17:24","date_gmt":"2016-12-07T12:17:24","guid":{"rendered":"http:\/\/blogdoeloiltoncajuhy.com.br\/site\/?p=13900"},"modified":"2016-12-07T09:17:24","modified_gmt":"2016-12-07T12:17:24","slug":"bonfim-adiada-para-amanha-reuniao-que-vai-decidir-futuro-do-concurso-da-prefeitura","status":"publish","type":"post","link":"https:\/\/blogdoeloiltoncajuhy.com.br\/site\/bonfim-adiada-para-amanha-reuniao-que-vai-decidir-futuro-do-concurso-da-prefeitura\/","title":{"rendered":"BONFIM: Adiada para amanh\u00e3 reuni\u00e3o que vai decidir futuro do concurso da Prefeitura"},"content":{"rendered":"<p><a href=\"https:\/\/i0.wp.com\/blogdoeloiltoncajuhy.com.br\/site\/wp-content\/uploads\/2015\/06\/Prefeitura.jpg\"><img data-recalc-dims=\"1\" fetchpriority=\"high\" decoding=\"async\" class=\"wp-image-1550 size-medium alignleft\" src=\"https:\/\/i0.wp.com\/blogdoeloiltoncajuhy.com.br\/site\/wp-content\/uploads\/2015\/06\/Prefeitura.jpg?resize=300%2C199\" alt=\"Prefeitura\" width=\"300\" height=\"199\" srcset=\"https:\/\/i0.wp.com\/blogdoeloiltoncajuhy.com.br\/site\/wp-content\/uploads\/2015\/06\/Prefeitura.jpg?resize=300%2C199&amp;ssl=1 300w, https:\/\/i0.wp.com\/blogdoeloiltoncajuhy.com.br\/site\/wp-content\/uploads\/2015\/06\/Prefeitura.jpg?resize=250%2C166&amp;ssl=1 250w, https:\/\/i0.wp.com\/blogdoeloiltoncajuhy.com.br\/site\/wp-content\/uploads\/2015\/06\/Prefeitura.jpg?w=540&amp;ssl=1 540w\" sizes=\"(max-width: 300px) 100vw, 300px\" \/><\/a>Ficou para amanh\u00e3 (08) uma decis\u00e3o sobre o futuro do concurso p\u00fablico realizado domingo passado pela Prefeitura Municipal de Senhor do Bonfim. Uma reuni\u00e3o convocada ontem (06) pelo Promotor de Justi\u00e7a, Dr. Rui Sanches, na Promotoria, terminou sem nenhuma defini\u00e7\u00e3o, uma vez que nenhum representante da Fapes, empresa organizadora do certame, compareceu ao encontro.<\/p>\n<p>De acordo com informa\u00e7\u00f5es do <strong>BLOG MARAVILHA NOT\u00cdCIAS<\/strong>, estiveram presentes na reuni\u00e3o de ontem, o Promotor de Justi\u00e7a, Dr. Rui Sanches, e os delegados Felipe Neri e Leonardo Virg\u00edlio. Dr. Felipe informou que foram registrados dois Boletins de Ocorr\u00eancia (BO), um coletivo e outro individual, por candidatos que tiveram seus hor\u00e1rios de prova alterados, sem comunica\u00e7\u00e3o pr\u00e9via por parte da Fapes, impedindo-os de participar do concurso.<\/p>\n<p>Um v\u00eddeo produzido por candidatos que fizeram a prova em uma das salas da Escola de 1\u00ba Grau de Tijua\u00e7u, denunciando que o pacote das provas chegou ao local aberto, ser\u00e1 analisado com detalhes pelas autoridades, segundo informou o Maravilha Not\u00edcias.<\/p>\n<p>Diante do relato de v\u00e1rios problemas ocorridos durante a realiza\u00e7\u00e3o deste concurso, os candidatos, especialmente os que foram prejudicados pela falta de organiza\u00e7\u00e3o da Fapes, esperam que medidas rigorosas sejam adotadas pelas autoridades.<\/p>\n<p>Um candidato que n\u00e3o fez a prova porque teve seu hor\u00e1rio alterado das 13 para as 7h, sem comunicado pr\u00e9vio, disse que &#8220;ainda acredita que justi\u00e7a ser\u00e1 feita&#8221;.<\/p>\n<p><em>*BLOG DO ELOILTON CAJUHY<\/em><\/p>\n","protected":false},"excerpt":{"rendered":"<p>Ficou para amanh\u00e3 (08) uma decis\u00e3o sobre o futuro do concurso p\u00fablico realizado domingo passado pela Prefeitura Municipal de Senhor do Bonfim. Uma reuni\u00e3o convocada ontem (06) pelo Promotor de Justi\u00e7a, Dr. Rui Sanches, na Promotoria, terminou sem nenhuma defini\u00e7\u00e3o, uma vez que nenhum representante da Fapes, empresa organizadora do certame, compareceu ao encontro. De [&hellip;]<\/p>\n","protected":false},"author":2,"featured_media":0,"comment_status":"open","ping_status":"open","sticky":false,"template":"","format":"standard","meta":{"_acf_changed":false,"_monsterinsights_skip_tracking":false,"_monsterinsights_sitenote_active":false,"_monsterinsights_sitenote_note":"","_monsterinsights_sitenote_category":0,"_jetpack_memberships_contains_paid_content":false,"footnotes":"","jetpack_publicize_message":"","jetpack_publicize_feature_enabled":true,"jetpack_social_post_already_shared":true,"jetpack_social_options":{"image_generator_settings":{"template":"highway","default_image_id":0,"font":"","enabled":false},"version":2}},"categories":[1,3,4],"tags":[],"class_list":["post-13900","post","type-post","status-publish","format-standard","hentry","category-noticias","category-politica","category-local"],"acf":[],"jetpack_publicize_connections":[],"jetpack_featured_media_url":"","jetpack_sharing_enabled":true,"publishpress_future_workflow_manual_trigger":{"enabledWorkflows":[]},"_links":{"self":[{"href":"https:\/\/blogdoeloiltoncajuhy.com.br\/site\/wp-json\/wp\/v2\/posts\/13900","targetHints":{"allow":["GET"]}}],"collection":[{"href":"https:\/\/blogdoeloiltoncajuhy.com.br\/site\/wp-json\/wp\/v2\/posts"}],"about":[{"href":"https:\/\/blogdoeloiltoncajuhy.com.br\/site\/wp-json\/wp\/v2\/types\/post"}],"author":[{"embeddable":true,"href":"https:\/\/blogdoeloiltoncajuhy.com.br\/site\/wp-json\/wp\/v2\/users\/2"}],"replies":[{"embeddable":true,"href":"https:\/\/blogdoeloiltoncajuhy.com.br\/site\/wp-json\/wp\/v2\/comments?post=13900"}],"version-history":[{"count":1,"href":"https:\/\/blogdoeloiltoncajuhy.com.br\/site\/wp-json\/wp\/v2\/posts\/13900\/revisions"}],"predecessor-version":[{"id":13901,"href":"https:\/\/blogdoeloiltoncajuhy.com.br\/site\/wp-json\/wp\/v2\/posts\/13900\/revisions\/13901"}],"wp:attachment":[{"href":"https:\/\/blogdoeloiltoncajuhy.com.br\/site\/wp-json\/wp\/v2\/media?parent=13900"}],"wp:term":[{"taxonomy":"category","embeddable":true,"href":"https:\/\/blogdoeloiltoncajuhy.com.br\/site\/wp-json\/wp\/v2\/categories?post=13900"},{"taxonomy":"post_tag","embeddable":true,"href":"https:\/\/blogdoeloiltoncajuhy.com.br\/site\/wp-json\/wp\/v2\/tags?post=13900"}],"curies":[{"name":"wp","href":"https:\/\/api.w.org\/{rel}","templated":true}]}}