{"id":13893,"date":"2016-12-06T19:36:05","date_gmt":"2016-12-06T22:36:05","guid":{"rendered":"http:\/\/blogdoeloiltoncajuhy.com.br\/site\/?p=13893"},"modified":"2016-12-06T19:36:05","modified_gmt":"2016-12-06T22:36:05","slug":"comece-a-quarta-feira-meditando-pois-o-meu-jugo-e-suave-e-o-meu-fardo-e-leve-mt-1128-30","status":"publish","type":"post","link":"https:\/\/blogdoeloiltoncajuhy.com.br\/site\/comece-a-quarta-feira-meditando-pois-o-meu-jugo-e-suave-e-o-meu-fardo-e-leve-mt-1128-30\/","title":{"rendered":"COMECE A QUARTA-FEIRA MEDITANDO: &#8220;Pois o meu jugo \u00e9 suave e o meu fardo \u00e9 leve&#8221; &#8211; Mt 11,28-30"},"content":{"rendered":"<p><a href=\"https:\/\/i0.wp.com\/blogdoeloiltoncajuhy.com.br\/site\/wp-content\/uploads\/2016\/09\/liturgia_set_16-2.jpg\"><img data-recalc-dims=\"1\" fetchpriority=\"high\" decoding=\"async\" class=\"aligncenter size-full wp-image-12279\" src=\"https:\/\/i0.wp.com\/blogdoeloiltoncajuhy.com.br\/site\/wp-content\/uploads\/2016\/09\/liturgia_set_16-2.jpg?resize=320%2C180\" alt=\"liturgia_set_16-2\" width=\"320\" height=\"180\" srcset=\"https:\/\/i0.wp.com\/blogdoeloiltoncajuhy.com.br\/site\/wp-content\/uploads\/2016\/09\/liturgia_set_16-2.jpg?w=320&amp;ssl=1 320w, https:\/\/i0.wp.com\/blogdoeloiltoncajuhy.com.br\/site\/wp-content\/uploads\/2016\/09\/liturgia_set_16-2.jpg?resize=300%2C169&amp;ssl=1 300w, https:\/\/i0.wp.com\/blogdoeloiltoncajuhy.com.br\/site\/wp-content\/uploads\/2016\/09\/liturgia_set_16-2.jpg?resize=250%2C141&amp;ssl=1 250w\" sizes=\"(max-width: 320px) 100vw, 320px\" \/><\/a>Naquele tempo, tomou Jesus a palavra e disse: \u201cVinde a mim todos v\u00f3s que estais cansados e fatigados sob o peso dos vossos fardos, e eu vos darei descanso. Tomai sobre v\u00f3s o meu jugo e aprendei de mim, porque sou manso e humilde de cora\u00e7\u00e3o, e v\u00f3s encontrareis descanso. Pois o meu jugo \u00e9 suave e o meu fardo \u00e9 leve\u201d.<\/p>\n<p><em>*Can\u00e7\u00e3o Nova<\/em><\/p>\n","protected":false},"excerpt":{"rendered":"<p>Naquele tempo, tomou Jesus a palavra e disse: \u201cVinde a mim todos v\u00f3s que estais cansados e fatigados sob o peso dos vossos fardos, e eu vos darei descanso. Tomai sobre v\u00f3s o meu jugo e aprendei de mim, porque sou manso e humilde de cora\u00e7\u00e3o, e v\u00f3s encontrareis descanso. Pois o meu jugo \u00e9 [&hellip;]<\/p>\n","protected":false},"author":2,"featured_media":0,"comment_status":"open","ping_status":"open","sticky":false,"template":"","format":"standard","meta":{"_acf_changed":false,"_monsterinsights_skip_tracking":false,"_monsterinsights_sitenote_active":false,"_monsterinsights_sitenote_note":"","_monsterinsights_sitenote_category":0,"_jetpack_memberships_contains_paid_content":false,"footnotes":"","jetpack_publicize_message":"","jetpack_publicize_feature_enabled":true,"jetpack_social_post_already_shared":true,"jetpack_social_options":{"image_generator_settings":{"template":"highway","default_image_id":0,"font":"","enabled":false},"version":2}},"categories":[1,9],"tags":[],"class_list":["post-13893","post","type-post","status-publish","format-standard","hentry","category-noticias","category-reflexao"],"acf":[],"jetpack_publicize_connections":[],"jetpack_featured_media_url":"","jetpack_sharing_enabled":true,"publishpress_future_workflow_manual_trigger":{"enabledWorkflows":[]},"_links":{"self":[{"href":"https:\/\/blogdoeloiltoncajuhy.com.br\/site\/wp-json\/wp\/v2\/posts\/13893","targetHints":{"allow":["GET"]}}],"collection":[{"href":"https:\/\/blogdoeloiltoncajuhy.com.br\/site\/wp-json\/wp\/v2\/posts"}],"about":[{"href":"https:\/\/blogdoeloiltoncajuhy.com.br\/site\/wp-json\/wp\/v2\/types\/post"}],"author":[{"embeddable":true,"href":"https:\/\/blogdoeloiltoncajuhy.com.br\/site\/wp-json\/wp\/v2\/users\/2"}],"replies":[{"embeddable":true,"href":"https:\/\/blogdoeloiltoncajuhy.com.br\/site\/wp-json\/wp\/v2\/comments?post=13893"}],"version-history":[{"count":1,"href":"https:\/\/blogdoeloiltoncajuhy.com.br\/site\/wp-json\/wp\/v2\/posts\/13893\/revisions"}],"predecessor-version":[{"id":13894,"href":"https:\/\/blogdoeloiltoncajuhy.com.br\/site\/wp-json\/wp\/v2\/posts\/13893\/revisions\/13894"}],"wp:attachment":[{"href":"https:\/\/blogdoeloiltoncajuhy.com.br\/site\/wp-json\/wp\/v2\/media?parent=13893"}],"wp:term":[{"taxonomy":"category","embeddable":true,"href":"https:\/\/blogdoeloiltoncajuhy.com.br\/site\/wp-json\/wp\/v2\/categories?post=13893"},{"taxonomy":"post_tag","embeddable":true,"href":"https:\/\/blogdoeloiltoncajuhy.com.br\/site\/wp-json\/wp\/v2\/tags?post=13893"}],"curies":[{"name":"wp","href":"https:\/\/api.w.org\/{rel}","templated":true}]}}