{"id":13888,"date":"2016-12-06T18:40:25","date_gmt":"2016-12-06T21:40:25","guid":{"rendered":"http:\/\/blogdoeloiltoncajuhy.com.br\/site\/?p=13888"},"modified":"2016-12-06T18:40:25","modified_gmt":"2016-12-06T21:40:25","slug":"politica-senado-rejeita-decisao-de-ministro-do-stf-e-renan-diz-que-fica-na-presidencia","status":"publish","type":"post","link":"https:\/\/blogdoeloiltoncajuhy.com.br\/site\/politica-senado-rejeita-decisao-de-ministro-do-stf-e-renan-diz-que-fica-na-presidencia\/","title":{"rendered":"POL\u00cdTICA: Senado rejeita decis\u00e3o de ministro do STF, e Renan diz que fica na presid\u00eancia"},"content":{"rendered":"<p><a href=\"https:\/\/i0.wp.com\/blogdoeloiltoncajuhy.com.br\/site\/wp-content\/uploads\/2016\/05\/renan-9-de-maio.jpg\"><img data-recalc-dims=\"1\" fetchpriority=\"high\" decoding=\"async\" class=\"aligncenter size-full wp-image-9578\" src=\"https:\/\/i0.wp.com\/blogdoeloiltoncajuhy.com.br\/site\/wp-content\/uploads\/2016\/05\/renan-9-de-maio.jpg?resize=576%2C264\" alt=\"renan-9 de maio\" width=\"576\" height=\"264\" srcset=\"https:\/\/i0.wp.com\/blogdoeloiltoncajuhy.com.br\/site\/wp-content\/uploads\/2016\/05\/renan-9-de-maio.jpg?w=576&amp;ssl=1 576w, https:\/\/i0.wp.com\/blogdoeloiltoncajuhy.com.br\/site\/wp-content\/uploads\/2016\/05\/renan-9-de-maio.jpg?resize=300%2C138&amp;ssl=1 300w, https:\/\/i0.wp.com\/blogdoeloiltoncajuhy.com.br\/site\/wp-content\/uploads\/2016\/05\/renan-9-de-maio.jpg?resize=250%2C115&amp;ssl=1 250w\" sizes=\"(max-width: 576px) 100vw, 576px\" \/><\/a>A Mesa Diretora do Senado decidiu na tarde desta ter\u00e7a-feira (6) n\u00e3o obedecer a decis\u00e3o liminar do ministro do Supremo Tribunal Federal (STF) Marco Aur\u00e9lio Mello e manter Renan Calheiros (PMDB-AL) na presid\u00eancia do Senado at\u00e9 que o plen\u00e1rio do Supremo julgue em definitivo a delibera\u00e7\u00e3o de Mello. O julgamento deve ser realizado nesta quarta-feira (7).<\/p>\n<p>A decis\u00e3o da c\u00fapula do Senado foi comunicada em carta divulgada \u00e0 imprensa e foi assinada tamb\u00e9m pelo substituto imediato de Renan, o senador Jorge Viana (PT-AC), primeiro vice-presidente do Senado. Os integrantes da Mesa deram um prazo de cinco dias \u00fateis para que Renan apresente sua defesa por escrito.<\/p>\n<p>O presidente do Senado declarou hoje que vai &#8220;aguardar a decis\u00e3o do [plen\u00e1rio do] Supremo&#8221; sobre seu afastamento do cargo. &#8220;H\u00e1 uma decis\u00e3o da Mesa Diretora do Senado que precisa ser observada do ponto de vista da separa\u00e7\u00e3o dos poderes&#8221;, defendeu.<\/p>\n<p>Em um curto pronunciamento, Renan criticou a medida do ministro do STF Marco Aur\u00e9lio Mello de afast\u00e1-lo da presid\u00eancia da Casa. &#8220;Ao tomar uma decis\u00e3o para afastar, a nove dias do t\u00e9rmino do mandato, um presidente do Senado Federal, chefe de um poder, por decis\u00e3o monocr\u00e1tica, a democracia, mesmo no Brasil, n\u00e3o merece esse fim&#8221;.<\/p>\n<p>Um oficial de Justi\u00e7a esperou durante toda a manh\u00e3 para que Renan assinasse a notifica\u00e7\u00e3o sobre seu afastamento, o que acabou n\u00e3o ocorrendo.<\/p>\n<p>O l\u00edder da oposi\u00e7\u00e3o no Senado, Lindbergh Farias (PT-RJ), criticou a decis\u00e3o da Mesa do Senado. &#8220;O recurso da mesa ao inv\u00e9s de ajudar a resolver aumenta muito a confus\u00e3o&#8221;, disse. &#8220;Decis\u00e3o judicial se cumpre&#8221;, completou.<\/p>\n<p>Para o senador Ronaldo Caiado (DEM-GO), o presidente da Casa \u00e9 Jorge Viana. &#8220;No momento que ele [Renan] entrou com recurso, \u00e9 o reconhecimento [da decis\u00e3o]&#8221;, afirmou Caiado. &#8220;N\u00f3s n\u00e3o temos que criar um enfrentamento com o Supremo Tribunal Federal&#8221;, completou Caiado.<\/p>\n<p>&#8220;A decis\u00e3o da Mesa \u00e9 uma caminhada insensata rumo ao abismo&#8221;, afirmou o senador Randolfe Rodrigues (AP), da Rede, partido que pediu o afastamento de Renan.<\/p>\n<p><strong>Renan pode ser preso?<\/strong><\/p>\n<p>Renan Calheiros pode ser preso em flagrante por descumprir a decis\u00e3o liminar do ministro do STF, caso haja um pedido nesse sentido por parte da PGR (Procuradoria-Geral da Rep\u00fablica), disse ao UOL Ivar Hartmann, professor da FGV Direito Rio.<\/p>\n<p>&#8220;Isso \u00e9 descumprimento de ordem judicial. Ele [Renan] poderia ser preso em flagrante, mas algu\u00e9m tem que pedir. A PGR pode pedir, assim como pediu a pris\u00e3o do Delc\u00eddio do Amaral enquanto ele era senador&#8221;, explicou Hartmann.<\/p>\n<p>Segundo a Constitui\u00e7\u00e3o Federal, um senador s\u00f3 pode ser preso em flagrante, e a pris\u00e3o precisa ser referendada pela maioria do plen\u00e1rio da Casa.<\/p>\n<p><em>*Do UOL, em Bras\u00edlia e S\u00e3o Paulo<\/em><\/p>\n","protected":false},"excerpt":{"rendered":"<p>A Mesa Diretora do Senado decidiu na tarde desta ter\u00e7a-feira (6) n\u00e3o obedecer a decis\u00e3o liminar do ministro do Supremo Tribunal Federal (STF) Marco Aur\u00e9lio Mello e manter Renan Calheiros (PMDB-AL) na presid\u00eancia do Senado at\u00e9 que o plen\u00e1rio do Supremo julgue em definitivo a delibera\u00e7\u00e3o de Mello. O julgamento deve ser realizado nesta quarta-feira [&hellip;]<\/p>\n","protected":false},"author":2,"featured_media":0,"comment_status":"open","ping_status":"open","sticky":false,"template":"","format":"standard","meta":{"_acf_changed":false,"_monsterinsights_skip_tracking":false,"_monsterinsights_sitenote_active":false,"_monsterinsights_sitenote_note":"","_monsterinsights_sitenote_category":0,"_jetpack_memberships_contains_paid_content":false,"footnotes":"","jetpack_publicize_message":"","jetpack_publicize_feature_enabled":true,"jetpack_social_post_already_shared":true,"jetpack_social_options":{"image_generator_settings":{"template":"highway","default_image_id":0,"font":"","enabled":false},"version":2}},"categories":[1,3],"tags":[],"class_list":["post-13888","post","type-post","status-publish","format-standard","hentry","category-noticias","category-politica"],"acf":[],"jetpack_publicize_connections":[],"jetpack_featured_media_url":"","jetpack_sharing_enabled":true,"publishpress_future_workflow_manual_trigger":{"enabledWorkflows":[]},"_links":{"self":[{"href":"https:\/\/blogdoeloiltoncajuhy.com.br\/site\/wp-json\/wp\/v2\/posts\/13888","targetHints":{"allow":["GET"]}}],"collection":[{"href":"https:\/\/blogdoeloiltoncajuhy.com.br\/site\/wp-json\/wp\/v2\/posts"}],"about":[{"href":"https:\/\/blogdoeloiltoncajuhy.com.br\/site\/wp-json\/wp\/v2\/types\/post"}],"author":[{"embeddable":true,"href":"https:\/\/blogdoeloiltoncajuhy.com.br\/site\/wp-json\/wp\/v2\/users\/2"}],"replies":[{"embeddable":true,"href":"https:\/\/blogdoeloiltoncajuhy.com.br\/site\/wp-json\/wp\/v2\/comments?post=13888"}],"version-history":[{"count":1,"href":"https:\/\/blogdoeloiltoncajuhy.com.br\/site\/wp-json\/wp\/v2\/posts\/13888\/revisions"}],"predecessor-version":[{"id":13889,"href":"https:\/\/blogdoeloiltoncajuhy.com.br\/site\/wp-json\/wp\/v2\/posts\/13888\/revisions\/13889"}],"wp:attachment":[{"href":"https:\/\/blogdoeloiltoncajuhy.com.br\/site\/wp-json\/wp\/v2\/media?parent=13888"}],"wp:term":[{"taxonomy":"category","embeddable":true,"href":"https:\/\/blogdoeloiltoncajuhy.com.br\/site\/wp-json\/wp\/v2\/categories?post=13888"},{"taxonomy":"post_tag","embeddable":true,"href":"https:\/\/blogdoeloiltoncajuhy.com.br\/site\/wp-json\/wp\/v2\/tags?post=13888"}],"curies":[{"name":"wp","href":"https:\/\/api.w.org\/{rel}","templated":true}]}}