{"id":13882,"date":"2016-12-06T12:34:00","date_gmt":"2016-12-06T15:34:00","guid":{"rendered":"http:\/\/blogdoeloiltoncajuhy.com.br\/site\/?p=13882"},"modified":"2016-12-06T12:34:00","modified_gmt":"2016-12-06T15:34:00","slug":"dancarino-e-morto-em-show-da-banda-a-vingadora","status":"publish","type":"post","link":"https:\/\/blogdoeloiltoncajuhy.com.br\/site\/dancarino-e-morto-em-show-da-banda-a-vingadora\/","title":{"rendered":"Dan\u00e7arino \u00e9 morto em show da banda A Vingadora"},"content":{"rendered":"<p style=\"text-align: center;\"><em><strong>Dan\u00e7arino foi morto durante festa no Coliseu do Forr\u00f3, em Salvador.\u00a0Guarda municipal foi preso suspeito de envolvimento em homic\u00eddio<\/strong><\/em><\/p>\n<figure id=\"attachment_13883\" aria-describedby=\"caption-attachment-13883\" style=\"width: 620px\" class=\"wp-caption aligncenter\"><a href=\"https:\/\/i0.wp.com\/blogdoeloiltoncajuhy.com.br\/site\/wp-content\/uploads\/2016\/12\/coliseu-1.jpg\"><img data-recalc-dims=\"1\" fetchpriority=\"high\" decoding=\"async\" class=\"wp-image-13883 size-full\" src=\"https:\/\/i0.wp.com\/blogdoeloiltoncajuhy.com.br\/site\/wp-content\/uploads\/2016\/12\/coliseu-1.jpg?resize=620%2C465\" alt=\"coliseu-1\" width=\"620\" height=\"465\" srcset=\"https:\/\/i0.wp.com\/blogdoeloiltoncajuhy.com.br\/site\/wp-content\/uploads\/2016\/12\/coliseu-1.jpg?w=620&amp;ssl=1 620w, https:\/\/i0.wp.com\/blogdoeloiltoncajuhy.com.br\/site\/wp-content\/uploads\/2016\/12\/coliseu-1.jpg?resize=300%2C225&amp;ssl=1 300w, https:\/\/i0.wp.com\/blogdoeloiltoncajuhy.com.br\/site\/wp-content\/uploads\/2016\/12\/coliseu-1.jpg?resize=250%2C188&amp;ssl=1 250w\" sizes=\"(max-width: 620px) 100vw, 620px\" \/><\/a><figcaption id=\"caption-attachment-13883\" class=\"wp-caption-text\">V\u00eddeo mostra momento em que s\u00e3o disparados os tiros que mataram dan\u00e7arino em casa de show de Salvador (Foto: Reprodu\u00e7\u00e3o\/Youtube)<\/figcaption><\/figure>\n<p style=\"text-align: left;\">Um v\u00eddeo postado por um internauta mostra o momento da confus\u00e3o ap\u00f3s <strong><a href=\"http:\/\/g1.globo.com\/bahia\/noticia\/2016\/12\/homem-e-morto-apos-festa-em-casa-de-show-no-bairro-de-patamares.html\" target=\"_blank\">os disparos que mataram no \u00faltimo s\u00e1bado (3) o dan\u00e7arino Marcelo Tosta, de 37 anos, na casa de shows Coliseu do Forr\u00f3<\/a><\/strong>, na orla do bairro de Patamares, em\u00a0 Salvador. Nas imagens publicadas no You Tube, \u00e9 poss\u00edvel ver o momento em que a cantora Tays Reis, da banda A Vingadora, que se apresentava no local, \u00e9 retirada do palco antes dos tiros.\u00a0<strong>Veja o v\u00eddeo:<\/strong><\/p>\n<p><iframe title=\"Coliseu confusao\" width=\"800\" height=\"600\" src=\"https:\/\/www.youtube.com\/embed\/DY9msPkT68w?feature=oembed\" frameborder=\"0\" allow=\"accelerometer; autoplay; encrypted-media; gyroscope; picture-in-picture\" allowfullscreen><\/iframe><\/p>\n<p>O v\u00eddeo foi postado na rede social no domingo (4) e, at\u00e9 \u00e0s 22h desta segunda-feira (5), j\u00e1 tinha mais de 11.600 acessos. Nas imagens, tamb\u00e9m \u00e9 poss\u00edvel ouvir uma gritaria ap\u00f3s os tiros.\u00a0De acordo com informa\u00e7\u00f5es da Secretaria de Seguran\u00e7a P\u00fablica da Bahia (SSP-BA), a pol\u00edcia j\u00e1 teve acesso ao v\u00eddeo, que est\u00e1 sendo analisado para ajudar nas investiga\u00e7\u00f5es.<\/p>\n<p>A SSP-BA informou que um guarda municipal que est\u00e1 internado no Hospital Geral do Estado (HGE) foi autuado em flagrante, na tarde de domingo, e \u00e9 suspeito de participar do homic\u00eddio. O guarda foi baleado no joelho.<\/p>\n<figure id=\"attachment_13884\" aria-describedby=\"caption-attachment-13884\" style=\"width: 300px\" class=\"wp-caption aligncenter\"><a href=\"https:\/\/i0.wp.com\/blogdoeloiltoncajuhy.com.br\/site\/wp-content\/uploads\/2016\/12\/coliseu-2.jpg\"><img data-recalc-dims=\"1\" decoding=\"async\" class=\"wp-image-13884 size-full\" src=\"https:\/\/i0.wp.com\/blogdoeloiltoncajuhy.com.br\/site\/wp-content\/uploads\/2016\/12\/coliseu-2.jpg?resize=300%2C225\" alt=\"coliseu-2\" width=\"300\" height=\"225\" srcset=\"https:\/\/i0.wp.com\/blogdoeloiltoncajuhy.com.br\/site\/wp-content\/uploads\/2016\/12\/coliseu-2.jpg?w=300&amp;ssl=1 300w, https:\/\/i0.wp.com\/blogdoeloiltoncajuhy.com.br\/site\/wp-content\/uploads\/2016\/12\/coliseu-2.jpg?resize=250%2C188&amp;ssl=1 250w\" sizes=\"(max-width: 300px) 100vw, 300px\" \/><\/a><figcaption id=\"caption-attachment-13884\" class=\"wp-caption-text\">Marcelo Tosta foi morto a tiros dentro de casa de shows em Salvador (Foto: Reprodu\u00e7\u00e3o\/Facebook)<\/figcaption><\/figure>\n<p>As investiga\u00e7\u00f5es apontam que o guarda, de 30 anos, e um amigo discutiram com Marcelo. Os tr\u00eas trocaram socos e em um determinado momento foram efetuados os disparos contra a v\u00edtima. As investiga\u00e7\u00f5es iniciais apontam que outro homem fez os disparos.<\/p>\n<p>Equipes do Departamento de Homic\u00eddios e Prote\u00e7\u00e3o \u00e0 Pessoa (DHPP) apreenderam uma pistola 380 de uso pessoal do agente municipal, que pode ter sido utilizada no crime.\u00a0Ainda segundo a SSP-BA, o guarda foi ouvido pela segunda vez neste domingo e ele n\u00e3o disse quem participou da briga contra Marcelo. Informou ainda que o suspeito apresentou diversas contradi\u00e7\u00f5es a cada vers\u00e3o contada.<\/p>\n<p>O diretor do DHPP, Jos\u00e9 Bezerra, informou que solicitou ao Departamento de Pol\u00edcia T\u00e9cnica (DPT) exame para saber se o guarda fez disparos recentes com arma de fogo. O procedimento ser\u00e1 realizado pela Coordena\u00e7\u00e3o de Qu\u00edmica, atrav\u00e9s do Microsc\u00f3pio Eletr\u00f4nico de Varredura (MEV).\u00a0O delegado ainda disse que a pol\u00edcia n\u00e3o tem d\u00favida da participa\u00e7\u00e3o de outro homem no assassinato, mas que ele ainda n\u00e3o foi identificado. Marcelo Tosta dos Santos foi enterrado na manh\u00e3 de domingo (4), no Cemit\u00e9rio Bosque da Paz, em Salvador.<\/p>\n<figure id=\"attachment_13885\" aria-describedby=\"caption-attachment-13885\" style=\"width: 300px\" class=\"wp-caption aligncenter\"><a href=\"https:\/\/i0.wp.com\/blogdoeloiltoncajuhy.com.br\/site\/wp-content\/uploads\/2016\/12\/coliseu_3.jpg\"><img data-recalc-dims=\"1\" decoding=\"async\" class=\"wp-image-13885 size-full\" src=\"https:\/\/i0.wp.com\/blogdoeloiltoncajuhy.com.br\/site\/wp-content\/uploads\/2016\/12\/coliseu_3.jpg?resize=300%2C225\" alt=\"coliseu_3\" width=\"300\" height=\"225\" srcset=\"https:\/\/i0.wp.com\/blogdoeloiltoncajuhy.com.br\/site\/wp-content\/uploads\/2016\/12\/coliseu_3.jpg?w=300&amp;ssl=1 300w, https:\/\/i0.wp.com\/blogdoeloiltoncajuhy.com.br\/site\/wp-content\/uploads\/2016\/12\/coliseu_3.jpg?resize=250%2C188&amp;ssl=1 250w\" sizes=\"(max-width: 300px) 100vw, 300px\" \/><\/a><figcaption id=\"caption-attachment-13885\" class=\"wp-caption-text\">Movimenta\u00e7\u00e3o no Coliseu do Forr\u00f3 ap\u00f3s o corrido (Foto: Arquivo Pessoal)<\/figcaption><\/figure>\n<p><strong>Crime<\/strong><\/p>\n<p>Segundo informa\u00e7\u00f5es da pol\u00edcia, o crime ocorreu por volta das 3h da manh\u00e3 de s\u00e1bado. O evento que ocorria no Coliseu do Forr\u00f3 era o lan\u00e7amento do CD da banda A Vingadora, que ficou conhecida nacionalmente com o hit &#8220;Metralhadora&#8221;.\u00a0Uma testemunha que assistia \u00e0 apresenta\u00e7\u00e3o e preferiu n\u00e3o ser identificada, relatou a situa\u00e7\u00e3o ao G1.<\/p>\n<p>&#8220;Primeiro come\u00e7ou uma briga em uma \u00e1rea descoberta [da casa de shows], j\u00e1 perto da praia. Foi confus\u00e3o, empurra-empurra. O cara que foi baleado estava perto de onde vende as fichas para bebida. Nisso, um rapaz de camisa azul tirou a arma que estava na cintura e atirou no cara. Ele estava a dois metros do cara. A v\u00edtima caiu, uma pessoa chegou a abra\u00e7ar o cara no ch\u00e3o, tentando proteger, a\u00ed o cara que estava armado ainda deu um chute na cabe\u00e7a da v\u00edtima e come\u00e7ou a atirar v\u00e1rias vezes no cara que ainda estava no ch\u00e3o&#8221;, relata.<\/p>\n<p>Segundo informa\u00e7\u00f5es da Pol\u00edcia Militar, quando uma equipe da corpora\u00e7\u00e3o chegou ao local, acompanhou o atendimento do Samu, que constatou o \u00f3bito da v\u00edtima e isolou a \u00e1rea at\u00e9 a chegada do Departamento de Pol\u00edcia T\u00e9cnica (DPT), para realiza\u00e7\u00e3o da per\u00edcia.<\/p>\n<p>Ainda de acordo com a testemunha, ap\u00f3s os tiros, todo mundo come\u00e7ou a gritar e a sair da casa de shows correndo para todos os lados. &#8220;Teve gente quebrando a cerca para fugir pela praia&#8221;, contou a testemunha.<\/p>\n<p>Quando come\u00e7ou o tumulto, a banda A Vingadora parou de tocar e saiu do palco imediatamente. Segundo a pol\u00edcia, o criminoso conseguiu fugir em um carro. O grupo fez show para lan\u00e7ar seu novo CD &#8220;Esquenta&#8221;. A vocalista Tays Reis havia convidado para participa\u00e7\u00f5es especiais Mari Antunes do Babado Novo, Lucas e Orelha, Jeanne Lima e do grupo Fitdance. Na hora da confus\u00e3o, apenas o Fitdance j\u00e1 havia subido ao palco.<\/p>\n<figure id=\"attachment_13886\" aria-describedby=\"caption-attachment-13886\" style=\"width: 300px\" class=\"wp-caption aligncenter\"><a href=\"https:\/\/i0.wp.com\/blogdoeloiltoncajuhy.com.br\/site\/wp-content\/uploads\/2016\/12\/vingadora.jpg\"><img data-recalc-dims=\"1\" loading=\"lazy\" decoding=\"async\" class=\"wp-image-13886 size-full\" src=\"https:\/\/i0.wp.com\/blogdoeloiltoncajuhy.com.br\/site\/wp-content\/uploads\/2016\/12\/vingadora.jpg?resize=300%2C225\" alt=\"vingadora\" width=\"300\" height=\"225\" srcset=\"https:\/\/i0.wp.com\/blogdoeloiltoncajuhy.com.br\/site\/wp-content\/uploads\/2016\/12\/vingadora.jpg?w=300&amp;ssl=1 300w, https:\/\/i0.wp.com\/blogdoeloiltoncajuhy.com.br\/site\/wp-content\/uploads\/2016\/12\/vingadora.jpg?resize=250%2C188&amp;ssl=1 250w\" sizes=\"(max-width: 300px) 100vw, 300px\" \/><\/a><figcaption id=\"caption-attachment-13886\" class=\"wp-caption-text\">Cena de clipe da m\u00fasica Pared\u00e3o metralhadora, da banda A Vingadora, com cantora Tays Reis (Foto: Assessoria A Vingadora\/Divulga\u00e7\u00e3o)<\/figcaption><\/figure>\n<p>O Coliseu do Forr\u00f3 e a banda A Vingadora divulgaram comunicados oficiais sobre o ocorrido. Leia na \u00edntegra:<\/p>\n<p><em>&#8220;Comunicado<\/em><br \/>\n<em>O Coliseu do Forr\u00f3 lamenta o tumulto gerado na madrugada deste s\u00e1bado. Como acontece em todos os eventos promovidos pelo Coliseu, a noite contava com uma equipe de seguran\u00e7as e antes de entrar na casa todos passaram por revista, seguindo protocolo adequado. Uma pena um show que seguia sem maiores transtornos acabar desta forma. O estabelecimento se coloca \u00e0 disposi\u00e7\u00e3o da pol\u00edcia para apurar o ocorrido o mais breve poss\u00edvel.\u00a0<\/em><em>Coliseu do Forr\u00f3&#8221;<\/em><\/p>\n<p><em>&#8220;A Banda Vingadora lamenta o tumulto gerado durante apresenta\u00e7\u00e3o em Salvador quando houve o incidente na madrugada deste s\u00e1bado (03). A banda estava no palco e foi surpreendida pela confus\u00e3o. A Banda Vingadora pede que tudo seja devidamente investigado pela pol\u00edcia e apresenta suas sinceras condol\u00eancias aos familiares e amigos da v\u00edtima&#8221;.<\/em><\/p>\n<p><em>*Do G1 BA<\/em><\/p>\n","protected":false},"excerpt":{"rendered":"<p>Dan\u00e7arino foi morto durante festa no Coliseu do Forr\u00f3, em Salvador.\u00a0Guarda municipal foi preso suspeito de envolvimento em homic\u00eddio Um v\u00eddeo postado por um internauta mostra o momento da confus\u00e3o ap\u00f3s os disparos que mataram no \u00faltimo s\u00e1bado (3) o dan\u00e7arino Marcelo Tosta, de 37 anos, na casa de shows Coliseu do Forr\u00f3, na orla [&hellip;]<\/p>\n","protected":false},"author":2,"featured_media":13886,"comment_status":"open","ping_status":"open","sticky":false,"template":"","format":"standard","meta":{"_acf_changed":false,"_monsterinsights_skip_tracking":false,"_monsterinsights_sitenote_active":false,"_monsterinsights_sitenote_note":"","_monsterinsights_sitenote_category":0,"_jetpack_memberships_contains_paid_content":false,"footnotes":"","jetpack_publicize_message":"","jetpack_publicize_feature_enabled":true,"jetpack_social_post_already_shared":true,"jetpack_social_options":{"image_generator_settings":{"template":"highway","default_image_id":0,"font":"","enabled":false},"version":2}},"categories":[5,1],"tags":[],"class_list":["post-13882","post","type-post","status-publish","format-standard","has-post-thumbnail","hentry","category-cotidiano","category-noticias"],"acf":[],"jetpack_publicize_connections":[],"jetpack_featured_media_url":"https:\/\/i0.wp.com\/blogdoeloiltoncajuhy.com.br\/site\/wp-content\/uploads\/2016\/12\/vingadora.jpg?fit=300%2C225&ssl=1","jetpack_sharing_enabled":true,"publishpress_future_workflow_manual_trigger":{"enabledWorkflows":[]},"_links":{"self":[{"href":"https:\/\/blogdoeloiltoncajuhy.com.br\/site\/wp-json\/wp\/v2\/posts\/13882","targetHints":{"allow":["GET"]}}],"collection":[{"href":"https:\/\/blogdoeloiltoncajuhy.com.br\/site\/wp-json\/wp\/v2\/posts"}],"about":[{"href":"https:\/\/blogdoeloiltoncajuhy.com.br\/site\/wp-json\/wp\/v2\/types\/post"}],"author":[{"embeddable":true,"href":"https:\/\/blogdoeloiltoncajuhy.com.br\/site\/wp-json\/wp\/v2\/users\/2"}],"replies":[{"embeddable":true,"href":"https:\/\/blogdoeloiltoncajuhy.com.br\/site\/wp-json\/wp\/v2\/comments?post=13882"}],"version-history":[{"count":1,"href":"https:\/\/blogdoeloiltoncajuhy.com.br\/site\/wp-json\/wp\/v2\/posts\/13882\/revisions"}],"predecessor-version":[{"id":13887,"href":"https:\/\/blogdoeloiltoncajuhy.com.br\/site\/wp-json\/wp\/v2\/posts\/13882\/revisions\/13887"}],"wp:featuredmedia":[{"embeddable":true,"href":"https:\/\/blogdoeloiltoncajuhy.com.br\/site\/wp-json\/wp\/v2\/media\/13886"}],"wp:attachment":[{"href":"https:\/\/blogdoeloiltoncajuhy.com.br\/site\/wp-json\/wp\/v2\/media?parent=13882"}],"wp:term":[{"taxonomy":"category","embeddable":true,"href":"https:\/\/blogdoeloiltoncajuhy.com.br\/site\/wp-json\/wp\/v2\/categories?post=13882"},{"taxonomy":"post_tag","embeddable":true,"href":"https:\/\/blogdoeloiltoncajuhy.com.br\/site\/wp-json\/wp\/v2\/tags?post=13882"}],"curies":[{"name":"wp","href":"https:\/\/api.w.org\/{rel}","templated":true}]}}