{"id":13877,"date":"2016-12-06T10:10:48","date_gmt":"2016-12-06T13:10:48","guid":{"rendered":"http:\/\/blogdoeloiltoncajuhy.com.br\/site\/?p=13877"},"modified":"2016-12-06T10:10:48","modified_gmt":"2016-12-06T13:10:48","slug":"agentes-de-endemias-de-bonfim-realizam-operacao-verao","status":"publish","type":"post","link":"https:\/\/blogdoeloiltoncajuhy.com.br\/site\/agentes-de-endemias-de-bonfim-realizam-operacao-verao\/","title":{"rendered":"Agentes de Endemias de Bonfim realizam &#8220;Opera\u00e7\u00e3o Ver\u00e3o&#8221;"},"content":{"rendered":"<p><a href=\"https:\/\/i0.wp.com\/blogdoeloiltoncajuhy.com.br\/site\/wp-content\/uploads\/2016\/12\/agentes-dez_16-1-e1481029811424.jpg\"><img data-recalc-dims=\"1\" fetchpriority=\"high\" decoding=\"async\" class=\"aligncenter size-full wp-image-13878\" src=\"https:\/\/i0.wp.com\/blogdoeloiltoncajuhy.com.br\/site\/wp-content\/uploads\/2016\/12\/agentes-dez_16-1-e1481029811424.jpg?resize=560%2C315\" alt=\"agentes-dez_16-1\" width=\"560\" height=\"315\" \/><\/a>Come\u00e7ou a &#8220;Opera\u00e7\u00e3o Ver\u00e3o&#8221; de combate \u00e0 Dengue, Zika e Chikungunya em Senhor do Bonfim. De acordo com os Agentes de Endemias do munic\u00edpio, o objetivo da campanha \u00e9 refor\u00e7ar o combate ao Aedes aegypti com a chegada do ver\u00e3o, per\u00edodo em que os mosquitos se proliferam mais rapidamente.<\/p>\n<p>As equipes que executam a\u00e7\u00f5es especiais de pulveriza\u00e7\u00e3o, al\u00e9m de mutir\u00e3o para identificar poss\u00edveis focos dos insetos transmissores da dengue, chikungunya e zika v\u00edrus, divulgaram um cronograma de a\u00e7\u00f5es que ser\u00e3o executadas essa semana.<\/p>\n<p>As estrat\u00e9gias come\u00e7aram nesta segunda-feira (05), nas imedia\u00e7\u00f5es do Terminal Rodovi\u00e1rio e garagem da empresa de transportes Falc\u00e3o Real. Os agentes ter\u00e3o uma aten\u00e7\u00e3o especial nesses espa\u00e7os, por conta de haver uma maior concentra\u00e7\u00e3o de pessoas nesta \u00e9poca do ano, principalmente vindas de outras regi\u00f5es do Brasil.<\/p>\n<p>O espa\u00e7o das antigas instala\u00e7\u00f5es do DERBA tamb\u00e9m receber\u00e1 uma aten\u00e7\u00e3o especial devido ao grande numero de ve\u00edculos estacionados na \u00e1rea interna do im\u00f3vel.<\/p>\n<p>Alem das visitas domiciliares, que consistem em tratar e eliminar poss\u00edveis criadouros com aplica\u00e7\u00e3o de larvicidas casa a casa diariamente, os servi\u00e7os contar\u00e3o tamb\u00e9m com a pulveriza\u00e7\u00e3o, assim como, atendendo den\u00fancias da popula\u00e7\u00e3o em caso suspeito de foco pelos telefones (74) 3541-8270.<\/p>\n<p><em><strong>Para combater os mosquitos os agentes de endemias divulgam as seguintes a\u00e7\u00f5es:<\/strong><\/em><\/p>\n<p><strong>Ter\u00e7a-feira, 06\/12<\/strong><br \/>\nVisitas com tratamento Focal e Peri focal em pontos estrat\u00e9gicos na BR 407, Borracharias, Oficinas, Ferro Velho etc.<\/p>\n<p><strong>Quarta-feira, 07\/12<\/strong><br \/>\nVisitas em pontos estrat\u00e9gicos no centro da cidade, Cemit\u00e9rios, \u00d3rg\u00e3os P\u00fablicos e Terrenos Baldios.<\/p>\n<p><strong>Quinta- feira, 08\/12<\/strong><br \/>\nGrande faxina\u00e7o, nos bairros do Bonfim III e IV, seguindo pelas ruas, Guarany, Caminho 8, Rua do Coqueiro, Rua B, (Nivea Seixas), Rua A (PSF).\u00a0Essas ruas foram selecionadas devido ao alto \u00edndice de infesta\u00e7\u00e3o predial colhido atrav\u00e9s do Levantamento de Indicie R\u00e1pido (LIRA), nas ultimas semanas e um grande acumulo de lixo encontrado na localidade.<\/p>\n<p><a href=\"https:\/\/i0.wp.com\/blogdoeloiltoncajuhy.com.br\/site\/wp-content\/uploads\/2016\/12\/agentes-dez_16-2-e1481029838391.jpg\"><img data-recalc-dims=\"1\" decoding=\"async\" class=\"aligncenter size-full wp-image-13879\" src=\"https:\/\/i0.wp.com\/blogdoeloiltoncajuhy.com.br\/site\/wp-content\/uploads\/2016\/12\/agentes-dez_16-2-e1481029838391.jpg?resize=560%2C315\" alt=\"agentes-dez_16-2\" width=\"560\" height=\"315\" \/><\/a>Para refor\u00e7o nas a\u00e7\u00f5es, foi implantado novamente a Central de Combate ao Aedes, Por meio do telefone (74) 3541-8270, a popula\u00e7\u00e3o bonfinense poder\u00e1 denunciar poss\u00edveis focos do mosquito Aedes e solicitar vistorias por parte dos agentes. O servi\u00e7o funciona de segunda a sexta-feira (exceto feriados), sempre das 8 \u00e0s 17h.<\/p>\n<p>Essas a\u00e7\u00f5es contam com parceria da Secretaria Municipal de Infra-estrutura, Secretaria Municipal de Sa\u00fade, Vigil\u00e2ncia Epidemiol\u00f3gica, Agentes Comunit\u00e1rios de Sa\u00fade (ACS), PSF do Bonfim III e Agentes de Endemias (ACE).<\/p>\n<p>Importante lembrar que esse ser\u00e1 um Ver\u00e3o com a circula\u00e7\u00e3o dos tr\u00eas tipos de v\u00edrus transmitidos pelo Aedes.<\/p>\n<p>Se o mosquito pode matar, ele n\u00e3o pode nascer, combater o Aedes aegypti \u00e9 um dever meu seu e de todos!<\/p>\n","protected":false},"excerpt":{"rendered":"<p>Come\u00e7ou a &#8220;Opera\u00e7\u00e3o Ver\u00e3o&#8221; de combate \u00e0 Dengue, Zika e Chikungunya em Senhor do Bonfim. De acordo com os Agentes de Endemias do munic\u00edpio, o objetivo da campanha \u00e9 refor\u00e7ar o combate ao Aedes aegypti com a chegada do ver\u00e3o, per\u00edodo em que os mosquitos se proliferam mais rapidamente. As equipes que executam a\u00e7\u00f5es especiais [&hellip;]<\/p>\n","protected":false},"author":2,"featured_media":13879,"comment_status":"open","ping_status":"open","sticky":false,"template":"","format":"standard","meta":{"_acf_changed":false,"_monsterinsights_skip_tracking":false,"_monsterinsights_sitenote_active":false,"_monsterinsights_sitenote_note":"","_monsterinsights_sitenote_category":0,"_jetpack_memberships_contains_paid_content":false,"footnotes":"","jetpack_publicize_message":"","jetpack_publicize_feature_enabled":true,"jetpack_social_post_already_shared":true,"jetpack_social_options":{"image_generator_settings":{"template":"highway","default_image_id":0,"font":"","enabled":false},"version":2}},"categories":[1,7,4],"tags":[],"class_list":["post-13877","post","type-post","status-publish","format-standard","has-post-thumbnail","hentry","category-noticias","category-saude","category-local"],"acf":[],"jetpack_publicize_connections":[],"jetpack_featured_media_url":"https:\/\/i0.wp.com\/blogdoeloiltoncajuhy.com.br\/site\/wp-content\/uploads\/2016\/12\/agentes-dez_16-2-e1481029838391.jpg?fit=560%2C315&ssl=1","jetpack_sharing_enabled":true,"publishpress_future_workflow_manual_trigger":{"enabledWorkflows":[]},"_links":{"self":[{"href":"https:\/\/blogdoeloiltoncajuhy.com.br\/site\/wp-json\/wp\/v2\/posts\/13877","targetHints":{"allow":["GET"]}}],"collection":[{"href":"https:\/\/blogdoeloiltoncajuhy.com.br\/site\/wp-json\/wp\/v2\/posts"}],"about":[{"href":"https:\/\/blogdoeloiltoncajuhy.com.br\/site\/wp-json\/wp\/v2\/types\/post"}],"author":[{"embeddable":true,"href":"https:\/\/blogdoeloiltoncajuhy.com.br\/site\/wp-json\/wp\/v2\/users\/2"}],"replies":[{"embeddable":true,"href":"https:\/\/blogdoeloiltoncajuhy.com.br\/site\/wp-json\/wp\/v2\/comments?post=13877"}],"version-history":[{"count":1,"href":"https:\/\/blogdoeloiltoncajuhy.com.br\/site\/wp-json\/wp\/v2\/posts\/13877\/revisions"}],"predecessor-version":[{"id":13880,"href":"https:\/\/blogdoeloiltoncajuhy.com.br\/site\/wp-json\/wp\/v2\/posts\/13877\/revisions\/13880"}],"wp:featuredmedia":[{"embeddable":true,"href":"https:\/\/blogdoeloiltoncajuhy.com.br\/site\/wp-json\/wp\/v2\/media\/13879"}],"wp:attachment":[{"href":"https:\/\/blogdoeloiltoncajuhy.com.br\/site\/wp-json\/wp\/v2\/media?parent=13877"}],"wp:term":[{"taxonomy":"category","embeddable":true,"href":"https:\/\/blogdoeloiltoncajuhy.com.br\/site\/wp-json\/wp\/v2\/categories?post=13877"},{"taxonomy":"post_tag","embeddable":true,"href":"https:\/\/blogdoeloiltoncajuhy.com.br\/site\/wp-json\/wp\/v2\/tags?post=13877"}],"curies":[{"name":"wp","href":"https:\/\/api.w.org\/{rel}","templated":true}]}}