{"id":13869,"date":"2016-12-05T21:04:09","date_gmt":"2016-12-06T00:04:09","guid":{"rendered":"http:\/\/blogdoeloiltoncajuhy.com.br\/site\/?p=13869"},"modified":"2016-12-05T21:04:09","modified_gmt":"2016-12-06T00:04:09","slug":"conselho-de-desenvolvimento-territorial-elege-nova-representacao-dos-territorios","status":"publish","type":"post","link":"https:\/\/blogdoeloiltoncajuhy.com.br\/site\/conselho-de-desenvolvimento-territorial-elege-nova-representacao-dos-territorios\/","title":{"rendered":"Conselho de Desenvolvimento Territorial elege nova representa\u00e7\u00e3o dos Territ\u00f3rios"},"content":{"rendered":"<p style=\"text-align: center;\"><em><strong>Yon Fontes Representar\u00e1 o Territ\u00f3rio Piemonte Norte do Itapicuru &#8211; TIPNI<\/strong><\/em><\/p>\n<p style=\"text-align: left;\"><a href=\"https:\/\/i0.wp.com\/blogdoeloiltoncajuhy.com.br\/site\/wp-content\/uploads\/2016\/12\/Yon.jpg\"><img data-recalc-dims=\"1\" fetchpriority=\"high\" decoding=\"async\" class=\"aligncenter size-full wp-image-13870\" src=\"https:\/\/i0.wp.com\/blogdoeloiltoncajuhy.com.br\/site\/wp-content\/uploads\/2016\/12\/Yon.jpg?resize=659%2C271\" alt=\"yon\" width=\"659\" height=\"271\" srcset=\"https:\/\/i0.wp.com\/blogdoeloiltoncajuhy.com.br\/site\/wp-content\/uploads\/2016\/12\/Yon.jpg?w=659&amp;ssl=1 659w, https:\/\/i0.wp.com\/blogdoeloiltoncajuhy.com.br\/site\/wp-content\/uploads\/2016\/12\/Yon.jpg?resize=300%2C123&amp;ssl=1 300w, https:\/\/i0.wp.com\/blogdoeloiltoncajuhy.com.br\/site\/wp-content\/uploads\/2016\/12\/Yon.jpg?resize=250%2C103&amp;ssl=1 250w\" sizes=\"(max-width: 659px) 100vw, 659px\" \/><\/a>Foram eleitos no\u00a0\u00faltimo dia 28 de novembro, os novos representantes dos Territ\u00f3rios de\u00a0Identidade da Bahia no Conselho Estadual de Desenvolvimento Territorial (CEDETER), durante\u00a0a Confer\u00eancia dos Territ\u00f3rios, realizada no Bahia Rural Contempor\u00e2nea, no Parque de\u00a0Exposi\u00e7\u00f5es de Salvador.<\/p>\n<p style=\"text-align: left;\">O vice-presidente do Conselho e secret\u00e1rio de Desenvolvimento Rural (SDR), Jer\u00f4nimo\u00a0Rodrigues, lembrou que o ex-governador Jaques Wagner abriu a hist\u00f3ria das pol\u00edticas publicas\u00a0para o estado da Bahia virar destaque nesse tema e ressaltou que o governador Rui Costa tem\u00a0feito o papel de ampliar, qualificar e consolidar a pol\u00edtica de desenvolvimento territorial.<\/p>\n<p style=\"text-align: left;\">\u201cA\u00a0disputa do projeto nacional de desenvolvimento nos chama \u00e0 responsabilidade de valorizarmos a\u00a0unidade. Temos que continuar mostrando ao Brasil que somos refer\u00eancia da pol\u00edtica territorial\u201d, disse Jer\u00f4nimo.<\/p>\n<p style=\"text-align: left;\">Os eleitos foram: Regina Dantas, do Sudoeste, Luiza Margareth, do M\u00e9dio Rio de Contas,<br \/>\nValdirene Oliveira, da Bacia do Jacu\u00edpe, Marilanda de Jesus, da Bacia do Paramirim, Laurita<br \/>\nGomes, do Piemonte do Paragua\u00e7u, Rozilene Farias, do Costa do Descobrimento, Pedro dos<br \/>\nAnjos, do Extremo Sul, Carlos Alberto, do Litoral Sul, <strong>Yon Fontes, do Piemonte Norte do<\/strong><br \/>\n<strong>Itapicuru<\/strong>, Vanilton Macedo, do Rio Corrente e Wellington Santos, da Bacia do Rio Grande.<\/p>\n<p style=\"text-align: left;\"><strong>Conselho &#8211;<\/strong> O CEDETER \u00e9 formado por 11 membros da sociedade civil organizada,\u00a0representantes dos Colegiados Territoriais de Desenvolvimento Sustent\u00e1vel (CODETERs) e 11\u00a0representantes da Administra\u00e7\u00e3o P\u00fablica, composta pelas Secretarias do governo estadual, do\u00a0Planejamento, Desenvolvimento Rural, Sa\u00fade, Educa\u00e7\u00e3o, Cultura, Meio Ambiente, Agricultura,\u00a0Pecu\u00e1ria, Irriga\u00e7\u00e3o, Pesca e Aquicultura, Seguran\u00e7a P\u00fablica, Rela\u00e7\u00f5es Institucionais,\u00a0Infraestrutura H\u00eddrica e Saneamento.<\/p>\n<p style=\"text-align: left;\"><em>*Fonte: Secretaria de Desenvolvimento Rural (SDR)<\/em><\/p>\n","protected":false},"excerpt":{"rendered":"<p>Yon Fontes Representar\u00e1 o Territ\u00f3rio Piemonte Norte do Itapicuru &#8211; TIPNI Foram eleitos no\u00a0\u00faltimo dia 28 de novembro, os novos representantes dos Territ\u00f3rios de\u00a0Identidade da Bahia no Conselho Estadual de Desenvolvimento Territorial (CEDETER), durante\u00a0a Confer\u00eancia dos Territ\u00f3rios, realizada no Bahia Rural Contempor\u00e2nea, no Parque de\u00a0Exposi\u00e7\u00f5es de Salvador. O vice-presidente do Conselho e secret\u00e1rio de Desenvolvimento [&hellip;]<\/p>\n","protected":false},"author":2,"featured_media":13870,"comment_status":"open","ping_status":"open","sticky":false,"template":"","format":"standard","meta":{"_acf_changed":false,"_monsterinsights_skip_tracking":false,"_monsterinsights_sitenote_active":false,"_monsterinsights_sitenote_note":"","_monsterinsights_sitenote_category":0,"_jetpack_memberships_contains_paid_content":false,"footnotes":"","jetpack_publicize_message":"","jetpack_publicize_feature_enabled":true,"jetpack_social_post_already_shared":true,"jetpack_social_options":{"image_generator_settings":{"template":"highway","default_image_id":0,"font":"","enabled":false},"version":2}},"categories":[5,1],"tags":[],"class_list":["post-13869","post","type-post","status-publish","format-standard","has-post-thumbnail","hentry","category-cotidiano","category-noticias"],"acf":[],"jetpack_publicize_connections":[],"jetpack_featured_media_url":"https:\/\/i0.wp.com\/blogdoeloiltoncajuhy.com.br\/site\/wp-content\/uploads\/2016\/12\/Yon.jpg?fit=659%2C271&ssl=1","jetpack_sharing_enabled":true,"publishpress_future_workflow_manual_trigger":{"enabledWorkflows":[]},"_links":{"self":[{"href":"https:\/\/blogdoeloiltoncajuhy.com.br\/site\/wp-json\/wp\/v2\/posts\/13869","targetHints":{"allow":["GET"]}}],"collection":[{"href":"https:\/\/blogdoeloiltoncajuhy.com.br\/site\/wp-json\/wp\/v2\/posts"}],"about":[{"href":"https:\/\/blogdoeloiltoncajuhy.com.br\/site\/wp-json\/wp\/v2\/types\/post"}],"author":[{"embeddable":true,"href":"https:\/\/blogdoeloiltoncajuhy.com.br\/site\/wp-json\/wp\/v2\/users\/2"}],"replies":[{"embeddable":true,"href":"https:\/\/blogdoeloiltoncajuhy.com.br\/site\/wp-json\/wp\/v2\/comments?post=13869"}],"version-history":[{"count":1,"href":"https:\/\/blogdoeloiltoncajuhy.com.br\/site\/wp-json\/wp\/v2\/posts\/13869\/revisions"}],"predecessor-version":[{"id":13871,"href":"https:\/\/blogdoeloiltoncajuhy.com.br\/site\/wp-json\/wp\/v2\/posts\/13869\/revisions\/13871"}],"wp:featuredmedia":[{"embeddable":true,"href":"https:\/\/blogdoeloiltoncajuhy.com.br\/site\/wp-json\/wp\/v2\/media\/13870"}],"wp:attachment":[{"href":"https:\/\/blogdoeloiltoncajuhy.com.br\/site\/wp-json\/wp\/v2\/media?parent=13869"}],"wp:term":[{"taxonomy":"category","embeddable":true,"href":"https:\/\/blogdoeloiltoncajuhy.com.br\/site\/wp-json\/wp\/v2\/categories?post=13869"},{"taxonomy":"post_tag","embeddable":true,"href":"https:\/\/blogdoeloiltoncajuhy.com.br\/site\/wp-json\/wp\/v2\/tags?post=13869"}],"curies":[{"name":"wp","href":"https:\/\/api.w.org\/{rel}","templated":true}]}}