{"id":13866,"date":"2016-12-05T19:40:02","date_gmt":"2016-12-05T22:40:02","guid":{"rendered":"http:\/\/blogdoeloiltoncajuhy.com.br\/site\/?p=13866"},"modified":"2016-12-05T19:40:02","modified_gmt":"2016-12-05T22:40:02","slug":"esportes-conmebol-declara-chapecoense-campea-da-copa-sul-americana-de-2016","status":"publish","type":"post","link":"https:\/\/blogdoeloiltoncajuhy.com.br\/site\/esportes-conmebol-declara-chapecoense-campea-da-copa-sul-americana-de-2016\/","title":{"rendered":"ESPORTES: Conmebol declara Chapecoense campe\u00e3 da Copa Sul-Americana de 2016"},"content":{"rendered":"<figure id=\"attachment_13867\" aria-describedby=\"caption-attachment-13867\" style=\"width: 615px\" class=\"wp-caption aligncenter\"><a href=\"https:\/\/i0.wp.com\/blogdoeloiltoncajuhy.com.br\/site\/wp-content\/uploads\/2016\/12\/Chapecoense-campea-sul-americana-de-2016.jpg\"><img data-recalc-dims=\"1\" fetchpriority=\"high\" decoding=\"async\" class=\"wp-image-13867 size-full\" src=\"https:\/\/i0.wp.com\/blogdoeloiltoncajuhy.com.br\/site\/wp-content\/uploads\/2016\/12\/Chapecoense-campea-sul-americana-de-2016.jpg?resize=615%2C470\" alt=\"chapecoense-campea-sul-americana-de-2016\" width=\"615\" height=\"470\" srcset=\"https:\/\/i0.wp.com\/blogdoeloiltoncajuhy.com.br\/site\/wp-content\/uploads\/2016\/12\/Chapecoense-campea-sul-americana-de-2016.jpg?w=615&amp;ssl=1 615w, https:\/\/i0.wp.com\/blogdoeloiltoncajuhy.com.br\/site\/wp-content\/uploads\/2016\/12\/Chapecoense-campea-sul-americana-de-2016.jpg?resize=300%2C229&amp;ssl=1 300w, https:\/\/i0.wp.com\/blogdoeloiltoncajuhy.com.br\/site\/wp-content\/uploads\/2016\/12\/Chapecoense-campea-sul-americana-de-2016.jpg?resize=250%2C191&amp;ssl=1 250w\" sizes=\"(max-width: 615px) 100vw, 615px\" \/><\/a><figcaption id=\"caption-attachment-13867\" class=\"wp-caption-text\">Divulga\u00e7\u00e3o<\/figcaption><\/figure>\n<p>A Conmebol declarou, na tarde desta segunda-feira (05), a Chapecoense campe\u00e3 da Copa Sul-Americana de 2016. O time catarinense disputaria a final do torneio continental com o Atl\u00e9tico Nacional, da Col\u00f4mbia, mas o acidente a\u00e9reo da \u00faltima ter\u00e7a impediu a realiza\u00e7\u00e3o do confronto.<\/p>\n<p>Em decorr\u00eancia do t\u00edtulo, a Chape conquista vaga na fase de grupos da Libertadores de 2017 e arrecada pr\u00eamio de 2 milh\u00f5es de d\u00f3lares (aproximadamente R$ 7 mi). Tamb\u00e9m se classifica para a disputa da pr\u00f3xima Recopa Sul-Americana, na qual enfrentar\u00e1 justamente o Atl\u00e9tico Nacional, totalizando mais US$ 2,8 milh\u00f5es garantidos (quase R$ 10 milh\u00f5es).<\/p>\n<p>&#8220;N\u00f3s vamos ter muitas competi\u00e7\u00f5es para disputar agora e uma premia\u00e7\u00e3o que vai ajudar bastante na reconstru\u00e7\u00e3o. Vamos jogar o Estadual, a Libertadores, o Brasileiro, a Copa do Brasil, a Copa Suruga e a Recopa. S\u00e3o muitas competi\u00e7\u00f5es que a gente precisa se planejar para jogar&#8221;, disse Tozzo em entrevista coletiva.<\/p>\n<p>Al\u00e9m disso, o dirigente informou que a CBF vai fazer uma doa\u00e7\u00e3o de R$ 5 milh\u00f5es para ajudar a equipe. Um amistoso entre a sele\u00e7\u00e3o brasileira e a Col\u00f4mbia tamb\u00e9m est\u00e1 planejado.<\/p>\n<p>Mais cedo, em nota oficial, a Conmebol havia confirmado a premia\u00e7\u00e3o para a Chapecoense. &#8220;A Confedera\u00e7\u00e3o Sul-Americana de Futebol confirma que o conselho da Conmebol, em sua qualidade de autoridade permanente encarregada de cumprir os Estatutos da Institui\u00e7\u00e3o decidiu declarar a Associa\u00e7\u00e3o Chapecoense de Futebol campe\u00e3 da edi\u00e7\u00e3o 2016 da Copa Sul-Americana&#8221;, atesta informa da entidade.<\/p>\n<p>No texto, a Conmebol afirma que o pedido feito pelo Atl\u00e9tico Nacional foi decisivo. J\u00e1 na ter\u00e7a, poucas horas ap\u00f3s o acidente, o pr\u00f3prio Atl\u00e9tico Nacional sugeriu tal desfecho: em carta, pediu para que o clube brasileiro fosse considerado campe\u00e3o.<\/p>\n<p>&#8220;Al\u00e9m de estarmos muito preocupados com o lado humano, pensamos no aspecto competitivo e queremos publicar este comunicado onde o Atl\u00e9tico Nacional convida a Conmebol para que entregue o t\u00edtulo da Copa Sul-Americana \u00e0 Chapecoense como uma homenagem \u00e0 sua grande perda e homenagem p\u00f3stuma \u00e0s v\u00edtimas fatais do acidente que deixa nosso esporte de luto. Da nossa parte, para sempre, Chapecoense campe\u00e3 da Copa Sul-Americana de 2016&#8221;, dizia a peti\u00e7\u00e3o.<\/p>\n<p>A Conmebol tamb\u00e9m informou que entregar\u00e1 o pr\u00eamio &#8220;Centen\u00e1rio Conmebol de Fair Play&#8221;, que vale um milh\u00e3o de d\u00f3lares (aproximadamente R$ 3,5 mi), ao Atl\u00e9tico Nacional.<\/p>\n<p>A final da Sul-Americana seria a primeira decis\u00e3o internacional da hist\u00f3ria da Chapecoense. Na pr\u00f3xima temporada, a equipe estrear\u00e1 em Libertadores.<\/p>\n<p>O desastre a\u00e9reo vitimou 71 das 77 pessoas que estavam no voo sa\u00eddo de Santa Cruz de la Sierra, cidade boliviana, rumo a Medell\u00edn, na Col\u00f4mbia. Dezenove jogadores da Chape morreram no acidente, al\u00e9m de integrantes da diretoria e da comiss\u00e3o t\u00e9cnica &#8211; entre eles o treinador Caio Jr. Tr\u00eas dos sobreviventes s\u00e3o atletas do clube: o goleiro Jackson Follmann, o lateral Alan Ruschel e o zagueiro Neto.<\/p>\n<p><strong>Confira a nota da Conmebol na \u00edntegra<\/strong><\/p>\n<p><em>A Confedera\u00e7\u00e3o Sul-Americana de Futebol confirma que o conselho da Conmebol, em sua qualidade de autoridade permanente encarregada de cumprir os Estatutos da Institui\u00e7\u00e3o decidiu declarar a Associa\u00e7\u00e3o Chapecoense de Futebol campe\u00e3 da edi\u00e7\u00e3o 2016 da Copa Sul-Americana, assim como declarar o Atl\u00e9tico Nacional o reconhecimento extraordin\u00e1rio do pr\u00eamio &#8220;Centen\u00e1rio Conmebol de Fair Play.<\/em><\/p>\n<p><em>1. Na quarta (30 de novembro). a Confedera\u00e7\u00e3o Sul-Americana de Futebol recebeu uma carta do Club Atl\u00e9tico Nacional, dirigida ao senhor Alejandro Dom\u00ednguez, presidente da Conmebol, convidando a Conmebol a &#8220;entregar o t\u00edtulo da Copa Sul-Americana \u00e0 Associa\u00e7\u00e3o Chapecoense de Futebol como homenagem &#8220;\u00e0 sua grande perda e homenagem p\u00f3stuma \u00e0s v\u00edtimas fatais do acidente que enluta nosso esporte&#8221;.<\/em><\/p>\n<p><em>2. Em decorr\u00eancia disse, o Conselho tomou a decis\u00e3o de nomear a Associa\u00e7\u00e3o Chapecoense de Futebol como Campe\u00e3 da Copa Sul-Americana de 2016 com todas as prerrogativas esportivas e econ\u00f4micas que do t\u00edtulo decorrem.<\/em><\/p>\n<p><em>3. Para a Conmebol, n\u00e3o h\u00e1 maior mostra do &#8220;esp\u00edrito de paz, compreens\u00e3o e jogo limpo&#8221;, enunciado como objetivo da nossa Institui\u00e7\u00e3o, que a solidariedade, compreens\u00e3o e respeito exibido pelo Club Atl\u00e9tico Nacional de Colombia com seus irm\u00e3os da Associa\u00e7\u00e3o Chapecoense de Futebol do Brasil.<\/em><\/p>\n<p><em>4. Em raz\u00e3o da peti\u00e7\u00e3o realizada pelo Club Atl\u00e9tico Nacional, que com sua atitude promoveu o esp\u00edrito de paz, compreens\u00e3o e jogo limpo, e em busca de que os valores esportivos prevale\u00e7am sempre sobre os interesses comerciais, o Conselho decidiu por vez declarar o Club Atl\u00e9tico Nacional com o pr\u00eamio &#8220;Centen\u00e1rio Conmebol de Fair Play&#8221;, que consistente em soma de um milh\u00e3o de d\u00f3lares.<\/em><\/p>\n<p><strong><em>*Do UOL, em Chapec\u00f3 (SC)<\/em><\/strong><\/p>\n","protected":false},"excerpt":{"rendered":"<p>A Conmebol declarou, na tarde desta segunda-feira (05), a Chapecoense campe\u00e3 da Copa Sul-Americana de 2016. O time catarinense disputaria a final do torneio continental com o Atl\u00e9tico Nacional, da Col\u00f4mbia, mas o acidente a\u00e9reo da \u00faltima ter\u00e7a impediu a realiza\u00e7\u00e3o do confronto. Em decorr\u00eancia do t\u00edtulo, a Chape conquista vaga na fase de grupos [&hellip;]<\/p>\n","protected":false},"author":2,"featured_media":13867,"comment_status":"open","ping_status":"open","sticky":false,"template":"","format":"standard","meta":{"_acf_changed":false,"_monsterinsights_skip_tracking":false,"_monsterinsights_sitenote_active":false,"_monsterinsights_sitenote_note":"","_monsterinsights_sitenote_category":0,"_jetpack_memberships_contains_paid_content":false,"footnotes":"","jetpack_publicize_message":"","jetpack_publicize_feature_enabled":true,"jetpack_social_post_already_shared":true,"jetpack_social_options":{"image_generator_settings":{"template":"highway","default_image_id":0,"font":"","enabled":false},"version":2}},"categories":[6,1],"tags":[],"class_list":["post-13866","post","type-post","status-publish","format-standard","has-post-thumbnail","hentry","category-esportes","category-noticias"],"acf":[],"jetpack_publicize_connections":[],"jetpack_featured_media_url":"https:\/\/i0.wp.com\/blogdoeloiltoncajuhy.com.br\/site\/wp-content\/uploads\/2016\/12\/Chapecoense-campea-sul-americana-de-2016.jpg?fit=615%2C470&ssl=1","jetpack_sharing_enabled":true,"publishpress_future_workflow_manual_trigger":{"enabledWorkflows":[]},"_links":{"self":[{"href":"https:\/\/blogdoeloiltoncajuhy.com.br\/site\/wp-json\/wp\/v2\/posts\/13866","targetHints":{"allow":["GET"]}}],"collection":[{"href":"https:\/\/blogdoeloiltoncajuhy.com.br\/site\/wp-json\/wp\/v2\/posts"}],"about":[{"href":"https:\/\/blogdoeloiltoncajuhy.com.br\/site\/wp-json\/wp\/v2\/types\/post"}],"author":[{"embeddable":true,"href":"https:\/\/blogdoeloiltoncajuhy.com.br\/site\/wp-json\/wp\/v2\/users\/2"}],"replies":[{"embeddable":true,"href":"https:\/\/blogdoeloiltoncajuhy.com.br\/site\/wp-json\/wp\/v2\/comments?post=13866"}],"version-history":[{"count":1,"href":"https:\/\/blogdoeloiltoncajuhy.com.br\/site\/wp-json\/wp\/v2\/posts\/13866\/revisions"}],"predecessor-version":[{"id":13868,"href":"https:\/\/blogdoeloiltoncajuhy.com.br\/site\/wp-json\/wp\/v2\/posts\/13866\/revisions\/13868"}],"wp:featuredmedia":[{"embeddable":true,"href":"https:\/\/blogdoeloiltoncajuhy.com.br\/site\/wp-json\/wp\/v2\/media\/13867"}],"wp:attachment":[{"href":"https:\/\/blogdoeloiltoncajuhy.com.br\/site\/wp-json\/wp\/v2\/media?parent=13866"}],"wp:term":[{"taxonomy":"category","embeddable":true,"href":"https:\/\/blogdoeloiltoncajuhy.com.br\/site\/wp-json\/wp\/v2\/categories?post=13866"},{"taxonomy":"post_tag","embeddable":true,"href":"https:\/\/blogdoeloiltoncajuhy.com.br\/site\/wp-json\/wp\/v2\/tags?post=13866"}],"curies":[{"name":"wp","href":"https:\/\/api.w.org\/{rel}","templated":true}]}}