{"id":13863,"date":"2016-12-05T19:30:17","date_gmt":"2016-12-05T22:30:17","guid":{"rendered":"http:\/\/blogdoeloiltoncajuhy.com.br\/site\/?p=13863"},"modified":"2016-12-05T19:30:17","modified_gmt":"2016-12-05T22:30:17","slug":"politica-ministro-do-stf-afasta-renan-calheiros-da-presidencia-do-senado","status":"publish","type":"post","link":"https:\/\/blogdoeloiltoncajuhy.com.br\/site\/politica-ministro-do-stf-afasta-renan-calheiros-da-presidencia-do-senado\/","title":{"rendered":"POL\u00cdTICA: Ministro do STF afasta Renan Calheiros da presid\u00eancia do Senado"},"content":{"rendered":"<figure id=\"attachment_13864\" aria-describedby=\"caption-attachment-13864\" style=\"width: 615px\" class=\"wp-caption aligncenter\"><a href=\"https:\/\/i0.wp.com\/blogdoeloiltoncajuhy.com.br\/site\/wp-content\/uploads\/2016\/12\/renan-afastado101.jpg\"><img data-recalc-dims=\"1\" fetchpriority=\"high\" decoding=\"async\" class=\"wp-image-13864 size-full\" src=\"https:\/\/i0.wp.com\/blogdoeloiltoncajuhy.com.br\/site\/wp-content\/uploads\/2016\/12\/renan-afastado101.jpg?resize=615%2C300\" alt=\"renan-afastado101\" width=\"615\" height=\"300\" srcset=\"https:\/\/i0.wp.com\/blogdoeloiltoncajuhy.com.br\/site\/wp-content\/uploads\/2016\/12\/renan-afastado101.jpg?w=615&amp;ssl=1 615w, https:\/\/i0.wp.com\/blogdoeloiltoncajuhy.com.br\/site\/wp-content\/uploads\/2016\/12\/renan-afastado101.jpg?resize=300%2C146&amp;ssl=1 300w, https:\/\/i0.wp.com\/blogdoeloiltoncajuhy.com.br\/site\/wp-content\/uploads\/2016\/12\/renan-afastado101.jpg?resize=250%2C122&amp;ssl=1 250w\" sizes=\"(max-width: 615px) 100vw, 615px\" \/><\/a><figcaption id=\"caption-attachment-13864\" class=\"wp-caption-text\">O presidente do Senado, Renan Calheiros (PMDB-AL), durante sess\u00e3o no plen\u00e1rio (Foto: Alan Marques &#8211; 6.jul.2016\/ Folhapress)<\/figcaption><\/figure>\n<p>O ministro do STF (Supremo Tribunal Federal) Marco Aur\u00e9lio Mello decidiu afastar nesta segunda-feira (5) o senador Renan Calheiros (PMDB-AL) da presid\u00eancia do Senado. A decis\u00e3o mant\u00e9m o mandato do senador.<\/p>\n<p>A decis\u00e3o do ministro Marco Aur\u00e9lio atende a <a href=\"http:\/\/noticias.uol.com.br\/ultimas-noticias\/agencia-estado\/2016\/12\/05\/rede-pede-ao-stf-afastamento-de-renan-da-presidencia-do-senado.htm\"><strong>a\u00e7\u00e3o movida pelo partido Rede Sustentabilidade<\/strong><\/a>.\u00a0O argumento \u00e9 o de que Renan n\u00e3o poderia permanecer na linha de substitui\u00e7\u00e3o do presidente da Rep\u00fablica sendo r\u00e9u em processo criminal.<\/p>\n<p>&#8220;Defiro a liminar pleiteada. Fa\u00e7o-o para afastar n\u00e3o do exerc\u00edcio do mandato de senador, outorgado pelo povo alagoano, mas do cargo de presidente do Senado o senador Renan Calheiros. Com a urg\u00eancia que o caso requer, deem cumprimento, por mandado, sob as penas da lei, a esta decis\u00e3o. Publiquem&#8221;, diz decis\u00e3o do ministro.<\/p>\n<p>Na semana passada, <a href=\"http:\/\/noticias.uol.com.br\/politica\/ultimas-noticias\/2016\/12\/01\/relator-no-stf-vota-a-favor-de-que-renan-vire-reu-por-desvio-de-dinheiro-publico.htm\"><strong>o STF decidiu abrir processo e transformar Renan em r\u00e9u pelo crime de peculato (desvio de dinheiro p\u00fablico)<\/strong><\/a>.<\/p>\n<p>A decis\u00e3o pelo afastamento \u00e9 liminar, ou seja, foi concedida numa primeira an\u00e1lise do processo pelo ministro mas ainda precisa ser confirmada em julgamento pelos 11 ministros do Supremo. Ainda n\u00e3o h\u00e1 previs\u00e3o de quando o processo ser\u00e1 julgado em definitivo.<\/p>\n<p>O mandato de Renan \u00e0 frente da presid\u00eancia terminaria em fevereiro mas, na pr\u00e1tica, ele exerceria o comando do Senado apenas at\u00e9 o final deste m\u00eas, quando o Congresso deve entrar em recesso.<\/p>\n<p>O afastamento do senador pode causar instabilidade pol\u00edtica para a aprova\u00e7\u00e3o de projetos importantes para o governo do presidente Michel Temer (PMDB).<\/p>\n<p>Na ter\u00e7a-feira (13) da pr\u00f3xima semana est\u00e1 na pauta do Senado a vota\u00e7\u00e3o em segundo turno da PEC (Proposta de Emenda \u00e0 Constitui\u00e7\u00e3o) do Teto de Gastos P\u00fablicos, apresentada como a principal medida do governo Temer para combater a crise na economia.<\/p>\n<p>Com o afastamento de Renan, deve assumir a condu\u00e7\u00e3o do Senado o 1\u00ba vice-presidente, o senador Jorge Viana (PT-AC), de partido de oposi\u00e7\u00e3o ao governo Temer.<\/p>\n<p>A reportagem do UOL entrou em contato por telefone com a assessoria de Renan Calheiros, que informou n\u00e3o ter, at\u00e9 o momento, nenhum posicionamento dele em rela\u00e7\u00e3o \u00e0 decis\u00e3o do STF.<\/p>\n<p><em>*Do UOL, em Bras\u00edlia<\/em><\/p>\n","protected":false},"excerpt":{"rendered":"<p>O ministro do STF (Supremo Tribunal Federal) Marco Aur\u00e9lio Mello decidiu afastar nesta segunda-feira (5) o senador Renan Calheiros (PMDB-AL) da presid\u00eancia do Senado. A decis\u00e3o mant\u00e9m o mandato do senador. A decis\u00e3o do ministro Marco Aur\u00e9lio atende a a\u00e7\u00e3o movida pelo partido Rede Sustentabilidade.\u00a0O argumento \u00e9 o de que Renan n\u00e3o poderia permanecer na [&hellip;]<\/p>\n","protected":false},"author":2,"featured_media":13864,"comment_status":"open","ping_status":"open","sticky":false,"template":"","format":"standard","meta":{"_acf_changed":false,"_monsterinsights_skip_tracking":false,"_monsterinsights_sitenote_active":false,"_monsterinsights_sitenote_note":"","_monsterinsights_sitenote_category":0,"_jetpack_memberships_contains_paid_content":false,"footnotes":"","jetpack_publicize_message":"","jetpack_publicize_feature_enabled":true,"jetpack_social_post_already_shared":true,"jetpack_social_options":{"image_generator_settings":{"template":"highway","default_image_id":0,"font":"","enabled":false},"version":2}},"categories":[1,3],"tags":[],"class_list":["post-13863","post","type-post","status-publish","format-standard","has-post-thumbnail","hentry","category-noticias","category-politica"],"acf":[],"jetpack_publicize_connections":[],"jetpack_featured_media_url":"https:\/\/i0.wp.com\/blogdoeloiltoncajuhy.com.br\/site\/wp-content\/uploads\/2016\/12\/renan-afastado101.jpg?fit=615%2C300&ssl=1","jetpack_sharing_enabled":true,"publishpress_future_workflow_manual_trigger":{"enabledWorkflows":[]},"_links":{"self":[{"href":"https:\/\/blogdoeloiltoncajuhy.com.br\/site\/wp-json\/wp\/v2\/posts\/13863","targetHints":{"allow":["GET"]}}],"collection":[{"href":"https:\/\/blogdoeloiltoncajuhy.com.br\/site\/wp-json\/wp\/v2\/posts"}],"about":[{"href":"https:\/\/blogdoeloiltoncajuhy.com.br\/site\/wp-json\/wp\/v2\/types\/post"}],"author":[{"embeddable":true,"href":"https:\/\/blogdoeloiltoncajuhy.com.br\/site\/wp-json\/wp\/v2\/users\/2"}],"replies":[{"embeddable":true,"href":"https:\/\/blogdoeloiltoncajuhy.com.br\/site\/wp-json\/wp\/v2\/comments?post=13863"}],"version-history":[{"count":1,"href":"https:\/\/blogdoeloiltoncajuhy.com.br\/site\/wp-json\/wp\/v2\/posts\/13863\/revisions"}],"predecessor-version":[{"id":13865,"href":"https:\/\/blogdoeloiltoncajuhy.com.br\/site\/wp-json\/wp\/v2\/posts\/13863\/revisions\/13865"}],"wp:featuredmedia":[{"embeddable":true,"href":"https:\/\/blogdoeloiltoncajuhy.com.br\/site\/wp-json\/wp\/v2\/media\/13864"}],"wp:attachment":[{"href":"https:\/\/blogdoeloiltoncajuhy.com.br\/site\/wp-json\/wp\/v2\/media?parent=13863"}],"wp:term":[{"taxonomy":"category","embeddable":true,"href":"https:\/\/blogdoeloiltoncajuhy.com.br\/site\/wp-json\/wp\/v2\/categories?post=13863"},{"taxonomy":"post_tag","embeddable":true,"href":"https:\/\/blogdoeloiltoncajuhy.com.br\/site\/wp-json\/wp\/v2\/tags?post=13863"}],"curies":[{"name":"wp","href":"https:\/\/api.w.org\/{rel}","templated":true}]}}