{"id":13858,"date":"2016-12-05T10:08:18","date_gmt":"2016-12-05T13:08:18","guid":{"rendered":"http:\/\/blogdoeloiltoncajuhy.com.br\/site\/?p=13858"},"modified":"2016-12-05T10:08:18","modified_gmt":"2016-12-05T13:08:18","slug":"opiniao-temer-teve-o-que-mereceu-em-chapeco-o-desprezo-silencioso","status":"publish","type":"post","link":"https:\/\/blogdoeloiltoncajuhy.com.br\/site\/opiniao-temer-teve-o-que-mereceu-em-chapeco-o-desprezo-silencioso\/","title":{"rendered":"OPINI\u00c3O &#8211; Temer teve o que mereceu em Chapec\u00f3: o desprezo silencioso"},"content":{"rendered":"<p style=\"text-align: right;\"><em><strong>*Por Paulo Nogueira<\/strong><\/em><\/p>\n<p><a href=\"https:\/\/i0.wp.com\/blogdoeloiltoncajuhy.com.br\/site\/wp-content\/uploads\/2016\/12\/michel-temer-chapeco-01.jpg\"><img data-recalc-dims=\"1\" fetchpriority=\"high\" decoding=\"async\" class=\"aligncenter size-full wp-image-13859\" src=\"https:\/\/i0.wp.com\/blogdoeloiltoncajuhy.com.br\/site\/wp-content\/uploads\/2016\/12\/michel-temer-chapeco-01.jpg?resize=600%2C400\" alt=\"michel-temer-chapeco-01\" width=\"600\" height=\"400\" \/><\/a>O que \u00e9 pior: ser vaiado ou desprezado? Ser apupado ou ignorado?\u00a0N\u00e3o s\u00e3o quest\u00f5es f\u00e1ceis estas que devem estar ocorrendo agora a Michel Temer.\u00a0Para resumir, pode-se dizer que ele teve o que merecia nesta s\u00e1bado (03) em Chapec\u00f3.<\/p>\n<p>Depois de uma s\u00e9rie de idas e vindas, em que o p\u00e2nico das vaias falou alto para sua alma medrosa como de h\u00e1bito, ele decidiu ir ao est\u00e1dio de Chapec\u00f3 para as homenagens \u00e0s v\u00edtimas da trag\u00e9dia.<\/p>\n<p>Seu nome foi anunciado. Nenhuma manifesta\u00e7\u00e3o. Nem vaia, nem aplauso. Foi como se tivessem dado a hora.\u00a0O nome do embaixador da Col\u00f4mbia foi anunciado: palmas. Palmas de p\u00e9.\u00a0O contraste foi humilhante para Temer. Foi um sil\u00eancio gritante.<\/p>\n<p>Se tinham vontade de vaiar Temer, os presentes ao est\u00e1dio deram uma li\u00e7\u00e3o de civilidade e humanidade. N\u00e3o era, definitivamente, hora de misturar pol\u00edtica e tributo. Cada coisa tem sua hora e seu lugar.<\/p>\n<p>Vaiar Temer seria desrespeitar muito mais as v\u00edtimas da trag\u00e9dia do que o pr\u00f3prio Temer.\u00a0O sil\u00eancio foi um gesto de grandeza da multid\u00e3o. Ao mesmo tempo, foi mais uma prova de que Temer \u00e9 menor que os brasileiros.\u00a0Muito menor.<\/p>\n<p><em><strong>*Paulo Nogueira &#8211; \u00c9 jornalista, fundador e diretor editorial do site de not\u00edcias e an\u00e1lises Di\u00e1rio do Centro do Mundo<\/strong><\/em><\/p>\n","protected":false},"excerpt":{"rendered":"<p>*Por Paulo Nogueira O que \u00e9 pior: ser vaiado ou desprezado? Ser apupado ou ignorado?\u00a0N\u00e3o s\u00e3o quest\u00f5es f\u00e1ceis estas que devem estar ocorrendo agora a Michel Temer.\u00a0Para resumir, pode-se dizer que ele teve o que merecia nesta s\u00e1bado (03) em Chapec\u00f3. Depois de uma s\u00e9rie de idas e vindas, em que o p\u00e2nico das vaias [&hellip;]<\/p>\n","protected":false},"author":2,"featured_media":13859,"comment_status":"open","ping_status":"open","sticky":false,"template":"","format":"standard","meta":{"_acf_changed":false,"_monsterinsights_skip_tracking":false,"_monsterinsights_sitenote_active":false,"_monsterinsights_sitenote_note":"","_monsterinsights_sitenote_category":0,"_jetpack_memberships_contains_paid_content":false,"footnotes":"","jetpack_publicize_message":"","jetpack_publicize_feature_enabled":true,"jetpack_social_post_already_shared":true,"jetpack_social_options":{"image_generator_settings":{"template":"highway","default_image_id":0,"font":"","enabled":false},"version":2}},"categories":[1,3],"tags":[],"class_list":["post-13858","post","type-post","status-publish","format-standard","has-post-thumbnail","hentry","category-noticias","category-politica"],"acf":[],"jetpack_publicize_connections":[],"jetpack_featured_media_url":"https:\/\/i0.wp.com\/blogdoeloiltoncajuhy.com.br\/site\/wp-content\/uploads\/2016\/12\/michel-temer-chapeco-01-e1494887378794.jpg?fit=500%2C333&ssl=1","jetpack_sharing_enabled":true,"publishpress_future_workflow_manual_trigger":{"enabledWorkflows":[]},"_links":{"self":[{"href":"https:\/\/blogdoeloiltoncajuhy.com.br\/site\/wp-json\/wp\/v2\/posts\/13858","targetHints":{"allow":["GET"]}}],"collection":[{"href":"https:\/\/blogdoeloiltoncajuhy.com.br\/site\/wp-json\/wp\/v2\/posts"}],"about":[{"href":"https:\/\/blogdoeloiltoncajuhy.com.br\/site\/wp-json\/wp\/v2\/types\/post"}],"author":[{"embeddable":true,"href":"https:\/\/blogdoeloiltoncajuhy.com.br\/site\/wp-json\/wp\/v2\/users\/2"}],"replies":[{"embeddable":true,"href":"https:\/\/blogdoeloiltoncajuhy.com.br\/site\/wp-json\/wp\/v2\/comments?post=13858"}],"version-history":[{"count":1,"href":"https:\/\/blogdoeloiltoncajuhy.com.br\/site\/wp-json\/wp\/v2\/posts\/13858\/revisions"}],"predecessor-version":[{"id":13860,"href":"https:\/\/blogdoeloiltoncajuhy.com.br\/site\/wp-json\/wp\/v2\/posts\/13858\/revisions\/13860"}],"wp:featuredmedia":[{"embeddable":true,"href":"https:\/\/blogdoeloiltoncajuhy.com.br\/site\/wp-json\/wp\/v2\/media\/13859"}],"wp:attachment":[{"href":"https:\/\/blogdoeloiltoncajuhy.com.br\/site\/wp-json\/wp\/v2\/media?parent=13858"}],"wp:term":[{"taxonomy":"category","embeddable":true,"href":"https:\/\/blogdoeloiltoncajuhy.com.br\/site\/wp-json\/wp\/v2\/categories?post=13858"},{"taxonomy":"post_tag","embeddable":true,"href":"https:\/\/blogdoeloiltoncajuhy.com.br\/site\/wp-json\/wp\/v2\/tags?post=13858"}],"curies":[{"name":"wp","href":"https:\/\/api.w.org\/{rel}","templated":true}]}}