{"id":13856,"date":"2016-12-05T09:59:17","date_gmt":"2016-12-05T12:59:17","guid":{"rendered":"http:\/\/blogdoeloiltoncajuhy.com.br\/site\/?p=13856"},"modified":"2016-12-05T09:59:17","modified_gmt":"2016-12-05T12:59:17","slug":"empresa-que-organizou-o-concurso-da-prefeitura-de-bonfim-divulga-nota-de-esclarecimento","status":"publish","type":"post","link":"https:\/\/blogdoeloiltoncajuhy.com.br\/site\/empresa-que-organizou-o-concurso-da-prefeitura-de-bonfim-divulga-nota-de-esclarecimento\/","title":{"rendered":"Empresa que organizou o concurso da Prefeitura de Bonfim divulga nota de esclarecimento"},"content":{"rendered":"<p><a href=\"https:\/\/i0.wp.com\/blogdoeloiltoncajuhy.com.br\/site\/wp-content\/uploads\/2016\/09\/nota-de-esclarecimento-e1473718150436.jpg\"><img data-recalc-dims=\"1\" fetchpriority=\"high\" decoding=\"async\" class=\"aligncenter size-full wp-image-12240\" src=\"https:\/\/i0.wp.com\/blogdoeloiltoncajuhy.com.br\/site\/wp-content\/uploads\/2016\/09\/nota-de-esclarecimento-e1473718150436.jpg?resize=480%2C261\" alt=\"nota-de-esclarecimento\" width=\"480\" height=\"261\" \/><\/a>A Fapes, empresa respons\u00e1vel pela realiza\u00e7\u00e3o do concurso p\u00fablico da Prefeitura Municipal de Senhor do Bonfim, divulgou na noite deste domingo (04), uma nota de esclarecimento sobre o fato ocorrido na Escola de 1\u00ba Grau de Tijua\u00e7u, onde candidatos denunciaram, inclusive atrav\u00e9s de v\u00eddeo, que o pacote contendo as provas foi violado.<\/p>\n<p>A nota est\u00e1 sendo divulgada em papel sem timbre e sem a assinatura do respons\u00e1vel pela empresa e se refere apenas ao caso registrado em Tijua\u00e7u. <strong>Confira:<\/strong><\/p>\n<p style=\"text-align: center;\"><strong>NOTA DE ESCLARECIMENTO<\/strong><\/p>\n<p style=\"text-align: left;\"><em>A Funda\u00e7\u00e3o de Administra\u00e7\u00e3o e Pesquisa Ec\u00f4nomico-Social \u2013 FAPES vem a p\u00fablico prestar esclarecimentos sobre o fato ocorrido esta manh\u00e3, durante a aplica\u00e7\u00e3o das provas\u00a0de N\u00edveis M\u00e9dio e Fundamental, do Concurso P\u00fablico de Senhor do Bonfim e verificado\u00a0numa \u00fanica sala de realiza\u00e7\u00e3o das provas na Escola Municipal de 1\u00ba Grau de Tijua\u00e7u.<\/em><\/p>\n<p style=\"text-align: left;\"><em>N\u00e3o houve, em momento algum, viola\u00e7\u00e3o da embalagem de prova. Simplesmente, a\u00a0embalagem utilizada, n\u00e3o estava com a aba auto-colante totalmente fixada, conforme\u00a0demonstrado pelo fiscal de sala aos candidatos. Nesse momento alguns candidatos se\u00a0exaltaram, inclusive descumprindo regras edital\u00edcias, no que se refere ao uso de aparelho\u00a0celular durante a aplica\u00e7\u00e3o das provas, inclusive com a utiliza\u00e7\u00e3o de celulares para\u00a0fotografar a embalagem das provas.<\/em><\/p>\n<p style=\"text-align: left;\"><em>O fato foi contornado pelo Coordenador de aplica\u00e7\u00e3o de provas presente na Escola\u00a0Municipal de 1\u00ba Grau de Tijua\u00e7u e foram prestados os devidos esclarecimentos aos\u00a0candidatos presentes. O fato foi relatado na ata da sala respectiva e onde aconteceu este\u00a0pequeno incidente, cujo documento foi assinado pelo Coordenador, pelo fiscal de sala e\u00a0por dois candidatos presentes e participantes da referida prova, bem como na ata geral\u00a0das provas realizadas, documentos que ser\u00e3o analisados pela FAPES oportunamente e, se\u00a0necess\u00e1rio, o fato ser\u00e1 objeto de uma posterior manifesta\u00e7\u00e3o da entidade.<\/em><\/p>\n<p style=\"text-align: left;\"><em>Por fim, \u00e9 necess\u00e1ria a lembran\u00e7a de que todos os candidatos inclu\u00eddos na lista da sala de\u00a0provas onde aconteceu este pequeno incidente participaram da prova ali realizada, bem\u00a0como a circunst\u00e2ncia de que o fato n\u00e3o significa nem traduz a evid\u00eancia de qualquer ato\u00a0de viola\u00e7\u00e3o das regras do concurso.<\/em><\/p>\n<p style=\"text-align: left;\"><em>*BLOG DO ELOILTON CAJUHY<\/em><\/p>\n","protected":false},"excerpt":{"rendered":"<p>A Fapes, empresa respons\u00e1vel pela realiza\u00e7\u00e3o do concurso p\u00fablico da Prefeitura Municipal de Senhor do Bonfim, divulgou na noite deste domingo (04), uma nota de esclarecimento sobre o fato ocorrido na Escola de 1\u00ba Grau de Tijua\u00e7u, onde candidatos denunciaram, inclusive atrav\u00e9s de v\u00eddeo, que o pacote contendo as provas foi violado. A nota est\u00e1 [&hellip;]<\/p>\n","protected":false},"author":2,"featured_media":0,"comment_status":"open","ping_status":"open","sticky":false,"template":"","format":"standard","meta":{"_acf_changed":false,"_monsterinsights_skip_tracking":false,"_monsterinsights_sitenote_active":false,"_monsterinsights_sitenote_note":"","_monsterinsights_sitenote_category":0,"_jetpack_memberships_contains_paid_content":false,"footnotes":"","jetpack_publicize_message":"","jetpack_publicize_feature_enabled":true,"jetpack_social_post_already_shared":true,"jetpack_social_options":{"image_generator_settings":{"template":"highway","default_image_id":0,"font":"","enabled":false},"version":2}},"categories":[1,4],"tags":[],"class_list":["post-13856","post","type-post","status-publish","format-standard","hentry","category-noticias","category-local"],"acf":[],"jetpack_publicize_connections":[],"jetpack_featured_media_url":"","jetpack_sharing_enabled":true,"publishpress_future_workflow_manual_trigger":{"enabledWorkflows":[]},"_links":{"self":[{"href":"https:\/\/blogdoeloiltoncajuhy.com.br\/site\/wp-json\/wp\/v2\/posts\/13856","targetHints":{"allow":["GET"]}}],"collection":[{"href":"https:\/\/blogdoeloiltoncajuhy.com.br\/site\/wp-json\/wp\/v2\/posts"}],"about":[{"href":"https:\/\/blogdoeloiltoncajuhy.com.br\/site\/wp-json\/wp\/v2\/types\/post"}],"author":[{"embeddable":true,"href":"https:\/\/blogdoeloiltoncajuhy.com.br\/site\/wp-json\/wp\/v2\/users\/2"}],"replies":[{"embeddable":true,"href":"https:\/\/blogdoeloiltoncajuhy.com.br\/site\/wp-json\/wp\/v2\/comments?post=13856"}],"version-history":[{"count":1,"href":"https:\/\/blogdoeloiltoncajuhy.com.br\/site\/wp-json\/wp\/v2\/posts\/13856\/revisions"}],"predecessor-version":[{"id":13857,"href":"https:\/\/blogdoeloiltoncajuhy.com.br\/site\/wp-json\/wp\/v2\/posts\/13856\/revisions\/13857"}],"wp:attachment":[{"href":"https:\/\/blogdoeloiltoncajuhy.com.br\/site\/wp-json\/wp\/v2\/media?parent=13856"}],"wp:term":[{"taxonomy":"category","embeddable":true,"href":"https:\/\/blogdoeloiltoncajuhy.com.br\/site\/wp-json\/wp\/v2\/categories?post=13856"},{"taxonomy":"post_tag","embeddable":true,"href":"https:\/\/blogdoeloiltoncajuhy.com.br\/site\/wp-json\/wp\/v2\/tags?post=13856"}],"curies":[{"name":"wp","href":"https:\/\/api.w.org\/{rel}","templated":true}]}}