{"id":13852,"date":"2016-12-04T21:33:43","date_gmt":"2016-12-05T00:33:43","guid":{"rendered":"http:\/\/blogdoeloiltoncajuhy.com.br\/site\/?p=13852"},"modified":"2016-12-04T21:33:43","modified_gmt":"2016-12-05T00:33:43","slug":"bonfim-candidatos-relatam-desorganizacao-no-concurso-da-prefeitura","status":"publish","type":"post","link":"https:\/\/blogdoeloiltoncajuhy.com.br\/site\/bonfim-candidatos-relatam-desorganizacao-no-concurso-da-prefeitura\/","title":{"rendered":"BONFIM: Candidatos relatam desorganiza\u00e7\u00e3o no concurso da prefeitura"},"content":{"rendered":"<p><a href=\"https:\/\/i0.wp.com\/blogdoeloiltoncajuhy.com.br\/site\/wp-content\/uploads\/2015\/04\/Prefeitura-de-Bonfim.jpg\"><img data-recalc-dims=\"1\" fetchpriority=\"high\" decoding=\"async\" class=\"size-full wp-image-34 alignright\" src=\"https:\/\/i0.wp.com\/blogdoeloiltoncajuhy.com.br\/site\/wp-content\/uploads\/2015\/04\/Prefeitura-de-Bonfim.jpg?resize=259%2C194\" alt=\"Prefeitura de Bonfim\" width=\"259\" height=\"194\" srcset=\"https:\/\/i0.wp.com\/blogdoeloiltoncajuhy.com.br\/site\/wp-content\/uploads\/2015\/04\/Prefeitura-de-Bonfim.jpg?w=259&amp;ssl=1 259w, https:\/\/i0.wp.com\/blogdoeloiltoncajuhy.com.br\/site\/wp-content\/uploads\/2015\/04\/Prefeitura-de-Bonfim.jpg?resize=250%2C187&amp;ssl=1 250w\" sizes=\"(max-width: 259px) 100vw, 259px\" \/><\/a>V\u00e1rios candidatos que fizeram o concurso p\u00fablico da Prefeitura de Senhor do Bonfim, neste domingo (04), ficaram revoltados com a desorganiza\u00e7\u00e3o do certame. Alguns usaram as redes sociais para relatar fatos graves ocorridos durante a prova.<\/p>\n<p>Um v\u00eddeo que circula pelo Facebook e WhatsApp, feito por candidatos, mostra o pacote com as provas com o lacre violado. O fato teria acontecido na Escola de 1\u00ba Grau de Tijua\u00e7u. V<strong>eja o v\u00eddeo abaixo, com o flagrante de um candidato:<\/strong><\/p>\n<p><iframe title=\"Concurso v\u00eddeo\" width=\"800\" height=\"450\" src=\"https:\/\/www.youtube.com\/embed\/wAEWUrhsWhA?feature=oembed\" frameborder=\"0\" allow=\"accelerometer; autoplay; encrypted-media; gyroscope; picture-in-picture\" allowfullscreen><\/iframe><\/p>\n<p>Fomos informados que o aplicador da prova garantiu que o fato seria relatado em ata.<\/p>\n<p>V\u00e1rios candidatos que fariam a prova no hor\u00e1rio das 13h, conforme estava postado no site da organizadora, a Fapes, perderam o concurso porque foram informados no local das provas que o hor\u00e1rio havia sido mudado para o turno matutino. Segundo informa\u00e7\u00f5es chegadas \u00e0 nossa reda\u00e7\u00e3o, 5 pessoas que foram prejudicadas por conta deste problema, foram ao Complexo Policial de Senhor do Bonfim prestar queixa.<\/p>\n<p>O\u00a0candidato Andr\u00e9 Bonfim, que faria o concurso para o cargo de Auxiliar Administrativo, havia feito o print, a partir do site da Fapes, no in\u00edcio da semana, e viu que o hor\u00e1rio de sua prova seria \u00e0s 13h. Hoje, por volta das 7:20h, ao acessar novamente o mesmo site, descobriu que o hor\u00e1rio havia mudado para as 8h. Como ele faria a prova no distrito de Igara, n\u00e3o havia mais tempo h\u00e1bil para chegar ao local.<\/p>\n<p><strong>Veja nas imagens abaixo:<\/strong><\/p>\n<p><a href=\"https:\/\/i0.wp.com\/blogdoeloiltoncajuhy.com.br\/site\/wp-content\/uploads\/2016\/12\/binsk1-e1480897895217.jpg\"><img data-recalc-dims=\"1\" decoding=\"async\" class=\"aligncenter size-full wp-image-13853\" src=\"https:\/\/i0.wp.com\/blogdoeloiltoncajuhy.com.br\/site\/wp-content\/uploads\/2016\/12\/binsk1-e1480897895217.jpg?resize=600%2C375\" alt=\"binsk1\" width=\"600\" height=\"375\" \/><\/a><a href=\"https:\/\/i0.wp.com\/blogdoeloiltoncajuhy.com.br\/site\/wp-content\/uploads\/2016\/12\/binsk2-e1480897935630.jpg\"><img data-recalc-dims=\"1\" decoding=\"async\" class=\"aligncenter size-full wp-image-13854\" src=\"https:\/\/i0.wp.com\/blogdoeloiltoncajuhy.com.br\/site\/wp-content\/uploads\/2016\/12\/binsk2-e1480897935630.jpg?resize=600%2C374\" alt=\"binsk2\" width=\"600\" height=\"374\" \/><\/a><\/p>\n<p>Ainda tivemos conhecimento de problemas como endere\u00e7os de locais de provas errados e nome de escolas que n\u00e3o existem. Nas Casas Populares, por exemplo, alguns candidatos fizeram a prova na Escola Dr. Jos\u00e9 Gon\u00e7alves, porque n\u00e3o localizaram a escola cujo nome constava no cart\u00e3o de inscri\u00e7\u00e3o.<\/p>\n<p>O Promotor de Justi\u00e7a da Comarca de Senhor do Bonfim, Dr. Rui Sanches, que, numa entrevista \u00e0 R\u00e1dio Rainha FM, garantiu que os candidatos poderiam ficar tranquilos, pois o concurso era seguro, certamente, ter\u00e1 um abacaxi para descascar diante de tantos problemas causados durante a realiza\u00e7\u00e3o das provas.<\/p>\n<p><em>*BLOG DO ELOILTON CAJUHY<\/em><\/p>\n","protected":false},"excerpt":{"rendered":"<p>V\u00e1rios candidatos que fizeram o concurso p\u00fablico da Prefeitura de Senhor do Bonfim, neste domingo (04), ficaram revoltados com a desorganiza\u00e7\u00e3o do certame. Alguns usaram as redes sociais para relatar fatos graves ocorridos durante a prova. Um v\u00eddeo que circula pelo Facebook e WhatsApp, feito por candidatos, mostra o pacote com as provas com o [&hellip;]<\/p>\n","protected":false},"author":2,"featured_media":13854,"comment_status":"open","ping_status":"open","sticky":false,"template":"","format":"standard","meta":{"_acf_changed":false,"_monsterinsights_skip_tracking":false,"_monsterinsights_sitenote_active":false,"_monsterinsights_sitenote_note":"","_monsterinsights_sitenote_category":0,"_jetpack_memberships_contains_paid_content":false,"footnotes":"","jetpack_publicize_message":"","jetpack_publicize_feature_enabled":true,"jetpack_social_post_already_shared":true,"jetpack_social_options":{"image_generator_settings":{"template":"highway","default_image_id":0,"font":"","enabled":false},"version":2}},"categories":[1,3,4],"tags":[],"class_list":["post-13852","post","type-post","status-publish","format-standard","has-post-thumbnail","hentry","category-noticias","category-politica","category-local"],"acf":[],"jetpack_publicize_connections":[],"jetpack_featured_media_url":"https:\/\/i0.wp.com\/blogdoeloiltoncajuhy.com.br\/site\/wp-content\/uploads\/2016\/12\/binsk2-e1480897935630.jpg?fit=600%2C374&ssl=1","jetpack_sharing_enabled":true,"publishpress_future_workflow_manual_trigger":{"enabledWorkflows":[]},"_links":{"self":[{"href":"https:\/\/blogdoeloiltoncajuhy.com.br\/site\/wp-json\/wp\/v2\/posts\/13852","targetHints":{"allow":["GET"]}}],"collection":[{"href":"https:\/\/blogdoeloiltoncajuhy.com.br\/site\/wp-json\/wp\/v2\/posts"}],"about":[{"href":"https:\/\/blogdoeloiltoncajuhy.com.br\/site\/wp-json\/wp\/v2\/types\/post"}],"author":[{"embeddable":true,"href":"https:\/\/blogdoeloiltoncajuhy.com.br\/site\/wp-json\/wp\/v2\/users\/2"}],"replies":[{"embeddable":true,"href":"https:\/\/blogdoeloiltoncajuhy.com.br\/site\/wp-json\/wp\/v2\/comments?post=13852"}],"version-history":[{"count":1,"href":"https:\/\/blogdoeloiltoncajuhy.com.br\/site\/wp-json\/wp\/v2\/posts\/13852\/revisions"}],"predecessor-version":[{"id":13855,"href":"https:\/\/blogdoeloiltoncajuhy.com.br\/site\/wp-json\/wp\/v2\/posts\/13852\/revisions\/13855"}],"wp:featuredmedia":[{"embeddable":true,"href":"https:\/\/blogdoeloiltoncajuhy.com.br\/site\/wp-json\/wp\/v2\/media\/13854"}],"wp:attachment":[{"href":"https:\/\/blogdoeloiltoncajuhy.com.br\/site\/wp-json\/wp\/v2\/media?parent=13852"}],"wp:term":[{"taxonomy":"category","embeddable":true,"href":"https:\/\/blogdoeloiltoncajuhy.com.br\/site\/wp-json\/wp\/v2\/categories?post=13852"},{"taxonomy":"post_tag","embeddable":true,"href":"https:\/\/blogdoeloiltoncajuhy.com.br\/site\/wp-json\/wp\/v2\/tags?post=13852"}],"curies":[{"name":"wp","href":"https:\/\/api.w.org\/{rel}","templated":true}]}}