{"id":13839,"date":"2016-12-04T12:17:29","date_gmt":"2016-12-04T15:17:29","guid":{"rendered":"http:\/\/blogdoeloiltoncajuhy.com.br\/site\/?p=13839"},"modified":"2016-12-04T12:17:29","modified_gmt":"2016-12-04T15:17:29","slug":"policia-de-juazeiro-desarticula-quadrilha-que-agia-em-toda-a-bahia","status":"publish","type":"post","link":"https:\/\/blogdoeloiltoncajuhy.com.br\/site\/policia-de-juazeiro-desarticula-quadrilha-que-agia-em-toda-a-bahia\/","title":{"rendered":"Pol\u00edcia de Juazeiro desarticula quadrilha que agia em toda a Bahia"},"content":{"rendered":"<p><a href=\"https:\/\/i0.wp.com\/blogdoeloiltoncajuhy.com.br\/site\/wp-content\/uploads\/2016\/12\/quadrilha-juazeiro.jpg\"><img data-recalc-dims=\"1\" fetchpriority=\"high\" decoding=\"async\" class=\"aligncenter size-full wp-image-13840\" src=\"https:\/\/i0.wp.com\/blogdoeloiltoncajuhy.com.br\/site\/wp-content\/uploads\/2016\/12\/quadrilha-juazeiro.jpg?resize=412%2C514\" alt=\"quadrilha-juazeiro\" width=\"412\" height=\"514\" srcset=\"https:\/\/i0.wp.com\/blogdoeloiltoncajuhy.com.br\/site\/wp-content\/uploads\/2016\/12\/quadrilha-juazeiro.jpg?w=412&amp;ssl=1 412w, https:\/\/i0.wp.com\/blogdoeloiltoncajuhy.com.br\/site\/wp-content\/uploads\/2016\/12\/quadrilha-juazeiro.jpg?resize=240%2C300&amp;ssl=1 240w, https:\/\/i0.wp.com\/blogdoeloiltoncajuhy.com.br\/site\/wp-content\/uploads\/2016\/12\/quadrilha-juazeiro.jpg?resize=200%2C250&amp;ssl=1 200w\" sizes=\"(max-width: 412px) 100vw, 412px\" \/><\/a>Na tarde da \u00faltima sexta-feira (02), uma equipe da RONDESP Norte abordou um ve\u00edculo VW GOL G5, cor vermelha, placa NYR-4776, de Feira de Santana-BA, que trafegava na Av. Raul Alves, bairro Santo Antonio, em Juazeiro. Quando percebeu a ordem de parada o carona identificado como sendo <strong>Jackson Santos de Santana<\/strong>, desceu do veiculo e tentou correr, no entanto, foi detido pelos policiais. O motorista por sua vez, fugiu e foi perseguido pelos policiais, sendo preso no Bairro Piranga 1, ap\u00f3s disparar contra a viatura policial.<\/p>\n<p>O suspeito foi identificado como <strong>Adeylson Cleiton Silva Nascimento<\/strong>, que apresentava um ferimento na perna. No interior do veiculo a pol\u00edcia encontrou 01 (uma) pedra grande de CRACK, 01 (uma) por\u00e7\u00e3o de pasta base de coca\u00edna e a quantia de R$ 585,00 (quinhentos e oitenta e cinco reais) em dinheiro. Adeylson foi socorrido para a Unidade de Pronto Atendimento (UPA) de Juazeiro, em seguida encaminhado para o Hospital de Traumas de Petrolina-PE. Ele foi atendido e liberado para ser apresentado na delegacia.<\/p>\n<p>Jackson Santos informou aos policiais que na resid\u00eancia de Adeylson existia mais drogas. As equipes da RONDESP se deslocaram at\u00e9 a casa dele, em Petrolina, e l\u00e1 encontrava-se <strong>\u00c9rica Silva Rocha<\/strong>, integrante da quadrilha de traficantes. Na busca domiciliar foram encontrados 01 (um) kg de pasta base de coca\u00edna, 01 (uma) balan\u00e7a de precis\u00e3o e certa quantidade de borra de crack, utilizada no cigarro de maconha para potencializar seu efeito.<\/p>\n<p><a href=\"https:\/\/i0.wp.com\/blogdoeloiltoncajuhy.com.br\/site\/wp-content\/uploads\/2016\/12\/quadrilha-juazeiro-2.jpg\"><img data-recalc-dims=\"1\" decoding=\"async\" class=\"aligncenter size-full wp-image-13841\" src=\"https:\/\/i0.wp.com\/blogdoeloiltoncajuhy.com.br\/site\/wp-content\/uploads\/2016\/12\/quadrilha-juazeiro-2.jpg?resize=367%2C369\" alt=\"quadrilha-juazeiro-2\" width=\"367\" height=\"369\" srcset=\"https:\/\/i0.wp.com\/blogdoeloiltoncajuhy.com.br\/site\/wp-content\/uploads\/2016\/12\/quadrilha-juazeiro-2.jpg?w=367&amp;ssl=1 367w, https:\/\/i0.wp.com\/blogdoeloiltoncajuhy.com.br\/site\/wp-content\/uploads\/2016\/12\/quadrilha-juazeiro-2.jpg?resize=150%2C150&amp;ssl=1 150w, https:\/\/i0.wp.com\/blogdoeloiltoncajuhy.com.br\/site\/wp-content\/uploads\/2016\/12\/quadrilha-juazeiro-2.jpg?resize=298%2C300&amp;ssl=1 298w, https:\/\/i0.wp.com\/blogdoeloiltoncajuhy.com.br\/site\/wp-content\/uploads\/2016\/12\/quadrilha-juazeiro-2.jpg?resize=250%2C250&amp;ssl=1 250w, https:\/\/i0.wp.com\/blogdoeloiltoncajuhy.com.br\/site\/wp-content\/uploads\/2016\/12\/quadrilha-juazeiro-2.jpg?resize=48%2C48&amp;ssl=1 48w\" sizes=\"(max-width: 367px) 100vw, 367px\" \/><\/a>Os acusados \u00c9rica e Jackson, informaram que outro integrante do bando de nome <strong>Andr\u00e9<\/strong>, o &#8220;Pitibull&#8221;, teria provavelmente droga escondida em sua casa localizada na Rua Agripino Ferreira Campos, n\u00ba 86, Parque Bandeirante, em Petrolina.<\/p>\n<p>No local informado os policiais foram recepcionados pelo suspeito que permitiu a entrada da policia em sua resid\u00eancia. L\u00e1 os policiais encontraram no quarto da casa uma sacola pl\u00e1stica contendo 02 pedras de crack e um rel\u00f3gio. Com os acusado foram apreendidos 03 (tr\u00eas) aparelhos celulares.<\/p>\n<p><strong>Andr\u00e9 Longuinho de Brito<\/strong>\u00a0saiu do Pres\u00eddio Dr. Edvaldo Gomes h\u00e1 15 dias, onde cumpria pena por porte ilegal de arma de fogo. Adeylson responde na Justi\u00e7a baiana por homic\u00eddio na cidade de Jequi\u00e9-BA, sequestro de duas crian\u00e7as na cidade de Itinga\/BA e tr\u00e1fico de entorpecentes. Os acusados foram encaminhados \u00e0 delegacia, juntamente com o material apreendido.<\/p>\n<p><em>*Edson Paim \/ Blog do Z\u00e9 Carlos<\/em><\/p>\n","protected":false},"excerpt":{"rendered":"<p>Na tarde da \u00faltima sexta-feira (02), uma equipe da RONDESP Norte abordou um ve\u00edculo VW GOL G5, cor vermelha, placa NYR-4776, de Feira de Santana-BA, que trafegava na Av. Raul Alves, bairro Santo Antonio, em Juazeiro. Quando percebeu a ordem de parada o carona identificado como sendo Jackson Santos de Santana, desceu do veiculo e [&hellip;]<\/p>\n","protected":false},"author":2,"featured_media":13841,"comment_status":"open","ping_status":"open","sticky":false,"template":"","format":"standard","meta":{"_acf_changed":false,"_monsterinsights_skip_tracking":false,"_monsterinsights_sitenote_active":false,"_monsterinsights_sitenote_note":"","_monsterinsights_sitenote_category":0,"_jetpack_memberships_contains_paid_content":false,"footnotes":"","jetpack_publicize_message":"","jetpack_publicize_feature_enabled":true,"jetpack_social_post_already_shared":true,"jetpack_social_options":{"image_generator_settings":{"template":"highway","default_image_id":0,"font":"","enabled":false},"version":2}},"categories":[5,1,11],"tags":[],"class_list":["post-13839","post","type-post","status-publish","format-standard","has-post-thumbnail","hentry","category-cotidiano","category-noticias","category-regional"],"acf":[],"jetpack_publicize_connections":[],"jetpack_featured_media_url":"https:\/\/i0.wp.com\/blogdoeloiltoncajuhy.com.br\/site\/wp-content\/uploads\/2016\/12\/quadrilha-juazeiro-2.jpg?fit=367%2C369&ssl=1","jetpack_sharing_enabled":true,"publishpress_future_workflow_manual_trigger":{"enabledWorkflows":[]},"_links":{"self":[{"href":"https:\/\/blogdoeloiltoncajuhy.com.br\/site\/wp-json\/wp\/v2\/posts\/13839","targetHints":{"allow":["GET"]}}],"collection":[{"href":"https:\/\/blogdoeloiltoncajuhy.com.br\/site\/wp-json\/wp\/v2\/posts"}],"about":[{"href":"https:\/\/blogdoeloiltoncajuhy.com.br\/site\/wp-json\/wp\/v2\/types\/post"}],"author":[{"embeddable":true,"href":"https:\/\/blogdoeloiltoncajuhy.com.br\/site\/wp-json\/wp\/v2\/users\/2"}],"replies":[{"embeddable":true,"href":"https:\/\/blogdoeloiltoncajuhy.com.br\/site\/wp-json\/wp\/v2\/comments?post=13839"}],"version-history":[{"count":1,"href":"https:\/\/blogdoeloiltoncajuhy.com.br\/site\/wp-json\/wp\/v2\/posts\/13839\/revisions"}],"predecessor-version":[{"id":13842,"href":"https:\/\/blogdoeloiltoncajuhy.com.br\/site\/wp-json\/wp\/v2\/posts\/13839\/revisions\/13842"}],"wp:featuredmedia":[{"embeddable":true,"href":"https:\/\/blogdoeloiltoncajuhy.com.br\/site\/wp-json\/wp\/v2\/media\/13841"}],"wp:attachment":[{"href":"https:\/\/blogdoeloiltoncajuhy.com.br\/site\/wp-json\/wp\/v2\/media?parent=13839"}],"wp:term":[{"taxonomy":"category","embeddable":true,"href":"https:\/\/blogdoeloiltoncajuhy.com.br\/site\/wp-json\/wp\/v2\/categories?post=13839"},{"taxonomy":"post_tag","embeddable":true,"href":"https:\/\/blogdoeloiltoncajuhy.com.br\/site\/wp-json\/wp\/v2\/tags?post=13839"}],"curies":[{"name":"wp","href":"https:\/\/api.w.org\/{rel}","templated":true}]}}