{"id":13834,"date":"2016-12-04T11:11:30","date_gmt":"2016-12-04T14:11:30","guid":{"rendered":"http:\/\/blogdoeloiltoncajuhy.com.br\/site\/?p=13834"},"modified":"2016-12-04T11:11:30","modified_gmt":"2016-12-04T14:11:30","slug":"cultura-morre-o-poeta-ferreira-gullar-aos-86-anos","status":"publish","type":"post","link":"https:\/\/blogdoeloiltoncajuhy.com.br\/site\/cultura-morre-o-poeta-ferreira-gullar-aos-86-anos\/","title":{"rendered":"CULTURA: Morre o poeta Ferreira Gullar, aos 86 anos"},"content":{"rendered":"<p style=\"text-align: center;\"><strong><em>Ele havia sido internado neste s\u00e1bado<\/em><\/strong><\/p>\n<figure id=\"attachment_13835\" aria-describedby=\"caption-attachment-13835\" style=\"width: 699px\" class=\"wp-caption aligncenter\"><a href=\"https:\/\/i0.wp.com\/blogdoeloiltoncajuhy.com.br\/site\/wp-content\/uploads\/2016\/12\/ferreira-goulart.jpg\"><img data-recalc-dims=\"1\" fetchpriority=\"high\" decoding=\"async\" class=\"wp-image-13835 size-full\" src=\"https:\/\/i0.wp.com\/blogdoeloiltoncajuhy.com.br\/site\/wp-content\/uploads\/2016\/12\/ferreira-goulart.jpg?resize=699%2C420\" alt=\"ferreira-goulart\" width=\"699\" height=\"420\" srcset=\"https:\/\/i0.wp.com\/blogdoeloiltoncajuhy.com.br\/site\/wp-content\/uploads\/2016\/12\/ferreira-goulart.jpg?w=699&amp;ssl=1 699w, https:\/\/i0.wp.com\/blogdoeloiltoncajuhy.com.br\/site\/wp-content\/uploads\/2016\/12\/ferreira-goulart.jpg?resize=300%2C180&amp;ssl=1 300w, https:\/\/i0.wp.com\/blogdoeloiltoncajuhy.com.br\/site\/wp-content\/uploads\/2016\/12\/ferreira-goulart.jpg?resize=250%2C150&amp;ssl=1 250w\" sizes=\"(max-width: 699px) 100vw, 699px\" \/><\/a><figcaption id=\"caption-attachment-13835\" class=\"wp-caption-text\">O escritor Ferreira Gullar (Foto: Camilla Maia \/ Ag\u00eancia O Globo)<\/figcaption><\/figure>\n<p>O poeta, ensa\u00edsta, cr\u00edtico de arte, dramaturgo, bi\u00f3grafo, tradutor e memorialista Ferreira Gullar morreu aos 86 anos. A informa\u00e7\u00e3o foi confirmada pelo colunista Ancelmo Gois. A causa da morte ainda n\u00e3o foi confirmada. O escritor estava internado no Hospital Copa D&#8217;Or, na Zona Sul do Rio.<\/p>\n<p>Ferreira Gullar assumiu ao longa da vida uma extensa lista de pap\u00e9is que, sozinhos, n\u00e3o d\u00e3o a dimens\u00e3o do seu lugar na cena cultural do pa\u00eds. Um dos fundadores do neoconcretismo, o poeta participou de todos os acontecimentos mais importantes da poesia brasileira.<\/p>\n<p>Quarto dos 11 filhos do casal Newton Ferreira e Alzira Ribeiro Goulart, ele nasceu Jos\u00e9 Ribamar Ferreira no dia 10 de setembro de 1930 em S\u00e3o Luiz, no Maranh\u00e3o. No in\u00edcio da d\u00e9cada de 1950, mudou-se para o Rio de Janeiro, onde, em 1956, participou da exposi\u00e7\u00e3o concretista que \u00e9 considerada o marco oficial do in\u00edcio da poesia concreta. Tr\u00eas anos depois, criou com L\u00edgia Clark e H\u00e9lio Oiticica, o neoconcretismo, que valoriza a express\u00e3o e a subjetividade em oposi\u00e7\u00e3o ao concretismo ortodoxo.<\/p>\n<p>Militante do Partido Comunista, exilou-se na d\u00e9cada de 1970, durante a ditadura militar, e viveu na Uni\u00e3o Sovi\u00e9tica, na Argentina e Chile. Retornou ao pa\u00eds em 1977 e foi preso por agentes do Departamento de Pol\u00edcia Pol\u00edtica e Social no dia seguinte ao desembarque, no Rio. Foi libertado depois de 72 horas de interrogat\u00f3rio gra\u00e7as \u00e0 interven\u00e7\u00e3o de amigos junto a autoridades do regime. Depois disso, retornou aos poucos \u00e0s atividades de critico, escritor e jornalista.<\/p>\n<p>Eleito em 2014 para a Academia Brasileira de Letras, coleciona uma vasta lista de pr\u00eamios. Em 2002, foi indicado por nove professores dos Estados Unidos, do Brasil e de Portugal para o Pr\u00eamio Nobel de Literatura. Em 2007, seu livro &#8220;Resmungos&#8221; ganhou o Pr\u00eamio Jabuti de melhor livro de fic\u00e7\u00e3o do ano. A obra, editada pela Imprensa Oficial do Estado de S\u00e3o Paulo, re\u00fane cr\u00f4nicas de Gullar publicadas no jornal Folha de S. Paulo ao longo de 2005.<\/p>\n<p>Em 2010, foi agraciado com o Pr\u00eamio Cam\u00f5es, o mais importante pr\u00eamio liter\u00e1rio da Comunidade de Pa\u00edses de L\u00edngua Portuguesa. No mesmo ano, foi contemplado com o t\u00edtulo de Doutor Honoris Causa na Faculdade de Letras da UFRJ. Um ano depois ganhou o Pr\u00eamio Jabuti com o livro de poesia &#8220;Em alguma parte alguma&#8221;.<\/p>\n<p><em>*O Globo<\/em><\/p>\n","protected":false},"excerpt":{"rendered":"<p>Ele havia sido internado neste s\u00e1bado O poeta, ensa\u00edsta, cr\u00edtico de arte, dramaturgo, bi\u00f3grafo, tradutor e memorialista Ferreira Gullar morreu aos 86 anos. A informa\u00e7\u00e3o foi confirmada pelo colunista Ancelmo Gois. A causa da morte ainda n\u00e3o foi confirmada. O escritor estava internado no Hospital Copa D&#8217;Or, na Zona Sul do Rio. Ferreira Gullar assumiu [&hellip;]<\/p>\n","protected":false},"author":2,"featured_media":13835,"comment_status":"open","ping_status":"open","sticky":false,"template":"","format":"standard","meta":{"_acf_changed":false,"_monsterinsights_skip_tracking":false,"_monsterinsights_sitenote_active":false,"_monsterinsights_sitenote_note":"","_monsterinsights_sitenote_category":0,"_jetpack_memberships_contains_paid_content":false,"footnotes":"","jetpack_publicize_message":"","jetpack_publicize_feature_enabled":true,"jetpack_social_post_already_shared":true,"jetpack_social_options":{"image_generator_settings":{"template":"highway","default_image_id":0,"font":"","enabled":false},"version":2}},"categories":[8,1],"tags":[],"class_list":["post-13834","post","type-post","status-publish","format-standard","has-post-thumbnail","hentry","category-cultura","category-noticias"],"acf":[],"jetpack_publicize_connections":[],"jetpack_featured_media_url":"https:\/\/i0.wp.com\/blogdoeloiltoncajuhy.com.br\/site\/wp-content\/uploads\/2016\/12\/ferreira-goulart.jpg?fit=699%2C420&ssl=1","jetpack_sharing_enabled":true,"publishpress_future_workflow_manual_trigger":{"enabledWorkflows":[]},"_links":{"self":[{"href":"https:\/\/blogdoeloiltoncajuhy.com.br\/site\/wp-json\/wp\/v2\/posts\/13834","targetHints":{"allow":["GET"]}}],"collection":[{"href":"https:\/\/blogdoeloiltoncajuhy.com.br\/site\/wp-json\/wp\/v2\/posts"}],"about":[{"href":"https:\/\/blogdoeloiltoncajuhy.com.br\/site\/wp-json\/wp\/v2\/types\/post"}],"author":[{"embeddable":true,"href":"https:\/\/blogdoeloiltoncajuhy.com.br\/site\/wp-json\/wp\/v2\/users\/2"}],"replies":[{"embeddable":true,"href":"https:\/\/blogdoeloiltoncajuhy.com.br\/site\/wp-json\/wp\/v2\/comments?post=13834"}],"version-history":[{"count":1,"href":"https:\/\/blogdoeloiltoncajuhy.com.br\/site\/wp-json\/wp\/v2\/posts\/13834\/revisions"}],"predecessor-version":[{"id":13836,"href":"https:\/\/blogdoeloiltoncajuhy.com.br\/site\/wp-json\/wp\/v2\/posts\/13834\/revisions\/13836"}],"wp:featuredmedia":[{"embeddable":true,"href":"https:\/\/blogdoeloiltoncajuhy.com.br\/site\/wp-json\/wp\/v2\/media\/13835"}],"wp:attachment":[{"href":"https:\/\/blogdoeloiltoncajuhy.com.br\/site\/wp-json\/wp\/v2\/media?parent=13834"}],"wp:term":[{"taxonomy":"category","embeddable":true,"href":"https:\/\/blogdoeloiltoncajuhy.com.br\/site\/wp-json\/wp\/v2\/categories?post=13834"},{"taxonomy":"post_tag","embeddable":true,"href":"https:\/\/blogdoeloiltoncajuhy.com.br\/site\/wp-json\/wp\/v2\/tags?post=13834"}],"curies":[{"name":"wp","href":"https:\/\/api.w.org\/{rel}","templated":true}]}}