{"id":13824,"date":"2016-12-03T19:08:00","date_gmt":"2016-12-03T22:08:00","guid":{"rendered":"http:\/\/blogdoeloiltoncajuhy.com.br\/site\/?p=13824"},"modified":"2016-12-03T19:08:00","modified_gmt":"2016-12-03T22:08:00","slug":"ate-o-ceu-chorou-chuva-marca-adeus-de-chapeco-aos-seus-anjos-herois","status":"publish","type":"post","link":"https:\/\/blogdoeloiltoncajuhy.com.br\/site\/ate-o-ceu-chorou-chuva-marca-adeus-de-chapeco-aos-seus-anjos-herois\/","title":{"rendered":"At\u00e9 o c\u00e9u chorou: chuva marca adeus de Chapec\u00f3 aos seus anjos her\u00f3is"},"content":{"rendered":"<p style=\"text-align: center;\"><strong><em>Torcedores, familiares e amigos se despedem de jogadores, membros da comiss\u00e3o t\u00e9cnica, dirigentes e jornalistas, v\u00edtimas de trag\u00e9dia com avi\u00e3o da Chapecoense<\/em><\/strong><\/p>\n<figure id=\"attachment_13825\" aria-describedby=\"caption-attachment-13825\" style=\"width: 690px\" class=\"wp-caption aligncenter\"><a href=\"https:\/\/i0.wp.com\/blogdoeloiltoncajuhy.com.br\/site\/wp-content\/uploads\/2016\/12\/chape-2.jpg\"><img data-recalc-dims=\"1\" fetchpriority=\"high\" decoding=\"async\" class=\"wp-image-13825 size-full\" src=\"https:\/\/i0.wp.com\/blogdoeloiltoncajuhy.com.br\/site\/wp-content\/uploads\/2016\/12\/chape-2.jpg?resize=690%2C420\" alt=\"chape-2\" width=\"690\" height=\"420\" srcset=\"https:\/\/i0.wp.com\/blogdoeloiltoncajuhy.com.br\/site\/wp-content\/uploads\/2016\/12\/chape-2.jpg?w=690&amp;ssl=1 690w, https:\/\/i0.wp.com\/blogdoeloiltoncajuhy.com.br\/site\/wp-content\/uploads\/2016\/12\/chape-2.jpg?resize=300%2C183&amp;ssl=1 300w, https:\/\/i0.wp.com\/blogdoeloiltoncajuhy.com.br\/site\/wp-content\/uploads\/2016\/12\/chape-2.jpg?resize=250%2C152&amp;ssl=1 250w\" sizes=\"(max-width: 690px) 100vw, 690px\" \/><\/a><figcaption id=\"caption-attachment-13825\" class=\"wp-caption-text\">Membros das For\u00e7as Armadas carregam os caix\u00f5es das v\u00edtimas do acidente (Foto: AFP)<\/figcaption><\/figure>\n<p style=\"text-align: left;\">Quando o primeiro caminh\u00e3o passou pelo apertado port\u00e3o da Arena Cond\u00e1, por volta de 12h28 (hor\u00e1rio de Bras\u00edlia), o choro se refez em um grito. L\u00e1 dentro, apesar da forte chuva que castigava Chapec\u00f3 desde cedo, os torcedores, firmes, buscaram for\u00e7as: &#8220;O campe\u00e3o voltou&#8221;. Os her\u00f3is voltaram. Em clima de como\u00e7\u00e3o, familiares, amigos e toda uma cidade come\u00e7aram a se despedir de jogadores da Chapecoense, membros da comiss\u00e3o t\u00e9cnica, dirigentes e jornalistas, v\u00edtimas do acidente que deixou 71 mortos na madrugada da \u00faltima ter\u00e7a-feira.<\/p>\n<p style=\"text-align: left;\">A primeira aeronave da For\u00e7a A\u00e9rea Brasileira (FAB) que transportava os corpos das v\u00edtimas do acidente a\u00e9reo envolvendo a delega\u00e7\u00e3o da Chapecoense chegou a Chapec\u00f3 na manh\u00e3 deste s\u00e1bado (03), por volta das 09h28. A segunda aterrissou \u00e0s 09h44m. Depois de uma cerim\u00f4nia protocolar com membros das For\u00e7as Armadas e com o presidente Michel Temer, os 50 caix\u00f5es seguiram para a Arena Cond\u00e1 em caminh\u00f5es com as laterais abertas, para que o p\u00fablico pudesse se despedir.<\/p>\n<p style=\"text-align: left;\">Durante todo o cortejo, mesmo sob chuva, torcedores ocuparam as ruas de Chapec\u00f3 \u00e0 espera da passagem dos caminh\u00f5es. Na chegada \u00e0 Arena Cond\u00e1, como\u00e7\u00e3o. Muitos torcedores choravam quando os caix\u00f5es entraram pelos port\u00f5es do est\u00e1dio. Os campe\u00f5es haviam voltado. Um a um, levados por membros das For\u00e7as Armadas, os caix\u00f5es seguiram para debaixo das tendas montadas no gramado.<\/p>\n<figure id=\"attachment_13826\" aria-describedby=\"caption-attachment-13826\" style=\"width: 690px\" class=\"wp-caption aligncenter\"><a href=\"https:\/\/i0.wp.com\/blogdoeloiltoncajuhy.com.br\/site\/wp-content\/uploads\/2016\/12\/chape-3.jpg\"><img data-recalc-dims=\"1\" decoding=\"async\" class=\"wp-image-13826 size-full\" src=\"https:\/\/i0.wp.com\/blogdoeloiltoncajuhy.com.br\/site\/wp-content\/uploads\/2016\/12\/chape-3.jpg?resize=690%2C500\" alt=\"chape-3\" width=\"690\" height=\"500\" srcset=\"https:\/\/i0.wp.com\/blogdoeloiltoncajuhy.com.br\/site\/wp-content\/uploads\/2016\/12\/chape-3.jpg?w=690&amp;ssl=1 690w, https:\/\/i0.wp.com\/blogdoeloiltoncajuhy.com.br\/site\/wp-content\/uploads\/2016\/12\/chape-3.jpg?resize=300%2C217&amp;ssl=1 300w, https:\/\/i0.wp.com\/blogdoeloiltoncajuhy.com.br\/site\/wp-content\/uploads\/2016\/12\/chape-3.jpg?resize=250%2C181&amp;ssl=1 250w\" sizes=\"(max-width: 690px) 100vw, 690px\" \/><\/a><figcaption id=\"caption-attachment-13826\" class=\"wp-caption-text\">Parentes d\u00e3o adeus \u00e0s v\u00edtimas durante vel\u00f3rio na Arena Cond\u00e1 (Foto: Ag\u00eancia Estado)<\/figcaption><\/figure>\n<p style=\"text-align: left;\">O prefeito de Chapec\u00f3 Luciano Buligon vestiu a camisa do Atl\u00e9tico Nacional na hora de falar. Ao microfone, agradeceu de forma emocionada a todo o apoio recebido pelo povo colombiano ap\u00f3s o acidente.\u00a0&#8211; Deus tamb\u00e9m tem o direito de chorar. Por isso chove tanto na terra de Cond\u00e1. Preciso reconhecer, antes de nada, que a Col\u00f4mbia fez com que nos aproxim\u00e1ssemos de forma a n\u00e3o mais se esquecer. S\u00f3 por compet\u00eancia de todos eles, colombianos, que temos seis sobreviventes desse tr\u00e1gico acidente. Muito obrigado, povo da Col\u00f4mbia. Voc\u00eas sempre estar\u00e3o nos nossos cora\u00e7\u00f5es. Essa equipe n\u00e3o \u00e9 mais de Chapec\u00f3. \u00c9 do mundo &#8211; disse o prefeito.<\/p>\n<p style=\"text-align: left;\">A chuva n\u00e3o dava tr\u00e9guas. Nas arquibancadas, torcedores choravam. Ao lado dos caix\u00f5es, familiares se abra\u00e7avam e tentavam se manter firmes para a despedida daqueles que se foram cedo demais. Sob as tendas, cerca de duas mil pessoas se uniam para darem adeus. O zagueiro Rafael Lima, que n\u00e3o viajou por estar machucado, desabou.<\/p>\n<p style=\"text-align: left;\">&#8220;Nas alegrias e nas horas mais dif\u00edceis, meu furac\u00e3o tu \u00e9s sempre um vencedor!&#8221;, dizia uma faixa pendurada nas tendas. Quando familiares do atacante Thiaguinho foram ao gramado, torcedores aplaudiram e gritaram o nome de um de seus her\u00f3is. O mesmo se repetia com outros parentes de v\u00edtimas. Ap\u00f3s o \u00faltimo caix\u00e3o, na retirada dos militares que faziam o corredor para a passagem dos militares, a torcida explodiu mais uma vez, em aplausos de agradecimento.<\/p>\n<figure id=\"attachment_13827\" aria-describedby=\"caption-attachment-13827\" style=\"width: 690px\" class=\"wp-caption aligncenter\"><a href=\"https:\/\/i0.wp.com\/blogdoeloiltoncajuhy.com.br\/site\/wp-content\/uploads\/2016\/12\/chape-4.jpeg\"><img data-recalc-dims=\"1\" decoding=\"async\" class=\"wp-image-13827 size-full\" src=\"https:\/\/i0.wp.com\/blogdoeloiltoncajuhy.com.br\/site\/wp-content\/uploads\/2016\/12\/chape-4.jpeg?resize=690%2C518\" alt=\"chape-4\" width=\"690\" height=\"518\" srcset=\"https:\/\/i0.wp.com\/blogdoeloiltoncajuhy.com.br\/site\/wp-content\/uploads\/2016\/12\/chape-4.jpeg?w=690&amp;ssl=1 690w, https:\/\/i0.wp.com\/blogdoeloiltoncajuhy.com.br\/site\/wp-content\/uploads\/2016\/12\/chape-4.jpeg?resize=300%2C225&amp;ssl=1 300w, https:\/\/i0.wp.com\/blogdoeloiltoncajuhy.com.br\/site\/wp-content\/uploads\/2016\/12\/chape-4.jpeg?resize=250%2C188&amp;ssl=1 250w\" sizes=\"(max-width: 690px) 100vw, 690px\" \/><\/a><figcaption id=\"caption-attachment-13827\" class=\"wp-caption-text\">Os pais do goleiro Danilo com a imagem do filho na Arena Cond\u00e1 (Foto: David Abramvezt)<\/figcaption><\/figure>\n<p style=\"text-align: left;\">A banda da Pol\u00edcia Militar da cidade, executou o Hino da Chapecoense em sequ\u00eancia. Ivan Tozzo, presidente em exerc\u00edcio do clube, foi o primeiro falar. Agradeceu \u00e0 torcida, ao povo colombiano e pediu para que o torcedor da Chape n\u00e3o desistisse.<\/p>\n<p style=\"text-align: left;\">&#8211; Aqui, nesse mesmo campo, onde fomos vitoriosos, nos despedimos. Nos colocamos hoje, diante de um momento muito dif\u00edcil. A partida repentina desses talentos \u00e9 irrepar\u00e1vel. Desejo, de cora\u00e7\u00e3o, que todas as palavras expressem o sentimento que carrego neste momento. Entender n\u00e3o \u00e9 tarefa f\u00e1cil. Pois transcende bandeiras, fronteiras, idioma e nacionalidades. todo mundo se une nesse momento. Queridos torcedores, fam\u00edlias e pequeninos: n\u00e3o percam a esperan\u00e7a. Continuem firmes. Nossa amada Chape, mais do que nunca, precisa de voc\u00eas.<\/p>\n<p style=\"text-align: left;\">Funcion\u00e1rios da Chapecoense foram a campo com nomes das v\u00edtimas escritos na camisa. Cada um soltou um bal\u00e3o branco em homenagem aos mortos, enquanto todos apareciam nos tel\u00f5es do est\u00e1dio. Flores e uma camiseta foram entregues aos parentes das v\u00edtimas. Um jornalista argentino que cobria o evento teve uma crise de choro, passou mal e foi levado a um hospital.<\/p>\n<p style=\"text-align: left;\">Cid Moreira leu a Carta de Paulo e o salmo 23. O bispo da arquidiocese de Chapec\u00f3, Odenir Jos\u00e9 Magri, transmitiu uma mensagem enviada pelo Papa Francisco.<\/p>\n<p style=\"text-align: left;\">&#8211; Ao mesmo tempo que encomenda Deus, pai da miseric\u00f3rdia, o Santo Padre pede ao c\u00e9u conforto e restabelecimento pelos sobreviventes, coragem e a consola\u00e7\u00e3o da esperan\u00e7a crist\u00e3 a todos os atingidos pela trag\u00e9dia. E envia a todos que est\u00e3o em sofrimento uma propiciadora ben\u00e7\u00e3o apost\u00f3lica.<\/p>\n<figure id=\"attachment_13828\" aria-describedby=\"caption-attachment-13828\" style=\"width: 690px\" class=\"wp-caption aligncenter\"><a href=\"https:\/\/i0.wp.com\/blogdoeloiltoncajuhy.com.br\/site\/wp-content\/uploads\/2016\/12\/chape-5.jpg\"><img data-recalc-dims=\"1\" loading=\"lazy\" decoding=\"async\" class=\"wp-image-13828 size-full\" src=\"https:\/\/i0.wp.com\/blogdoeloiltoncajuhy.com.br\/site\/wp-content\/uploads\/2016\/12\/chape-5.jpg?resize=690%2C430\" alt=\"chape-5\" width=\"690\" height=\"430\" srcset=\"https:\/\/i0.wp.com\/blogdoeloiltoncajuhy.com.br\/site\/wp-content\/uploads\/2016\/12\/chape-5.jpg?w=690&amp;ssl=1 690w, https:\/\/i0.wp.com\/blogdoeloiltoncajuhy.com.br\/site\/wp-content\/uploads\/2016\/12\/chape-5.jpg?resize=300%2C187&amp;ssl=1 300w, https:\/\/i0.wp.com\/blogdoeloiltoncajuhy.com.br\/site\/wp-content\/uploads\/2016\/12\/chape-5.jpg?resize=250%2C156&amp;ssl=1 250w\" sizes=\"(max-width: 690px) 100vw, 690px\" \/><\/a><figcaption id=\"caption-attachment-13828\" class=\"wp-caption-text\">Gianni Infantino, presidente da Fifa, na Arena Cond\u00e1 (Foto: Diego Vara\/Reuters)<\/figcaption><\/figure>\n<p style=\"text-align: left;\">Uma placa foi entregue para o embaixador da Col\u00f4mbia Alejandro Borda, para ser dada ao treinador do Atl\u00e9tico Nacional, Reinaldo Rueda. Em seguida, honras militares, que terminaram com uma salva de tiros, vieram procedidas de um enorme sil\u00eancio.<\/p>\n<p style=\"text-align: left;\">O presidente da Fifa, Gianni Infantino, discursou. Ele viajou a Chapec\u00f3 acompanhado dos ex-jogadores Seedorf e Puyol. Tite, t\u00e9cnico da sele\u00e7\u00e3o brasileira, tamb\u00e9m esteve presente e confortou os familiares. A cerim\u00f4nia contou ainda com mensagens de Neymar e de outros diversos jogadores, no tel\u00e3o, dando for\u00e7a ao povo de Chapec\u00f3.<\/p>\n<p style=\"text-align: left;\">Os parentes e amigos das v\u00edtimas, ent\u00e3o, caminharam pelo gramado da Arena Cond\u00e1 erguendo a foto de seus familiares. A chuva, nesse momento, deu uma tr\u00e9gua. A arquibancada, de p\u00e9, aplaudiu a retirada dos caix\u00f5es. Todos, na sequ\u00eancia, sa\u00edram em sil\u00eancio da linda e emocionante despedida. #for\u00e7achape<\/p>\n<figure id=\"attachment_13829\" aria-describedby=\"caption-attachment-13829\" style=\"width: 690px\" class=\"wp-caption aligncenter\"><a href=\"https:\/\/i0.wp.com\/blogdoeloiltoncajuhy.com.br\/site\/wp-content\/uploads\/2016\/12\/chape-6.jpg\"><img data-recalc-dims=\"1\" loading=\"lazy\" decoding=\"async\" class=\"wp-image-13829 size-full\" src=\"https:\/\/i0.wp.com\/blogdoeloiltoncajuhy.com.br\/site\/wp-content\/uploads\/2016\/12\/chape-6.jpg?resize=690%2C429\" alt=\"chape-6\" width=\"690\" height=\"429\" srcset=\"https:\/\/i0.wp.com\/blogdoeloiltoncajuhy.com.br\/site\/wp-content\/uploads\/2016\/12\/chape-6.jpg?w=690&amp;ssl=1 690w, https:\/\/i0.wp.com\/blogdoeloiltoncajuhy.com.br\/site\/wp-content\/uploads\/2016\/12\/chape-6.jpg?resize=300%2C187&amp;ssl=1 300w, https:\/\/i0.wp.com\/blogdoeloiltoncajuhy.com.br\/site\/wp-content\/uploads\/2016\/12\/chape-6.jpg?resize=250%2C155&amp;ssl=1 250w\" sizes=\"(max-width: 690px) 100vw, 690px\" \/><\/a><figcaption id=\"caption-attachment-13829\" class=\"wp-caption-text\">Tite, treinador da Sele\u00e7\u00e3o, exibe a bandeira da Chapecoense (Foto: Diego Vara\/Reuters)<\/figcaption><\/figure>\n<p style=\"text-align: left;\"><em>*Por GloboEsporte.com \/\u00a0Chapec\u00f3, SC<\/em><\/p>\n","protected":false},"excerpt":{"rendered":"<p>Torcedores, familiares e amigos se despedem de jogadores, membros da comiss\u00e3o t\u00e9cnica, dirigentes e jornalistas, v\u00edtimas de trag\u00e9dia com avi\u00e3o da Chapecoense Quando o primeiro caminh\u00e3o passou pelo apertado port\u00e3o da Arena Cond\u00e1, por volta de 12h28 (hor\u00e1rio de Bras\u00edlia), o choro se refez em um grito. L\u00e1 dentro, apesar da forte chuva que castigava [&hellip;]<\/p>\n","protected":false},"author":2,"featured_media":13829,"comment_status":"open","ping_status":"open","sticky":false,"template":"","format":"standard","meta":{"_acf_changed":false,"_monsterinsights_skip_tracking":false,"_monsterinsights_sitenote_active":false,"_monsterinsights_sitenote_note":"","_monsterinsights_sitenote_category":0,"_jetpack_memberships_contains_paid_content":false,"footnotes":"","jetpack_publicize_message":"","jetpack_publicize_feature_enabled":true,"jetpack_social_post_already_shared":true,"jetpack_social_options":{"image_generator_settings":{"template":"highway","default_image_id":0,"font":"","enabled":false},"version":2}},"categories":[5,6,1],"tags":[],"class_list":["post-13824","post","type-post","status-publish","format-standard","has-post-thumbnail","hentry","category-cotidiano","category-esportes","category-noticias"],"acf":[],"jetpack_publicize_connections":[],"jetpack_featured_media_url":"https:\/\/i0.wp.com\/blogdoeloiltoncajuhy.com.br\/site\/wp-content\/uploads\/2016\/12\/chape-6.jpg?fit=690%2C429&ssl=1","jetpack_sharing_enabled":true,"publishpress_future_workflow_manual_trigger":{"enabledWorkflows":[]},"_links":{"self":[{"href":"https:\/\/blogdoeloiltoncajuhy.com.br\/site\/wp-json\/wp\/v2\/posts\/13824","targetHints":{"allow":["GET"]}}],"collection":[{"href":"https:\/\/blogdoeloiltoncajuhy.com.br\/site\/wp-json\/wp\/v2\/posts"}],"about":[{"href":"https:\/\/blogdoeloiltoncajuhy.com.br\/site\/wp-json\/wp\/v2\/types\/post"}],"author":[{"embeddable":true,"href":"https:\/\/blogdoeloiltoncajuhy.com.br\/site\/wp-json\/wp\/v2\/users\/2"}],"replies":[{"embeddable":true,"href":"https:\/\/blogdoeloiltoncajuhy.com.br\/site\/wp-json\/wp\/v2\/comments?post=13824"}],"version-history":[{"count":1,"href":"https:\/\/blogdoeloiltoncajuhy.com.br\/site\/wp-json\/wp\/v2\/posts\/13824\/revisions"}],"predecessor-version":[{"id":13830,"href":"https:\/\/blogdoeloiltoncajuhy.com.br\/site\/wp-json\/wp\/v2\/posts\/13824\/revisions\/13830"}],"wp:featuredmedia":[{"embeddable":true,"href":"https:\/\/blogdoeloiltoncajuhy.com.br\/site\/wp-json\/wp\/v2\/media\/13829"}],"wp:attachment":[{"href":"https:\/\/blogdoeloiltoncajuhy.com.br\/site\/wp-json\/wp\/v2\/media?parent=13824"}],"wp:term":[{"taxonomy":"category","embeddable":true,"href":"https:\/\/blogdoeloiltoncajuhy.com.br\/site\/wp-json\/wp\/v2\/categories?post=13824"},{"taxonomy":"post_tag","embeddable":true,"href":"https:\/\/blogdoeloiltoncajuhy.com.br\/site\/wp-json\/wp\/v2\/tags?post=13824"}],"curies":[{"name":"wp","href":"https:\/\/api.w.org\/{rel}","templated":true}]}}