{"id":13822,"date":"2016-12-03T10:01:00","date_gmt":"2016-12-03T13:01:00","guid":{"rendered":"http:\/\/blogdoeloiltoncajuhy.com.br\/site\/?p=13822"},"modified":"2016-12-03T10:01:00","modified_gmt":"2016-12-03T13:01:00","slug":"eleicao-na-camara-de-bonfim-brasileiro-pede-unidade-da-base-aliada","status":"publish","type":"post","link":"https:\/\/blogdoeloiltoncajuhy.com.br\/site\/eleicao-na-camara-de-bonfim-brasileiro-pede-unidade-da-base-aliada\/","title":{"rendered":"ELEI\u00c7\u00c3O NA C\u00c2MARA DE BONFIM: Brasileiro pede unidade da base aliada"},"content":{"rendered":"<p><a href=\"https:\/\/i0.wp.com\/blogdoeloiltoncajuhy.com.br\/site\/wp-content\/uploads\/2015\/06\/CAMARA-MUNICIPAL-DE-SENHOR-DO-BONFIM-0041-e1480770008361.jpg\"><img data-recalc-dims=\"1\" fetchpriority=\"high\" decoding=\"async\" class=\"aligncenter size-full wp-image-1518\" src=\"https:\/\/i0.wp.com\/blogdoeloiltoncajuhy.com.br\/site\/wp-content\/uploads\/2015\/06\/CAMARA-MUNICIPAL-DE-SENHOR-DO-BONFIM-0041-e1480770008361.jpg?resize=500%2C375\" alt=\"CAMARA-MUNICIPAL-DE-SENHOR-DO-BONFIM-0041\" width=\"500\" height=\"375\" \/><\/a>Em reuni\u00e3o realizada na \u00faltima quinta-feira (1\u00ba), no audit\u00f3rio do Novo Leste Hotel, o Prefeito eleito de Senhor do Bonfim, Carlos Brasileiro, pediu aos vereadores da base aliada uni\u00e3o para que o grupo eleja o presidente da C\u00e2mara Municipal de Senhor do Bonfim.<\/p>\n<p>Estiveram presentes ao encontro, os 12 vereadores eleitos ou reeleitos que dever\u00e3o formar a base aliada do futuro governo: R\u00ea do Sindicato (PSD), L\u00facia Cerqueira (PRB), Herm\u00f3genes Almeida (PT), Mimo (PRTB), Andreilto Almeida (PCdoB), Pebinha (PSB), Carlos de Tijua\u00e7u (PRB), Dr. Jorginho (PSD), Deto (PROS), Reinaldo Jos\u00e9 (PROS), Cleiton Vieira (PRTB) e Elizeu (PROS).<\/p>\n<p>Brasileiro n\u00e3o revelou escolha por um nome, mas pediu que os vereadores de sua base discutam entre si quem deve ir para a disputa da presid\u00eancia do legislativo. Solicitou dos presentes que esta escolha seja feita, no m\u00e1ximo, at\u00e9 o dia 15 de dezembro. Afirmou que o nome escolhido deve ter o apoio de todos os demais vereadores.<\/p>\n<p>Nos bastidores, circulam informa\u00e7\u00f5es de que o vereador eleito Carlos de Tijua\u00e7u teria deixado aborrecido n\u00e3o s\u00f3 o prefeito eleito Carlos Brasileiro, como tamb\u00e9m, os demais integrantes do grupo, por ter participado de reuni\u00f5es com membros de grupo pol\u00edtico advers\u00e1rio. Se a base aliada tem 12 vereadores, qual o motivo que levou Carlos de Tijua\u00e7u a ter encontros com a oposi\u00e7\u00e3o? Este \u00e9 o questionamento feito por aliados de Brasileiro.<\/p>\n<p>Ao convocar a reuni\u00e3o com todos os vereadores de sua base, Brasileiro procurou mostrar transpar\u00eancia e a certeza de que n\u00e3o pretende interferir no processo, a n\u00e3o ser que seja necess\u00e1rio.<\/p>\n<p><em>*BLOG DO ELOILTON CAJUHY<\/em><\/p>\n","protected":false},"excerpt":{"rendered":"<p>Em reuni\u00e3o realizada na \u00faltima quinta-feira (1\u00ba), no audit\u00f3rio do Novo Leste Hotel, o Prefeito eleito de Senhor do Bonfim, Carlos Brasileiro, pediu aos vereadores da base aliada uni\u00e3o para que o grupo eleja o presidente da C\u00e2mara Municipal de Senhor do Bonfim. Estiveram presentes ao encontro, os 12 vereadores eleitos ou reeleitos que dever\u00e3o [&hellip;]<\/p>\n","protected":false},"author":2,"featured_media":0,"comment_status":"open","ping_status":"open","sticky":false,"template":"","format":"standard","meta":{"_acf_changed":false,"_monsterinsights_skip_tracking":false,"_monsterinsights_sitenote_active":false,"_monsterinsights_sitenote_note":"","_monsterinsights_sitenote_category":0,"_jetpack_memberships_contains_paid_content":false,"footnotes":"","jetpack_publicize_message":"","jetpack_publicize_feature_enabled":true,"jetpack_social_post_already_shared":true,"jetpack_social_options":{"image_generator_settings":{"template":"highway","default_image_id":0,"font":"","enabled":false},"version":2}},"categories":[1,3,4],"tags":[],"class_list":["post-13822","post","type-post","status-publish","format-standard","hentry","category-noticias","category-politica","category-local"],"acf":[],"jetpack_publicize_connections":[],"jetpack_featured_media_url":"","jetpack_sharing_enabled":true,"publishpress_future_workflow_manual_trigger":{"enabledWorkflows":[]},"_links":{"self":[{"href":"https:\/\/blogdoeloiltoncajuhy.com.br\/site\/wp-json\/wp\/v2\/posts\/13822","targetHints":{"allow":["GET"]}}],"collection":[{"href":"https:\/\/blogdoeloiltoncajuhy.com.br\/site\/wp-json\/wp\/v2\/posts"}],"about":[{"href":"https:\/\/blogdoeloiltoncajuhy.com.br\/site\/wp-json\/wp\/v2\/types\/post"}],"author":[{"embeddable":true,"href":"https:\/\/blogdoeloiltoncajuhy.com.br\/site\/wp-json\/wp\/v2\/users\/2"}],"replies":[{"embeddable":true,"href":"https:\/\/blogdoeloiltoncajuhy.com.br\/site\/wp-json\/wp\/v2\/comments?post=13822"}],"version-history":[{"count":1,"href":"https:\/\/blogdoeloiltoncajuhy.com.br\/site\/wp-json\/wp\/v2\/posts\/13822\/revisions"}],"predecessor-version":[{"id":13823,"href":"https:\/\/blogdoeloiltoncajuhy.com.br\/site\/wp-json\/wp\/v2\/posts\/13822\/revisions\/13823"}],"wp:attachment":[{"href":"https:\/\/blogdoeloiltoncajuhy.com.br\/site\/wp-json\/wp\/v2\/media?parent=13822"}],"wp:term":[{"taxonomy":"category","embeddable":true,"href":"https:\/\/blogdoeloiltoncajuhy.com.br\/site\/wp-json\/wp\/v2\/categories?post=13822"},{"taxonomy":"post_tag","embeddable":true,"href":"https:\/\/blogdoeloiltoncajuhy.com.br\/site\/wp-json\/wp\/v2\/tags?post=13822"}],"curies":[{"name":"wp","href":"https:\/\/api.w.org\/{rel}","templated":true}]}}