{"id":13819,"date":"2016-12-03T09:30:41","date_gmt":"2016-12-03T12:30:41","guid":{"rendered":"http:\/\/blogdoeloiltoncajuhy.com.br\/site\/?p=13819"},"modified":"2016-12-03T09:30:41","modified_gmt":"2016-12-03T12:30:41","slug":"cnbb-divulga-nota-apos-decisao-do-stf-em-nao-criminalizar-caso-de-aborto","status":"publish","type":"post","link":"https:\/\/blogdoeloiltoncajuhy.com.br\/site\/cnbb-divulga-nota-apos-decisao-do-stf-em-nao-criminalizar-caso-de-aborto\/","title":{"rendered":"CNBB divulga nota ap\u00f3s decis\u00e3o do STF em n\u00e3o criminalizar caso de aborto"},"content":{"rendered":"<p><a href=\"https:\/\/i0.wp.com\/blogdoeloiltoncajuhy.com.br\/site\/wp-content\/uploads\/2016\/12\/cnbb-nota.jpg\"><img data-recalc-dims=\"1\" fetchpriority=\"high\" decoding=\"async\" class=\"aligncenter size-full wp-image-13820\" src=\"https:\/\/i0.wp.com\/blogdoeloiltoncajuhy.com.br\/site\/wp-content\/uploads\/2016\/12\/cnbb-nota.jpg?resize=640%2C453\" alt=\"cnbb-nota\" width=\"640\" height=\"453\" srcset=\"https:\/\/i0.wp.com\/blogdoeloiltoncajuhy.com.br\/site\/wp-content\/uploads\/2016\/12\/cnbb-nota.jpg?w=640&amp;ssl=1 640w, https:\/\/i0.wp.com\/blogdoeloiltoncajuhy.com.br\/site\/wp-content\/uploads\/2016\/12\/cnbb-nota.jpg?resize=300%2C212&amp;ssl=1 300w, https:\/\/i0.wp.com\/blogdoeloiltoncajuhy.com.br\/site\/wp-content\/uploads\/2016\/12\/cnbb-nota.jpg?resize=250%2C177&amp;ssl=1 250w\" sizes=\"(max-width: 640px) 100vw, 640px\" \/><\/a>A CNBB emitiu uma nota &#8220;em defesa da vida&#8221; nesta quinta-feira (1\u00ba\/12) em que &#8220;discorda da forma com que o aborto foi tratado num julgamento de Habeas Corpus, no STF&#8221;.<\/p>\n<p><strong>Leia a \u00edntegra:<\/strong><\/p>\n<p><strong>NOTA DA CNBB EM DEFESA DA VIDA<\/strong><br \/>\n<em>&#8216;Propus a vida e a morte; escolhe, pois, a vida&#8217; (cf. Dt. 30,19)<\/em><\/p>\n<p><em><strong>A Confer\u00eancia Nacional dos Bispos do Brasil &#8211; CNBB, por meio de sua Presid\u00eancia, manifesta sua posi\u00e7\u00e3o em defesa da integralidade, inviolabilidade e dignidade da vida humana, desde a sua concep\u00e7\u00e3o at\u00e9 a morte natural (cf. Constitui\u00e7\u00e3o Federal, art. 1\u00b0, III; 3\u00b0, IV e 5\u00b0, caput).\u00a0A CNBB respeita e defende a autonomia dos Poderes da Rep\u00fablica. Reconhece a import\u00e2ncia fundamental que o Supremo Tribunal Federal (STF) desempenha na guarda da Constitui\u00e7\u00e3o da Rep\u00fablica, particularmente no momento dif\u00edcil que atravessa a na\u00e7\u00e3o brasileira. Discorda, contudo, da forma com que o aborto foi tratado num julgamento de Habeas Corpus, no STF.\u00a0Reafirmamos nossa incondicional posi\u00e7\u00e3o em defesa da vida humana, condenando toda e qualquer tentativa de libera\u00e7\u00e3o e descriminaliza\u00e7\u00e3o da pr\u00e1tica do aborto.\u00a0Conclamamos nossas comunidades a rezarem e a se manifestarem publicamente em defesa da vida humana, desde a sua concep\u00e7\u00e3o.\u00a0Nossa Senhora, M\u00e3e de Jesus e nossa M\u00e3e, interceda por n\u00f3s, particularmente pelos nascituros.<\/strong><\/em><\/p>\n<p>Bras\u00edlia, 1\u00ba de dezembro de 2016<\/p>\n<p><strong>Cardeal Sergio da Rocha<\/strong><br \/>\nArcebispo de Bras\u00edlia-DF<br \/>\nPresidente da CNBB<\/p>\n<p><strong>Dom Murilo S. R. Krieger<\/strong><br \/>\nArcebispo de S\u00e3o Salvador-BA<br \/>\nVice-Presidente da CNBB<\/p>\n<p><strong>Dom Leonardo Ulrich Steiner<\/strong><br \/>\nBispo Auxiliar de Bras\u00edlia-DF<br \/>\nSecret\u00e1rio-Geral da CNBB<\/p>\n","protected":false},"excerpt":{"rendered":"<p>A CNBB emitiu uma nota &#8220;em defesa da vida&#8221; nesta quinta-feira (1\u00ba\/12) em que &#8220;discorda da forma com que o aborto foi tratado num julgamento de Habeas Corpus, no STF&#8221;. Leia a \u00edntegra: NOTA DA CNBB EM DEFESA DA VIDA &#8216;Propus a vida e a morte; escolhe, pois, a vida&#8217; (cf. Dt. 30,19) A Confer\u00eancia [&hellip;]<\/p>\n","protected":false},"author":2,"featured_media":13820,"comment_status":"open","ping_status":"open","sticky":false,"template":"","format":"standard","meta":{"_acf_changed":false,"_monsterinsights_skip_tracking":false,"_monsterinsights_sitenote_active":false,"_monsterinsights_sitenote_note":"","_monsterinsights_sitenote_category":0,"_jetpack_memberships_contains_paid_content":false,"footnotes":"","jetpack_publicize_message":"","jetpack_publicize_feature_enabled":true,"jetpack_social_post_already_shared":true,"jetpack_social_options":{"image_generator_settings":{"template":"highway","default_image_id":0,"font":"","enabled":false},"version":2}},"categories":[5,1],"tags":[],"class_list":["post-13819","post","type-post","status-publish","format-standard","has-post-thumbnail","hentry","category-cotidiano","category-noticias"],"acf":[],"jetpack_publicize_connections":[],"jetpack_featured_media_url":"https:\/\/i0.wp.com\/blogdoeloiltoncajuhy.com.br\/site\/wp-content\/uploads\/2016\/12\/cnbb-nota.jpg?fit=640%2C453&ssl=1","jetpack_sharing_enabled":true,"publishpress_future_workflow_manual_trigger":{"enabledWorkflows":[]},"_links":{"self":[{"href":"https:\/\/blogdoeloiltoncajuhy.com.br\/site\/wp-json\/wp\/v2\/posts\/13819","targetHints":{"allow":["GET"]}}],"collection":[{"href":"https:\/\/blogdoeloiltoncajuhy.com.br\/site\/wp-json\/wp\/v2\/posts"}],"about":[{"href":"https:\/\/blogdoeloiltoncajuhy.com.br\/site\/wp-json\/wp\/v2\/types\/post"}],"author":[{"embeddable":true,"href":"https:\/\/blogdoeloiltoncajuhy.com.br\/site\/wp-json\/wp\/v2\/users\/2"}],"replies":[{"embeddable":true,"href":"https:\/\/blogdoeloiltoncajuhy.com.br\/site\/wp-json\/wp\/v2\/comments?post=13819"}],"version-history":[{"count":1,"href":"https:\/\/blogdoeloiltoncajuhy.com.br\/site\/wp-json\/wp\/v2\/posts\/13819\/revisions"}],"predecessor-version":[{"id":13821,"href":"https:\/\/blogdoeloiltoncajuhy.com.br\/site\/wp-json\/wp\/v2\/posts\/13819\/revisions\/13821"}],"wp:featuredmedia":[{"embeddable":true,"href":"https:\/\/blogdoeloiltoncajuhy.com.br\/site\/wp-json\/wp\/v2\/media\/13820"}],"wp:attachment":[{"href":"https:\/\/blogdoeloiltoncajuhy.com.br\/site\/wp-json\/wp\/v2\/media?parent=13819"}],"wp:term":[{"taxonomy":"category","embeddable":true,"href":"https:\/\/blogdoeloiltoncajuhy.com.br\/site\/wp-json\/wp\/v2\/categories?post=13819"},{"taxonomy":"post_tag","embeddable":true,"href":"https:\/\/blogdoeloiltoncajuhy.com.br\/site\/wp-json\/wp\/v2\/tags?post=13819"}],"curies":[{"name":"wp","href":"https:\/\/api.w.org\/{rel}","templated":true}]}}