{"id":13813,"date":"2016-12-02T18:13:58","date_gmt":"2016-12-02T21:13:58","guid":{"rendered":"http:\/\/blogdoeloiltoncajuhy.com.br\/site\/?p=13813"},"modified":"2016-12-02T18:13:58","modified_gmt":"2016-12-02T21:13:58","slug":"governo-da-bahia-reabre-inscricoes-para-concurso-da-agerba-salario-inicial-e-de-r-6-mil","status":"publish","type":"post","link":"https:\/\/blogdoeloiltoncajuhy.com.br\/site\/governo-da-bahia-reabre-inscricoes-para-concurso-da-agerba-salario-inicial-e-de-r-6-mil\/","title":{"rendered":"Governo da Bahia reabre inscri\u00e7\u00f5es para concurso da Agerba; sal\u00e1rio inicial \u00e9 de R$ 6 mil"},"content":{"rendered":"<p><a href=\"https:\/\/i0.wp.com\/blogdoeloiltoncajuhy.com.br\/site\/wp-content\/uploads\/2016\/12\/agerba.jpg\"><img data-recalc-dims=\"1\" fetchpriority=\"high\" decoding=\"async\" class=\"aligncenter size-full wp-image-13814\" src=\"https:\/\/i0.wp.com\/blogdoeloiltoncajuhy.com.br\/site\/wp-content\/uploads\/2016\/12\/agerba.jpg?resize=380%2C280\" alt=\"agerba\" width=\"380\" height=\"280\" srcset=\"https:\/\/i0.wp.com\/blogdoeloiltoncajuhy.com.br\/site\/wp-content\/uploads\/2016\/12\/agerba.jpg?w=380&amp;ssl=1 380w, https:\/\/i0.wp.com\/blogdoeloiltoncajuhy.com.br\/site\/wp-content\/uploads\/2016\/12\/agerba.jpg?resize=300%2C221&amp;ssl=1 300w, https:\/\/i0.wp.com\/blogdoeloiltoncajuhy.com.br\/site\/wp-content\/uploads\/2016\/12\/agerba.jpg?resize=250%2C184&amp;ssl=1 250w\" sizes=\"(max-width: 380px) 100vw, 380px\" \/><\/a>As inscri\u00e7\u00f5es para o concurso da Ag\u00eancia Estadual de Regula\u00e7\u00e3o de Servi\u00e7os P\u00fablicos de Energia, Transportes e Comunica\u00e7\u00f5es da Bahia (Agerba) ser\u00e3o reabertas na pr\u00f3xima segunda-feira (5). O in\u00edcio do processo foi adiado por causa de uma mudan\u00e7a definida pelo Banco do Brasil. De acordo com a Secretaria da Administra\u00e7\u00e3o (Saeb), o novo cronograma da prova ser\u00e1 publicado no Di\u00e1rio Oficial do Estado (DOE) deste s\u00e1bado (3).<\/p>\n<p>As inscri\u00e7\u00f5es ser\u00e3o realizadas exclusivamente pela internet, no site da organizadora do certame, at\u00e9 o dia 3 de janeiro de 2017, observando o hor\u00e1rio de Bras\u00edlia. Segundo o edital, publicado no dia 17 de novembro, ser\u00e3o ofertadas 60 vagas \u2013 24 para o cargo de Especialista em Regula\u00e7\u00e3o e 36 para T\u00e9cnico em Regula\u00e7\u00e3o \u2013 sendo que 30% deste total ser\u00e3o reservados a candidatos que se declararem negros e 5% para pessoas com defici\u00eancia.<\/p>\n<p>Para o cargo de Especialista em Regula\u00e7\u00e3o, a inscri\u00e7\u00e3o ser\u00e1 R$ 140. J\u00e1 para T\u00e9cnico em Regula\u00e7\u00e3o, o valor ser\u00e1 R$ 70. O candidato s\u00f3 poder\u00e1 realizar uma inscri\u00e7\u00e3o para o referido concurso. A homologa\u00e7\u00e3o das inscri\u00e7\u00f5es ser\u00e1 disponibilizada pela organizadora a partir do dia 27 de dezembro.<\/p>\n<p>Para concorrer ao cargo de Especialista em Regula\u00e7\u00e3o, o candidato deve possuir forma\u00e7\u00e3o superior em Administra\u00e7\u00e3o, Ci\u00eancias Econ\u00f4micas, Ci\u00eancias Cont\u00e1beis, Direito, Estat\u00edstica, Arquitetura, Engenharia Civil, Engenharia El\u00e9trica, Engenharia Qu\u00edmica, Engenharia de Computa\u00e7\u00e3o, Engenharia Mec\u00e2nica, Engenharia Naval, Engenharia de Transportes, Ci\u00eancia da Computa\u00e7\u00e3o, Processamento de Dados, An\u00e1lise de Sistemas, Inform\u00e1tica, Sistemas de Informa\u00e7\u00e3o ou Tecnologia da Informa\u00e7\u00e3o.<\/p>\n<p>As 24 vagas ofertadas ser\u00e3o distribu\u00eddas entre Salvador, sede da Agerba (20 vagas) e os munic\u00edpios de Barreiras (1 vaga), Bom Jesus da Lapa (1 vaga), Seabra (1 vaga) e Teixeira de Freitas (1 vaga) \u2013 sendo seis reservadas para negros e uma para pessoas com defici\u00eancia, todas em Salvador. Em todos os casos, a fun\u00e7\u00e3o ter\u00e1 carga hor\u00e1ria de 40 horas semanais e a remunera\u00e7\u00e3o inicial ser\u00e1 no valor de R$ 6.021,64.<\/p>\n<p>J\u00e1 para o cargo de T\u00e9cnico em Regula\u00e7\u00e3o \u00e9 exigido o Ensino M\u00e9dio, desde que se apresente certificado reconhecido do Minist\u00e9rio da Educa\u00e7\u00e3o (MEC), ou t\u00e9cnico profissionalizante, desde que observadas as Diretrizes Curriculares Nacionais para a Educa\u00e7\u00e3o Profissional de N\u00edvel T\u00e9cnico.<\/p>\n<p>As 36 vagas ser\u00e3o distribu\u00eddas por Salvador (15 vagas) e pelos munic\u00edpios de Alagoinhas (2 vagas), Barreiras (3 vagas), Bom Jesus da Lapa (2 vagas), Feira de Santana (2 vagas), Itabuna (2 vagas), Jequi\u00e9 (1 vaga), Juazeiro (2 vagas), Santo Ant\u00f4nio de Jesus (1 vaga), Seabra (3 vagas), Teixeira de Freitas (2 vagas) e Vit\u00f3ria da Conquista (1 vaga). Deste total, seis ser\u00e3o reservadas para negros (Barreiras, Salvador e Seabra) e uma para pessoas com defici\u00eancia (Salvador). Em todos os casos, a fun\u00e7\u00e3o ter\u00e1 carga hor\u00e1ria de 40 horas semanais e a remunera\u00e7\u00e3o inicial ser\u00e1 no valor de R$ 2.146,37.<\/p>\n<p><em>*Bahia Not\u00edcias<\/em><\/p>\n","protected":false},"excerpt":{"rendered":"<p>As inscri\u00e7\u00f5es para o concurso da Ag\u00eancia Estadual de Regula\u00e7\u00e3o de Servi\u00e7os P\u00fablicos de Energia, Transportes e Comunica\u00e7\u00f5es da Bahia (Agerba) ser\u00e3o reabertas na pr\u00f3xima segunda-feira (5). O in\u00edcio do processo foi adiado por causa de uma mudan\u00e7a definida pelo Banco do Brasil. De acordo com a Secretaria da Administra\u00e7\u00e3o (Saeb), o novo cronograma da [&hellip;]<\/p>\n","protected":false},"author":2,"featured_media":13814,"comment_status":"open","ping_status":"open","sticky":false,"template":"","format":"standard","meta":{"_acf_changed":false,"_monsterinsights_skip_tracking":false,"_monsterinsights_sitenote_active":false,"_monsterinsights_sitenote_note":"","_monsterinsights_sitenote_category":0,"_jetpack_memberships_contains_paid_content":false,"footnotes":"","jetpack_publicize_message":"","jetpack_publicize_feature_enabled":true,"jetpack_social_post_already_shared":true,"jetpack_social_options":{"image_generator_settings":{"template":"highway","default_image_id":0,"font":"","enabled":false},"version":2}},"categories":[5,1],"tags":[],"class_list":["post-13813","post","type-post","status-publish","format-standard","has-post-thumbnail","hentry","category-cotidiano","category-noticias"],"acf":[],"jetpack_publicize_connections":[],"jetpack_featured_media_url":"https:\/\/i0.wp.com\/blogdoeloiltoncajuhy.com.br\/site\/wp-content\/uploads\/2016\/12\/agerba.jpg?fit=380%2C280&ssl=1","jetpack_sharing_enabled":true,"publishpress_future_workflow_manual_trigger":{"enabledWorkflows":[]},"_links":{"self":[{"href":"https:\/\/blogdoeloiltoncajuhy.com.br\/site\/wp-json\/wp\/v2\/posts\/13813","targetHints":{"allow":["GET"]}}],"collection":[{"href":"https:\/\/blogdoeloiltoncajuhy.com.br\/site\/wp-json\/wp\/v2\/posts"}],"about":[{"href":"https:\/\/blogdoeloiltoncajuhy.com.br\/site\/wp-json\/wp\/v2\/types\/post"}],"author":[{"embeddable":true,"href":"https:\/\/blogdoeloiltoncajuhy.com.br\/site\/wp-json\/wp\/v2\/users\/2"}],"replies":[{"embeddable":true,"href":"https:\/\/blogdoeloiltoncajuhy.com.br\/site\/wp-json\/wp\/v2\/comments?post=13813"}],"version-history":[{"count":1,"href":"https:\/\/blogdoeloiltoncajuhy.com.br\/site\/wp-json\/wp\/v2\/posts\/13813\/revisions"}],"predecessor-version":[{"id":13815,"href":"https:\/\/blogdoeloiltoncajuhy.com.br\/site\/wp-json\/wp\/v2\/posts\/13813\/revisions\/13815"}],"wp:featuredmedia":[{"embeddable":true,"href":"https:\/\/blogdoeloiltoncajuhy.com.br\/site\/wp-json\/wp\/v2\/media\/13814"}],"wp:attachment":[{"href":"https:\/\/blogdoeloiltoncajuhy.com.br\/site\/wp-json\/wp\/v2\/media?parent=13813"}],"wp:term":[{"taxonomy":"category","embeddable":true,"href":"https:\/\/blogdoeloiltoncajuhy.com.br\/site\/wp-json\/wp\/v2\/categories?post=13813"},{"taxonomy":"post_tag","embeddable":true,"href":"https:\/\/blogdoeloiltoncajuhy.com.br\/site\/wp-json\/wp\/v2\/tags?post=13813"}],"curies":[{"name":"wp","href":"https:\/\/api.w.org\/{rel}","templated":true}]}}