{"id":13810,"date":"2016-12-02T18:07:32","date_gmt":"2016-12-02T21:07:32","guid":{"rendered":"http:\/\/blogdoeloiltoncajuhy.com.br\/site\/?p=13810"},"modified":"2016-12-02T18:07:32","modified_gmt":"2016-12-02T21:07:32","slug":"mae-de-goleiro-da-chapecoense-causa-comocao-em-entrevista","status":"publish","type":"post","link":"https:\/\/blogdoeloiltoncajuhy.com.br\/site\/mae-de-goleiro-da-chapecoense-causa-comocao-em-entrevista\/","title":{"rendered":"M\u00e3e de goleiro da Chapecoense causa como\u00e7\u00e3o em entrevista"},"content":{"rendered":"<p><a href=\"https:\/\/i0.wp.com\/blogdoeloiltoncajuhy.com.br\/site\/wp-content\/uploads\/2016\/12\/for%C3%A7a-chape-e1480712840579.jpg\"><img data-recalc-dims=\"1\" fetchpriority=\"high\" decoding=\"async\" class=\"aligncenter size-full wp-image-13811\" src=\"https:\/\/i0.wp.com\/blogdoeloiltoncajuhy.com.br\/site\/wp-content\/uploads\/2016\/12\/for%C3%A7a-chape-e1480712840579.jpg?resize=500%2C281\" alt=\"forca-chape\" width=\"500\" height=\"281\" \/><\/a>Uma reportagem do Canal Sportv causou como\u00e7\u00e3o nacional nesta sexta-feira (2). O rep\u00f3rter Guido Nunes entrevistava a m\u00e3e de uma das v\u00edtimas do acidente a\u00e9reo da Chapecoense, o goleiro Danilo, na Arena Cond\u00e1.<\/p>\n<p>Dona Ila\u00edldes Padilha comentava sobre a demora para receber o corpo do seu filho quando pediu para abra\u00e7ar o jornalista. O profissional n\u00e3o conteve as l\u00e1grimas e chorou junto com a entrevistada.<\/p>\n<p>Dona Ala\u00edde ainda ofereceu ao rep\u00f3rter um abra\u00e7o em homenagem aos profissionais de imprensa que tamb\u00e9m faleceram no acidente. A cena ganhou destaque nas redes sociais e emocionou muitos brasileiros.<\/p>\n<p><strong>Confira a cena abaixo:<\/strong><\/p>\n<p><iframe title=\"Mat\u00e9ria 5\" width=\"800\" height=\"450\" src=\"https:\/\/www.youtube.com\/embed\/iNDsjd4XcAY?feature=oembed\" frameborder=\"0\" allow=\"accelerometer; autoplay; encrypted-media; gyroscope; picture-in-picture\" allowfullscreen><\/iframe><\/p>\n","protected":false},"excerpt":{"rendered":"<p>Uma reportagem do Canal Sportv causou como\u00e7\u00e3o nacional nesta sexta-feira (2). O rep\u00f3rter Guido Nunes entrevistava a m\u00e3e de uma das v\u00edtimas do acidente a\u00e9reo da Chapecoense, o goleiro Danilo, na Arena Cond\u00e1. Dona Ila\u00edldes Padilha comentava sobre a demora para receber o corpo do seu filho quando pediu para abra\u00e7ar o jornalista. O profissional [&hellip;]<\/p>\n","protected":false},"author":2,"featured_media":13811,"comment_status":"open","ping_status":"open","sticky":false,"template":"","format":"standard","meta":{"_acf_changed":false,"_monsterinsights_skip_tracking":false,"_monsterinsights_sitenote_active":false,"_monsterinsights_sitenote_note":"","_monsterinsights_sitenote_category":0,"_jetpack_memberships_contains_paid_content":false,"footnotes":"","jetpack_publicize_message":"","jetpack_publicize_feature_enabled":true,"jetpack_social_post_already_shared":true,"jetpack_social_options":{"image_generator_settings":{"template":"highway","default_image_id":0,"font":"","enabled":false},"version":2}},"categories":[5,6,1],"tags":[],"class_list":["post-13810","post","type-post","status-publish","format-standard","has-post-thumbnail","hentry","category-cotidiano","category-esportes","category-noticias"],"acf":[],"jetpack_publicize_connections":[],"jetpack_featured_media_url":"https:\/\/i0.wp.com\/blogdoeloiltoncajuhy.com.br\/site\/wp-content\/uploads\/2016\/12\/for%C3%A7a-chape-e1480712840579.jpg?fit=500%2C281&ssl=1","jetpack_sharing_enabled":true,"publishpress_future_workflow_manual_trigger":{"enabledWorkflows":[]},"_links":{"self":[{"href":"https:\/\/blogdoeloiltoncajuhy.com.br\/site\/wp-json\/wp\/v2\/posts\/13810","targetHints":{"allow":["GET"]}}],"collection":[{"href":"https:\/\/blogdoeloiltoncajuhy.com.br\/site\/wp-json\/wp\/v2\/posts"}],"about":[{"href":"https:\/\/blogdoeloiltoncajuhy.com.br\/site\/wp-json\/wp\/v2\/types\/post"}],"author":[{"embeddable":true,"href":"https:\/\/blogdoeloiltoncajuhy.com.br\/site\/wp-json\/wp\/v2\/users\/2"}],"replies":[{"embeddable":true,"href":"https:\/\/blogdoeloiltoncajuhy.com.br\/site\/wp-json\/wp\/v2\/comments?post=13810"}],"version-history":[{"count":1,"href":"https:\/\/blogdoeloiltoncajuhy.com.br\/site\/wp-json\/wp\/v2\/posts\/13810\/revisions"}],"predecessor-version":[{"id":13812,"href":"https:\/\/blogdoeloiltoncajuhy.com.br\/site\/wp-json\/wp\/v2\/posts\/13810\/revisions\/13812"}],"wp:featuredmedia":[{"embeddable":true,"href":"https:\/\/blogdoeloiltoncajuhy.com.br\/site\/wp-json\/wp\/v2\/media\/13811"}],"wp:attachment":[{"href":"https:\/\/blogdoeloiltoncajuhy.com.br\/site\/wp-json\/wp\/v2\/media?parent=13810"}],"wp:term":[{"taxonomy":"category","embeddable":true,"href":"https:\/\/blogdoeloiltoncajuhy.com.br\/site\/wp-json\/wp\/v2\/categories?post=13810"},{"taxonomy":"post_tag","embeddable":true,"href":"https:\/\/blogdoeloiltoncajuhy.com.br\/site\/wp-json\/wp\/v2\/tags?post=13810"}],"curies":[{"name":"wp","href":"https:\/\/api.w.org\/{rel}","templated":true}]}}