{"id":13776,"date":"2016-11-30T21:02:38","date_gmt":"2016-12-01T00:02:38","guid":{"rendered":"http:\/\/blogdoeloiltoncajuhy.com.br\/site\/?p=13776"},"modified":"2016-11-30T21:02:38","modified_gmt":"2016-12-01T00:02:38","slug":"comece-a-quinta-feira-meditando-nem-todo-aquele-que-me-diz-senhor-senhor-entrara-no-reino-dos-ceus-mt-721-24-27","status":"publish","type":"post","link":"https:\/\/blogdoeloiltoncajuhy.com.br\/site\/comece-a-quinta-feira-meditando-nem-todo-aquele-que-me-diz-senhor-senhor-entrara-no-reino-dos-ceus-mt-721-24-27\/","title":{"rendered":"COMECE A QUINTA-FEIRA MEDITANDO: &#8220;Nem todo aquele que me diz: \u2018Senhor, Senhor\u2019, entrar\u00e1 no Reino dos C\u00e9us&#8221; &#8211; Mt 7,21.24-27"},"content":{"rendered":"<p><a href=\"https:\/\/i0.wp.com\/blogdoeloiltoncajuhy.com.br\/site\/wp-content\/uploads\/2015\/10\/liturgia_diaria.jpg\"><img data-recalc-dims=\"1\" fetchpriority=\"high\" decoding=\"async\" class=\"aligncenter wp-image-4757 size-medium\" src=\"https:\/\/i0.wp.com\/blogdoeloiltoncajuhy.com.br\/site\/wp-content\/uploads\/2015\/10\/liturgia_diaria.jpg?resize=300%2C227\" alt=\"liturgia_diaria\" width=\"300\" height=\"227\" srcset=\"https:\/\/i0.wp.com\/blogdoeloiltoncajuhy.com.br\/site\/wp-content\/uploads\/2015\/10\/liturgia_diaria.jpg?resize=300%2C227&amp;ssl=1 300w, https:\/\/i0.wp.com\/blogdoeloiltoncajuhy.com.br\/site\/wp-content\/uploads\/2015\/10\/liturgia_diaria.jpg?resize=250%2C189&amp;ssl=1 250w, https:\/\/i0.wp.com\/blogdoeloiltoncajuhy.com.br\/site\/wp-content\/uploads\/2015\/10\/liturgia_diaria.jpg?w=449&amp;ssl=1 449w\" sizes=\"(max-width: 300px) 100vw, 300px\" \/><\/a>Naquele tempo, disse Jesus aos seus disc\u00edpulos: \u201cNem todo aquele que me diz: \u2018Senhor, Senhor\u2019, entrar\u00e1 no Reino dos C\u00e9us, mas o que p\u00f5e em pr\u00e1tica a vontade de meu Pai que est\u00e1 nos c\u00e9us.<\/p>\n<p>Portanto, quem ouve estas minhas palavras e as p\u00f5e em pr\u00e1tica, \u00e9 como um homem prudente, que construiu sua casa sobre a rocha. Caiu a chuva, vieram as enchentes, os ventos deram contra a casa, mas a casa n\u00e3o caiu, porque estava constru\u00edda sobre a rocha.<\/p>\n<p>Por outro lado, quem ouve estas minhas palavras e n\u00e3o as p\u00f5e em pr\u00e1tica, \u00e9 como um homem sem ju\u00edzo, que construiu sua casa sobre a areia. Caiu a chuva, vieram as enchentes, os ventos sopraram e deram contra a casa, e a casa caiu, e sua ru\u00edna foi completa!\u201d<\/p>\n<p><strong><em>*<a href=\"http:\/\/liturgia.cancaonova.com\/liturgia\/1a-semana-do-advento-quinta-feira-01122016\/\">Can\u00e7\u00e3o Nova<\/a><\/em><\/strong><\/p>\n","protected":false},"excerpt":{"rendered":"<p>Naquele tempo, disse Jesus aos seus disc\u00edpulos: \u201cNem todo aquele que me diz: \u2018Senhor, Senhor\u2019, entrar\u00e1 no Reino dos C\u00e9us, mas o que p\u00f5e em pr\u00e1tica a vontade de meu Pai que est\u00e1 nos c\u00e9us. Portanto, quem ouve estas minhas palavras e as p\u00f5e em pr\u00e1tica, \u00e9 como um homem prudente, que construiu sua casa [&hellip;]<\/p>\n","protected":false},"author":2,"featured_media":0,"comment_status":"open","ping_status":"open","sticky":false,"template":"","format":"standard","meta":{"_acf_changed":false,"_monsterinsights_skip_tracking":false,"_monsterinsights_sitenote_active":false,"_monsterinsights_sitenote_note":"","_monsterinsights_sitenote_category":0,"_jetpack_memberships_contains_paid_content":false,"footnotes":"","jetpack_publicize_message":"","jetpack_publicize_feature_enabled":true,"jetpack_social_post_already_shared":true,"jetpack_social_options":{"image_generator_settings":{"template":"highway","default_image_id":0,"font":"","enabled":false},"version":2}},"categories":[1,9],"tags":[],"class_list":["post-13776","post","type-post","status-publish","format-standard","hentry","category-noticias","category-reflexao"],"acf":[],"jetpack_publicize_connections":[],"jetpack_featured_media_url":"","jetpack_sharing_enabled":true,"publishpress_future_workflow_manual_trigger":{"enabledWorkflows":[]},"_links":{"self":[{"href":"https:\/\/blogdoeloiltoncajuhy.com.br\/site\/wp-json\/wp\/v2\/posts\/13776","targetHints":{"allow":["GET"]}}],"collection":[{"href":"https:\/\/blogdoeloiltoncajuhy.com.br\/site\/wp-json\/wp\/v2\/posts"}],"about":[{"href":"https:\/\/blogdoeloiltoncajuhy.com.br\/site\/wp-json\/wp\/v2\/types\/post"}],"author":[{"embeddable":true,"href":"https:\/\/blogdoeloiltoncajuhy.com.br\/site\/wp-json\/wp\/v2\/users\/2"}],"replies":[{"embeddable":true,"href":"https:\/\/blogdoeloiltoncajuhy.com.br\/site\/wp-json\/wp\/v2\/comments?post=13776"}],"version-history":[{"count":1,"href":"https:\/\/blogdoeloiltoncajuhy.com.br\/site\/wp-json\/wp\/v2\/posts\/13776\/revisions"}],"predecessor-version":[{"id":13777,"href":"https:\/\/blogdoeloiltoncajuhy.com.br\/site\/wp-json\/wp\/v2\/posts\/13776\/revisions\/13777"}],"wp:attachment":[{"href":"https:\/\/blogdoeloiltoncajuhy.com.br\/site\/wp-json\/wp\/v2\/media?parent=13776"}],"wp:term":[{"taxonomy":"category","embeddable":true,"href":"https:\/\/blogdoeloiltoncajuhy.com.br\/site\/wp-json\/wp\/v2\/categories?post=13776"},{"taxonomy":"post_tag","embeddable":true,"href":"https:\/\/blogdoeloiltoncajuhy.com.br\/site\/wp-json\/wp\/v2\/tags?post=13776"}],"curies":[{"name":"wp","href":"https:\/\/api.w.org\/{rel}","templated":true}]}}