{"id":13772,"date":"2016-11-30T20:55:29","date_gmt":"2016-11-30T23:55:29","guid":{"rendered":"http:\/\/blogdoeloiltoncajuhy.com.br\/site\/?p=13772"},"modified":"2016-11-30T20:55:29","modified_gmt":"2016-11-30T23:55:29","slug":"forca-tarefa-pode-renunciar-se-lei-de-abuso-entrar-em-vigor-diz-procurador","status":"publish","type":"post","link":"https:\/\/blogdoeloiltoncajuhy.com.br\/site\/forca-tarefa-pode-renunciar-se-lei-de-abuso-entrar-em-vigor-diz-procurador\/","title":{"rendered":"For\u00e7a-tarefa pode renunciar se lei de abuso entrar em vigor, diz procurador"},"content":{"rendered":"<p style=\"text-align: center;\"><em><strong>Afirma\u00e7\u00e3o \u00e9 sobre emenda ao pacote de medidas contra corrup\u00e7\u00e3o.\u00a0Texto-base foi aprovado na C\u00e2mara na noite de ter\u00e7a-feira (29)<\/strong><\/em><\/p>\n<figure id=\"attachment_13774\" aria-describedby=\"caption-attachment-13774\" style=\"width: 500px\" class=\"wp-caption aligncenter\"><a href=\"https:\/\/i0.wp.com\/blogdoeloiltoncajuhy.com.br\/site\/wp-content\/uploads\/2016\/11\/carlos-lima-e1480550067464.jpg\"><img data-recalc-dims=\"1\" fetchpriority=\"high\" decoding=\"async\" class=\"wp-image-13774 size-full\" src=\"https:\/\/i0.wp.com\/blogdoeloiltoncajuhy.com.br\/site\/wp-content\/uploads\/2016\/11\/carlos-lima-e1480550067464.jpg?resize=500%2C300\" alt=\"carlos-lima\" width=\"500\" height=\"300\" \/><\/a><figcaption id=\"caption-attachment-13774\" class=\"wp-caption-text\">O procurador Carlos dos Santos Fernando Lima (Foto &#8211; Cesar Machado\/AGP\/Folhapress)<\/figcaption><\/figure>\n<p style=\"text-align: left;\">Os procuradores da for\u00e7a-tarefa da Opera\u00e7\u00e3o Lava Jato repudiaram o que chamam de ataque feito pela C\u00e2mara contra as investiga\u00e7\u00f5es e a independ\u00eancia dos promotores, procuradores e ju\u00edzes. Em entrevista em Curitiba, nesta quarta-feira (30), eles criticaram as mudan\u00e7as no pacote anticorrup\u00e7\u00e3o, que foi aprovado pelos deputados nesta madrugada.<\/p>\n<p style=\"text-align: left;\">O procurador do Minist\u00e9rio P\u00fablico Federal (MPF) Carlos dos Santos Lima chegou a dizer que a for\u00e7a-tarefa amea\u00e7a abandonar os trabalhos se a &#8220;proposta de intimida\u00e7\u00e3o de ju\u00edzes e procuradores&#8221; for sancionada. Uma emenda feita pelo PDT \u2013 e inclu\u00edda nesta ter\u00e7a no pacote \u2013 prev\u00ea as condutas pelas quais ju\u00edzes e membros do Minist\u00e9rio P\u00fablico poder\u00e3o responder por abuso de autoridade.<\/p>\n<p style=\"text-align: left;\">&#8220;N\u00f3s somos funcion\u00e1rios p\u00fablicos. Temos uma carreira no Estado e n\u00e3o estaremos mais protegidos pela lei. Se n\u00f3s acusarmos, n\u00f3s podemos ser acusados. N\u00f3s podemos responder, inclusive, pelo nosso patrim\u00f4nio. N\u00e3o \u00e9 poss\u00edvel, em nenhum estado de direito, que n\u00e3o se protejam promotores e procuradores contra os pr\u00f3prios acusados. Nesse sentido, a nossa proposta \u00e9 de renunciar coletivamente caso essa proposta seja sancionada pelo presidente&#8221;, disse Lima.<\/p>\n<p style=\"text-align: left;\">Questionado sobre o que significava essa ren\u00fancia, o procurador respondeu: &#8220;N\u00f3s temos responsabilidade em outros locais, e vamos simplesmente voltar para nossas atividades&#8221;.<\/p>\n<figure id=\"attachment_13773\" aria-describedby=\"caption-attachment-13773\" style=\"width: 458px\" class=\"wp-caption aligncenter\"><a href=\"https:\/\/i0.wp.com\/blogdoeloiltoncajuhy.com.br\/site\/wp-content\/uploads\/2016\/11\/deltan.jpg\"><img data-recalc-dims=\"1\" decoding=\"async\" class=\"wp-image-13773 size-full\" src=\"https:\/\/i0.wp.com\/blogdoeloiltoncajuhy.com.br\/site\/wp-content\/uploads\/2016\/11\/deltan.jpg?resize=458%2C275\" alt=\"deltan\" width=\"458\" height=\"275\" srcset=\"https:\/\/i0.wp.com\/blogdoeloiltoncajuhy.com.br\/site\/wp-content\/uploads\/2016\/11\/deltan.jpg?w=458&amp;ssl=1 458w, https:\/\/i0.wp.com\/blogdoeloiltoncajuhy.com.br\/site\/wp-content\/uploads\/2016\/11\/deltan.jpg?resize=300%2C180&amp;ssl=1 300w, https:\/\/i0.wp.com\/blogdoeloiltoncajuhy.com.br\/site\/wp-content\/uploads\/2016\/11\/deltan.jpg?resize=250%2C150&amp;ssl=1 250w\" sizes=\"(max-width: 458px) 100vw, 458px\" \/><\/a><figcaption id=\"caption-attachment-13773\" class=\"wp-caption-text\">Procurador Deltan Dallagnol (Foto &#8211; Giuliano Gomes \/ Ag\u00eancia O Globo)<\/figcaption><\/figure>\n<p style=\"text-align: left;\"><strong>&#8216;Come\u00e7o do fim&#8217;<\/strong><\/p>\n<p style=\"text-align: left;\">O procurador Deltan Dallagnol, que coordena a for\u00e7a-tarefa da Lava Jato, leu uma nota feita pelos procuradores da Rep\u00fablica e afirmou que a vota\u00e7\u00e3o na C\u00e2mara foi o &#8220;golpe mais forte efetuado contra a Lava Jato concretamente em toda a sua hist\u00f3ria&#8221;.<\/p>\n<p style=\"text-align: left;\">Dallagnol disse que, se for aprovada, &#8220;a proposta ser\u00e1 o come\u00e7o do fim da Lava Jato&#8221;.\u00a0&#8220;A for\u00e7a-tarefa da Lava Jato reafirma seu compromisso de avan\u00e7ar enquanto for poss\u00edvel, trabalhando ainda mais duro dentro das regras da Constitui\u00e7\u00e3o e das leis para investigar, processar e punir a \u00a0corrup\u00e7\u00e3o seja quem for o criminoso. Contudo, os procuradores da for\u00e7a-tarefa est\u00e3o de acordo que n\u00e3o ser\u00e1 poss\u00edvel continuar trabalhando na Lava Jato se a &#8216;lei da intimida\u00e7\u00e3o&#8217; for aprovada&#8221;, disse o procurador.<\/p>\n<p style=\"text-align: left;\"><em>*Thais Kaniak e Amanda Polato \/\u00a0<\/em><em>G1 PR e G1 S\u00e3o Paulo<\/em><\/p>\n","protected":false},"excerpt":{"rendered":"<p>Afirma\u00e7\u00e3o \u00e9 sobre emenda ao pacote de medidas contra corrup\u00e7\u00e3o.\u00a0Texto-base foi aprovado na C\u00e2mara na noite de ter\u00e7a-feira (29) Os procuradores da for\u00e7a-tarefa da Opera\u00e7\u00e3o Lava Jato repudiaram o que chamam de ataque feito pela C\u00e2mara contra as investiga\u00e7\u00f5es e a independ\u00eancia dos promotores, procuradores e ju\u00edzes. Em entrevista em Curitiba, nesta quarta-feira (30), eles [&hellip;]<\/p>\n","protected":false},"author":2,"featured_media":13774,"comment_status":"open","ping_status":"open","sticky":false,"template":"","format":"standard","meta":{"_acf_changed":false,"_monsterinsights_skip_tracking":false,"_monsterinsights_sitenote_active":false,"_monsterinsights_sitenote_note":"","_monsterinsights_sitenote_category":0,"_jetpack_memberships_contains_paid_content":false,"footnotes":"","jetpack_publicize_message":"","jetpack_publicize_feature_enabled":true,"jetpack_social_post_already_shared":true,"jetpack_social_options":{"image_generator_settings":{"template":"highway","default_image_id":0,"font":"","enabled":false},"version":2}},"categories":[5,1,3],"tags":[],"class_list":["post-13772","post","type-post","status-publish","format-standard","has-post-thumbnail","hentry","category-cotidiano","category-noticias","category-politica"],"acf":[],"jetpack_publicize_connections":[],"jetpack_featured_media_url":"https:\/\/i0.wp.com\/blogdoeloiltoncajuhy.com.br\/site\/wp-content\/uploads\/2016\/11\/carlos-lima-e1480550067464.jpg?fit=500%2C300&ssl=1","jetpack_sharing_enabled":true,"publishpress_future_workflow_manual_trigger":{"enabledWorkflows":[]},"_links":{"self":[{"href":"https:\/\/blogdoeloiltoncajuhy.com.br\/site\/wp-json\/wp\/v2\/posts\/13772","targetHints":{"allow":["GET"]}}],"collection":[{"href":"https:\/\/blogdoeloiltoncajuhy.com.br\/site\/wp-json\/wp\/v2\/posts"}],"about":[{"href":"https:\/\/blogdoeloiltoncajuhy.com.br\/site\/wp-json\/wp\/v2\/types\/post"}],"author":[{"embeddable":true,"href":"https:\/\/blogdoeloiltoncajuhy.com.br\/site\/wp-json\/wp\/v2\/users\/2"}],"replies":[{"embeddable":true,"href":"https:\/\/blogdoeloiltoncajuhy.com.br\/site\/wp-json\/wp\/v2\/comments?post=13772"}],"version-history":[{"count":1,"href":"https:\/\/blogdoeloiltoncajuhy.com.br\/site\/wp-json\/wp\/v2\/posts\/13772\/revisions"}],"predecessor-version":[{"id":13775,"href":"https:\/\/blogdoeloiltoncajuhy.com.br\/site\/wp-json\/wp\/v2\/posts\/13772\/revisions\/13775"}],"wp:featuredmedia":[{"embeddable":true,"href":"https:\/\/blogdoeloiltoncajuhy.com.br\/site\/wp-json\/wp\/v2\/media\/13774"}],"wp:attachment":[{"href":"https:\/\/blogdoeloiltoncajuhy.com.br\/site\/wp-json\/wp\/v2\/media?parent=13772"}],"wp:term":[{"taxonomy":"category","embeddable":true,"href":"https:\/\/blogdoeloiltoncajuhy.com.br\/site\/wp-json\/wp\/v2\/categories?post=13772"},{"taxonomy":"post_tag","embeddable":true,"href":"https:\/\/blogdoeloiltoncajuhy.com.br\/site\/wp-json\/wp\/v2\/tags?post=13772"}],"curies":[{"name":"wp","href":"https:\/\/api.w.org\/{rel}","templated":true}]}}