{"id":13769,"date":"2016-11-30T20:18:12","date_gmt":"2016-11-30T23:18:12","guid":{"rendered":"http:\/\/blogdoeloiltoncajuhy.com.br\/site\/?p=13769"},"modified":"2016-11-30T20:18:12","modified_gmt":"2016-11-30T23:18:12","slug":"com-oracoes-e-torcida-arena-conda-recebe-homenagens-a-vitimas-da-colombia","status":"publish","type":"post","link":"https:\/\/blogdoeloiltoncajuhy.com.br\/site\/com-oracoes-e-torcida-arena-conda-recebe-homenagens-a-vitimas-da-colombia\/","title":{"rendered":"Com ora\u00e7\u00f5es e torcida, Arena Cond\u00e1 recebe homenagens a v\u00edtimas da Col\u00f4mbia"},"content":{"rendered":"<figure id=\"attachment_13770\" aria-describedby=\"caption-attachment-13770\" style=\"width: 600px\" class=\"wp-caption aligncenter\"><a href=\"https:\/\/i0.wp.com\/blogdoeloiltoncajuhy.com.br\/site\/wp-content\/uploads\/2016\/11\/arena-cond%C3%A1-e1480547659867.jpg\"><img data-recalc-dims=\"1\" fetchpriority=\"high\" decoding=\"async\" class=\"wp-image-13770 size-full\" src=\"https:\/\/i0.wp.com\/blogdoeloiltoncajuhy.com.br\/site\/wp-content\/uploads\/2016\/11\/arena-cond%C3%A1-e1480547659867.jpg?resize=600%2C319\" alt=\"arena-conda\" width=\"600\" height=\"319\" \/><\/a><figcaption id=\"caption-attachment-13770\" class=\"wp-caption-text\">Arena Cond\u00e1 recebe homenagem a jogadores e funcion\u00e1rios da Chapecoense mortos em desastre a\u00e9reo na Col\u00f4mbia (Imagem: Danilo Lavieri\/UOL)<\/figcaption><\/figure>\n<p>A Arena Cond\u00e1 recebe nesta quarta-feira (30) uma homenagem \u00e0s v\u00edtimas do desastre a\u00e9reo com o voo da Chapecoense na Col\u00f4mbia, na madrugada de ter\u00e7a-feira. Ao todo, entre funcion\u00e1rios do clube, convidados, jornalistas e tripulantes do voo, 71 pessoas morreram.<\/p>\n<p>As arquibancadas do est\u00e1dio de Chapec\u00f3 se encheram de torcedores para o tributo. Presente, a torcida aplaudiu, orou e at\u00e9 mesmo agitou um bandeir\u00e3o antes mesmo do in\u00edcio oficial da programa\u00e7\u00e3o.<\/p>\n<p>Apesar da consterna\u00e7\u00e3o dos presentes, o clima era de incentivo, com direito a c\u00e2nticos do p\u00fablico. Entre eles, versos como &#8220;somos o \u00cdndio do Oeste&#8221;, recorrente nos jogos do time, e &#8220;me escutem, em todo o continente, em todo continente, sempre recordaremos a campe\u00e3 Chapecoense&#8221;, como cantado pela torcida do Atl\u00e9tico Nacional em Medell\u00edn.<\/p>\n<p>O centro do gramado recebeu cadeiras, seguran\u00e7as e um altar para a celebra\u00e7\u00e3o, onde ficar\u00e3o concentrados familiares e amigos das v\u00edtimas.<\/p>\n<p>Tamb\u00e9m nesta quarta-feira, \u00e0s 21h45 (hor\u00e1rio de Bras\u00edlia), o Atl\u00e9tico Nacional realizar\u00e1 uma homenagem no Est\u00e1dio Atan\u00e1sio Girardot, em Medell\u00edn &#8211; justamente o palco que receberia o jogo de ida pelas finais da Copa Sul-Americana.<\/p>\n<p><strong>Jogadores presentes &#8211;\u00a0<\/strong>O lateral direito Fabiano, ex-jogador da Chapecoense, compareceu ao evento. Foi ele o respons\u00e1vel pelo gol do Palmeiras, seu atual clube, na vit\u00f3ria por 1 a 0 sobre a Chape no domingo por 1 a 0, resultado que garantiu ao time paulista o t\u00edtulo do Campeonato Brasileiro.<\/p>\n<p>O zagueiro Rafael Lima, que foi cortado da delega\u00e7\u00e3o que viajou a S\u00e3o Paulo e \u00e0 Col\u00f4mbia, tamb\u00e9m compareceu. Bastante emocionados, familiares das v\u00edtimas da trag\u00e9dia precisaram ser carregados at\u00e9 o centro do gramado.<\/p>\n<p>A organiza\u00e7\u00e3o do evento anunciou ainda a realiza\u00e7\u00e3o de um abra\u00e7o coletivo no est\u00e1dio, dentro e fora, no domingo. A nova cerim\u00f4nia acontece \u00e0s 17h, hor\u00e1rio em que aconteceria a partida entre Chape e Atl\u00e9tico-MG pelo Campeonato Brasileiro.<\/p>\n<p><em>*Do UOL em Chapec\u00f3<\/em><\/p>\n","protected":false},"excerpt":{"rendered":"<p>A Arena Cond\u00e1 recebe nesta quarta-feira (30) uma homenagem \u00e0s v\u00edtimas do desastre a\u00e9reo com o voo da Chapecoense na Col\u00f4mbia, na madrugada de ter\u00e7a-feira. Ao todo, entre funcion\u00e1rios do clube, convidados, jornalistas e tripulantes do voo, 71 pessoas morreram. As arquibancadas do est\u00e1dio de Chapec\u00f3 se encheram de torcedores para o tributo. Presente, a [&hellip;]<\/p>\n","protected":false},"author":2,"featured_media":13770,"comment_status":"open","ping_status":"open","sticky":false,"template":"","format":"standard","meta":{"_acf_changed":false,"_monsterinsights_skip_tracking":false,"_monsterinsights_sitenote_active":false,"_monsterinsights_sitenote_note":"","_monsterinsights_sitenote_category":0,"_jetpack_memberships_contains_paid_content":false,"footnotes":"","jetpack_publicize_message":"","jetpack_publicize_feature_enabled":true,"jetpack_social_post_already_shared":true,"jetpack_social_options":{"image_generator_settings":{"template":"highway","default_image_id":0,"font":"","enabled":false},"version":2}},"categories":[5,6,1],"tags":[],"class_list":["post-13769","post","type-post","status-publish","format-standard","has-post-thumbnail","hentry","category-cotidiano","category-esportes","category-noticias"],"acf":[],"jetpack_publicize_connections":[],"jetpack_featured_media_url":"https:\/\/i0.wp.com\/blogdoeloiltoncajuhy.com.br\/site\/wp-content\/uploads\/2016\/11\/arena-cond%C3%A1-e1480547659867.jpg?fit=600%2C319&ssl=1","jetpack_sharing_enabled":true,"publishpress_future_workflow_manual_trigger":{"enabledWorkflows":[]},"_links":{"self":[{"href":"https:\/\/blogdoeloiltoncajuhy.com.br\/site\/wp-json\/wp\/v2\/posts\/13769","targetHints":{"allow":["GET"]}}],"collection":[{"href":"https:\/\/blogdoeloiltoncajuhy.com.br\/site\/wp-json\/wp\/v2\/posts"}],"about":[{"href":"https:\/\/blogdoeloiltoncajuhy.com.br\/site\/wp-json\/wp\/v2\/types\/post"}],"author":[{"embeddable":true,"href":"https:\/\/blogdoeloiltoncajuhy.com.br\/site\/wp-json\/wp\/v2\/users\/2"}],"replies":[{"embeddable":true,"href":"https:\/\/blogdoeloiltoncajuhy.com.br\/site\/wp-json\/wp\/v2\/comments?post=13769"}],"version-history":[{"count":1,"href":"https:\/\/blogdoeloiltoncajuhy.com.br\/site\/wp-json\/wp\/v2\/posts\/13769\/revisions"}],"predecessor-version":[{"id":13771,"href":"https:\/\/blogdoeloiltoncajuhy.com.br\/site\/wp-json\/wp\/v2\/posts\/13769\/revisions\/13771"}],"wp:featuredmedia":[{"embeddable":true,"href":"https:\/\/blogdoeloiltoncajuhy.com.br\/site\/wp-json\/wp\/v2\/media\/13770"}],"wp:attachment":[{"href":"https:\/\/blogdoeloiltoncajuhy.com.br\/site\/wp-json\/wp\/v2\/media?parent=13769"}],"wp:term":[{"taxonomy":"category","embeddable":true,"href":"https:\/\/blogdoeloiltoncajuhy.com.br\/site\/wp-json\/wp\/v2\/categories?post=13769"},{"taxonomy":"post_tag","embeddable":true,"href":"https:\/\/blogdoeloiltoncajuhy.com.br\/site\/wp-json\/wp\/v2\/tags?post=13769"}],"curies":[{"name":"wp","href":"https:\/\/api.w.org\/{rel}","templated":true}]}}