{"id":13762,"date":"2016-11-30T12:21:08","date_gmt":"2016-11-30T15:21:08","guid":{"rendered":"http:\/\/blogdoeloiltoncajuhy.com.br\/site\/?p=13762"},"modified":"2016-11-30T12:21:08","modified_gmt":"2016-11-30T15:21:08","slug":"policia-jovem-e-morto-a-tiros-na-frente-do-filho-em-conceicao-coite","status":"publish","type":"post","link":"https:\/\/blogdoeloiltoncajuhy.com.br\/site\/policia-jovem-e-morto-a-tiros-na-frente-do-filho-em-conceicao-coite\/","title":{"rendered":"POL\u00cdCIA: Jovem \u00e9 morto a tiros na frente do filho em Concei\u00e7\u00e3o Coit\u00e9"},"content":{"rendered":"<p style=\"text-align: center;\"><em><strong>V\u00edtima estava com o filho no colo que ao perceber a chegada dos criminosos teria colocado a crian\u00e7a no banco ao lado<\/strong><\/em><\/p>\n<p><a href=\"https:\/\/i0.wp.com\/blogdoeloiltoncajuhy.com.br\/site\/wp-content\/uploads\/2016\/11\/carro-de-g%C3%AA.2-e1480519234668.jpg\"><img data-recalc-dims=\"1\" fetchpriority=\"high\" decoding=\"async\" class=\"aligncenter size-full wp-image-13763\" src=\"https:\/\/i0.wp.com\/blogdoeloiltoncajuhy.com.br\/site\/wp-content\/uploads\/2016\/11\/carro-de-g%C3%AA.2-e1480519234668.jpg?resize=500%2C334\" alt=\"carro-de-ge-2\" width=\"500\" height=\"334\" \/><\/a>Um homem foi morto depois de receber v\u00e1rios tiros, por volta das 19h desta ter\u00e7a-feira, 29, em Concei\u00e7\u00e3o do\u00a0Coit\u00e9. Segundo informa\u00e7\u00f5es da Pol\u00edcia, testemunhas disseram que dois homens a bordo de uma motocicleta de dados ignorados, se aproximaram do carro da v\u00edtima, um Palio que estava estacionado na frente da casa da ex-companheira, e no momento estava com o filho de apenas dois anos no colo que n\u00e3o foi atingido.<\/p>\n<p>Os assassinos se aproximaram do para-brisa dianteiro e fizeram os disparos que acertaram Gedson Oliveira da Silva, 24 anos, conhecido por \u201cG\u00ea\u201d, natural do Povoado de Almas, e que segundo informa\u00e7\u00f5es estava morando no Bairro da Quadra, na sede de Coit\u00e9.<\/p>\n<p>A Policia Militar, que prestou socorro a v\u00edtima at\u00e9 o Hospital Portugu\u00eas Unidade Regional de Concei\u00e7\u00e3o do Coit\u00e9, disse ao CN que o crime aconteceu depois uma viatura passou pelo local. A PM chegou a deter um homem que corria sujo de sangue pela rua, mas o rapaz estaria indo at\u00e9 a sede da Brigada Volunt\u00e1ria Anjos da Vida em busca de ajuda, mas a institui\u00e7\u00e3o estava sem ambul\u00e2ncia e a pr\u00f3pria PM conduziu o rapaz ainda com vida para o hospital onde faleceu.<\/p>\n<p><a href=\"https:\/\/i0.wp.com\/blogdoeloiltoncajuhy.com.br\/site\/wp-content\/uploads\/2016\/11\/carro-de-g%C3%AA-e1480519255821.jpg\"><img data-recalc-dims=\"1\" decoding=\"async\" class=\"aligncenter size-full wp-image-13764\" src=\"https:\/\/i0.wp.com\/blogdoeloiltoncajuhy.com.br\/site\/wp-content\/uploads\/2016\/11\/carro-de-g%C3%AA-e1480519255821.jpg?resize=500%2C318\" alt=\"carro-de-ge\" width=\"500\" height=\"318\" \/><\/a>De acordo com a PM, alguns meses atr\u00e1s, G\u00ea foi conduzido \u00e0\u00a0Delegacia com um carro que tinha restri\u00e7\u00e3o de roubo.<\/p>\n<p><em>*Calila Not\u00edcias \/ Adapta\u00e7\u00e3o Eloilton Cajuhy &#8211; DRT 3621<\/em><\/p>\n","protected":false},"excerpt":{"rendered":"<p>V\u00edtima estava com o filho no colo que ao perceber a chegada dos criminosos teria colocado a crian\u00e7a no banco ao lado Um homem foi morto depois de receber v\u00e1rios tiros, por volta das 19h desta ter\u00e7a-feira, 29, em Concei\u00e7\u00e3o do\u00a0Coit\u00e9. Segundo informa\u00e7\u00f5es da Pol\u00edcia, testemunhas disseram que dois homens a bordo de uma motocicleta [&hellip;]<\/p>\n","protected":false},"author":2,"featured_media":13764,"comment_status":"open","ping_status":"open","sticky":false,"template":"","format":"standard","meta":{"_acf_changed":false,"_monsterinsights_skip_tracking":false,"_monsterinsights_sitenote_active":false,"_monsterinsights_sitenote_note":"","_monsterinsights_sitenote_category":0,"_jetpack_memberships_contains_paid_content":false,"footnotes":"","jetpack_publicize_message":"","jetpack_publicize_feature_enabled":true,"jetpack_social_post_already_shared":true,"jetpack_social_options":{"image_generator_settings":{"template":"highway","default_image_id":0,"font":"","enabled":false},"version":2}},"categories":[5,1,11],"tags":[],"class_list":["post-13762","post","type-post","status-publish","format-standard","has-post-thumbnail","hentry","category-cotidiano","category-noticias","category-regional"],"acf":[],"jetpack_publicize_connections":[],"jetpack_featured_media_url":"https:\/\/i0.wp.com\/blogdoeloiltoncajuhy.com.br\/site\/wp-content\/uploads\/2016\/11\/carro-de-g%C3%AA-e1480519255821.jpg?fit=500%2C318&ssl=1","jetpack_sharing_enabled":true,"publishpress_future_workflow_manual_trigger":{"enabledWorkflows":[]},"_links":{"self":[{"href":"https:\/\/blogdoeloiltoncajuhy.com.br\/site\/wp-json\/wp\/v2\/posts\/13762","targetHints":{"allow":["GET"]}}],"collection":[{"href":"https:\/\/blogdoeloiltoncajuhy.com.br\/site\/wp-json\/wp\/v2\/posts"}],"about":[{"href":"https:\/\/blogdoeloiltoncajuhy.com.br\/site\/wp-json\/wp\/v2\/types\/post"}],"author":[{"embeddable":true,"href":"https:\/\/blogdoeloiltoncajuhy.com.br\/site\/wp-json\/wp\/v2\/users\/2"}],"replies":[{"embeddable":true,"href":"https:\/\/blogdoeloiltoncajuhy.com.br\/site\/wp-json\/wp\/v2\/comments?post=13762"}],"version-history":[{"count":1,"href":"https:\/\/blogdoeloiltoncajuhy.com.br\/site\/wp-json\/wp\/v2\/posts\/13762\/revisions"}],"predecessor-version":[{"id":13765,"href":"https:\/\/blogdoeloiltoncajuhy.com.br\/site\/wp-json\/wp\/v2\/posts\/13762\/revisions\/13765"}],"wp:featuredmedia":[{"embeddable":true,"href":"https:\/\/blogdoeloiltoncajuhy.com.br\/site\/wp-json\/wp\/v2\/media\/13764"}],"wp:attachment":[{"href":"https:\/\/blogdoeloiltoncajuhy.com.br\/site\/wp-json\/wp\/v2\/media?parent=13762"}],"wp:term":[{"taxonomy":"category","embeddable":true,"href":"https:\/\/blogdoeloiltoncajuhy.com.br\/site\/wp-json\/wp\/v2\/categories?post=13762"},{"taxonomy":"post_tag","embeddable":true,"href":"https:\/\/blogdoeloiltoncajuhy.com.br\/site\/wp-json\/wp\/v2\/tags?post=13762"}],"curies":[{"name":"wp","href":"https:\/\/api.w.org\/{rel}","templated":true}]}}