{"id":13759,"date":"2016-11-30T09:44:58","date_gmt":"2016-11-30T12:44:58","guid":{"rendered":"http:\/\/blogdoeloiltoncajuhy.com.br\/site\/?p=13759"},"modified":"2016-11-30T09:44:58","modified_gmt":"2016-11-30T12:44:58","slug":"governo-lanca-programa-primeiro-emprego-com-nove-mil-vagas-ate-2018","status":"publish","type":"post","link":"https:\/\/blogdoeloiltoncajuhy.com.br\/site\/governo-lanca-programa-primeiro-emprego-com-nove-mil-vagas-ate-2018\/","title":{"rendered":"Governo lan\u00e7a programa Primeiro Emprego com nove mil vagas at\u00e9 2018"},"content":{"rendered":"<p><a href=\"https:\/\/i0.wp.com\/blogdoeloiltoncajuhy.com.br\/site\/wp-content\/uploads\/2016\/11\/primeiro-emprego.jpg\"><img data-recalc-dims=\"1\" fetchpriority=\"high\" decoding=\"async\" class=\"aligncenter size-full wp-image-13760\" src=\"https:\/\/i0.wp.com\/blogdoeloiltoncajuhy.com.br\/site\/wp-content\/uploads\/2016\/11\/primeiro-emprego.jpg?resize=540%2C275\" alt=\"primeiro-emprego\" width=\"540\" height=\"275\" srcset=\"https:\/\/i0.wp.com\/blogdoeloiltoncajuhy.com.br\/site\/wp-content\/uploads\/2016\/11\/primeiro-emprego.jpg?w=540&amp;ssl=1 540w, https:\/\/i0.wp.com\/blogdoeloiltoncajuhy.com.br\/site\/wp-content\/uploads\/2016\/11\/primeiro-emprego.jpg?resize=300%2C153&amp;ssl=1 300w, https:\/\/i0.wp.com\/blogdoeloiltoncajuhy.com.br\/site\/wp-content\/uploads\/2016\/11\/primeiro-emprego.jpg?resize=250%2C127&amp;ssl=1 250w\" sizes=\"(max-width: 540px) 100vw, 540px\" \/><\/a>Nove mil jovens formados a partir de 2015 na rede estadual de educa\u00e7\u00e3o profissional poder\u00e3o ingressar no programa Primeiro Emprego, que est\u00e1 sendo lan\u00e7ado pelo governador Rui Costa, nesta quarta-feira (30), em Salvador. O crit\u00e9rio de sele\u00e7\u00e3o ser\u00e1 baseado no desempenho do aluno em sala de aula. A meta \u00e9 preencher nove mil vagas at\u00e9 2018 no setor p\u00fablico. Na primeira etapa, as vagas ser\u00e3o preenchidas nas \u00e1reas da Sa\u00fade, Educa\u00e7\u00e3o e Seguran\u00e7a P\u00fablica.<\/p>\n<p><em>SECOM-BA<\/em><\/p>\n","protected":false},"excerpt":{"rendered":"<p>Nove mil jovens formados a partir de 2015 na rede estadual de educa\u00e7\u00e3o profissional poder\u00e3o ingressar no programa Primeiro Emprego, que est\u00e1 sendo lan\u00e7ado pelo governador Rui Costa, nesta quarta-feira (30), em Salvador. O crit\u00e9rio de sele\u00e7\u00e3o ser\u00e1 baseado no desempenho do aluno em sala de aula. A meta \u00e9 preencher nove mil vagas at\u00e9 [&hellip;]<\/p>\n","protected":false},"author":2,"featured_media":13760,"comment_status":"open","ping_status":"open","sticky":false,"template":"","format":"standard","meta":{"_acf_changed":false,"_monsterinsights_skip_tracking":false,"_monsterinsights_sitenote_active":false,"_monsterinsights_sitenote_note":"","_monsterinsights_sitenote_category":0,"_jetpack_memberships_contains_paid_content":false,"footnotes":"","jetpack_publicize_message":"","jetpack_publicize_feature_enabled":true,"jetpack_social_post_already_shared":true,"jetpack_social_options":{"image_generator_settings":{"template":"highway","default_image_id":0,"font":"","enabled":false},"version":2}},"categories":[1,3],"tags":[],"class_list":["post-13759","post","type-post","status-publish","format-standard","has-post-thumbnail","hentry","category-noticias","category-politica"],"acf":[],"jetpack_publicize_connections":[],"jetpack_featured_media_url":"https:\/\/i0.wp.com\/blogdoeloiltoncajuhy.com.br\/site\/wp-content\/uploads\/2016\/11\/primeiro-emprego.jpg?fit=540%2C275&ssl=1","jetpack_sharing_enabled":true,"publishpress_future_workflow_manual_trigger":{"enabledWorkflows":[]},"_links":{"self":[{"href":"https:\/\/blogdoeloiltoncajuhy.com.br\/site\/wp-json\/wp\/v2\/posts\/13759","targetHints":{"allow":["GET"]}}],"collection":[{"href":"https:\/\/blogdoeloiltoncajuhy.com.br\/site\/wp-json\/wp\/v2\/posts"}],"about":[{"href":"https:\/\/blogdoeloiltoncajuhy.com.br\/site\/wp-json\/wp\/v2\/types\/post"}],"author":[{"embeddable":true,"href":"https:\/\/blogdoeloiltoncajuhy.com.br\/site\/wp-json\/wp\/v2\/users\/2"}],"replies":[{"embeddable":true,"href":"https:\/\/blogdoeloiltoncajuhy.com.br\/site\/wp-json\/wp\/v2\/comments?post=13759"}],"version-history":[{"count":1,"href":"https:\/\/blogdoeloiltoncajuhy.com.br\/site\/wp-json\/wp\/v2\/posts\/13759\/revisions"}],"predecessor-version":[{"id":13761,"href":"https:\/\/blogdoeloiltoncajuhy.com.br\/site\/wp-json\/wp\/v2\/posts\/13759\/revisions\/13761"}],"wp:featuredmedia":[{"embeddable":true,"href":"https:\/\/blogdoeloiltoncajuhy.com.br\/site\/wp-json\/wp\/v2\/media\/13760"}],"wp:attachment":[{"href":"https:\/\/blogdoeloiltoncajuhy.com.br\/site\/wp-json\/wp\/v2\/media?parent=13759"}],"wp:term":[{"taxonomy":"category","embeddable":true,"href":"https:\/\/blogdoeloiltoncajuhy.com.br\/site\/wp-json\/wp\/v2\/categories?post=13759"},{"taxonomy":"post_tag","embeddable":true,"href":"https:\/\/blogdoeloiltoncajuhy.com.br\/site\/wp-json\/wp\/v2\/tags?post=13759"}],"curies":[{"name":"wp","href":"https:\/\/api.w.org\/{rel}","templated":true}]}}