{"id":13756,"date":"2016-11-30T09:39:11","date_gmt":"2016-11-30T12:39:11","guid":{"rendered":"http:\/\/blogdoeloiltoncajuhy.com.br\/site\/?p=13756"},"modified":"2016-11-30T09:39:11","modified_gmt":"2016-11-30T12:39:11","slug":"embasa-nao-sera-privatizada-afirma-governador","status":"publish","type":"post","link":"https:\/\/blogdoeloiltoncajuhy.com.br\/site\/embasa-nao-sera-privatizada-afirma-governador\/","title":{"rendered":"&#8220;Embasa n\u00e3o ser\u00e1 privatizada&#8221;, afirma governador"},"content":{"rendered":"<figure id=\"attachment_13757\" aria-describedby=\"caption-attachment-13757\" style=\"width: 1280px\" class=\"wp-caption aligncenter\"><a href=\"https:\/\/i0.wp.com\/blogdoeloiltoncajuhy.com.br\/site\/wp-content\/uploads\/2016\/11\/PROERD_f_Mnbau_Dias_GOVBA_3.jpeg\"><img data-recalc-dims=\"1\" fetchpriority=\"high\" decoding=\"async\" class=\"wp-image-13757 size-full\" src=\"https:\/\/i0.wp.com\/blogdoeloiltoncajuhy.com.br\/site\/wp-content\/uploads\/2016\/11\/PROERD_f_Mnbau_Dias_GOVBA_3.jpeg?resize=800%2C566\" alt=\"proerd_f_mnbau_dias_govba_3\" width=\"800\" height=\"566\" srcset=\"https:\/\/i0.wp.com\/blogdoeloiltoncajuhy.com.br\/site\/wp-content\/uploads\/2016\/11\/PROERD_f_Mnbau_Dias_GOVBA_3.jpeg?w=1280&amp;ssl=1 1280w, https:\/\/i0.wp.com\/blogdoeloiltoncajuhy.com.br\/site\/wp-content\/uploads\/2016\/11\/PROERD_f_Mnbau_Dias_GOVBA_3.jpeg?resize=300%2C212&amp;ssl=1 300w, https:\/\/i0.wp.com\/blogdoeloiltoncajuhy.com.br\/site\/wp-content\/uploads\/2016\/11\/PROERD_f_Mnbau_Dias_GOVBA_3.jpeg?resize=768%2C544&amp;ssl=1 768w, https:\/\/i0.wp.com\/blogdoeloiltoncajuhy.com.br\/site\/wp-content\/uploads\/2016\/11\/PROERD_f_Mnbau_Dias_GOVBA_3.jpeg?resize=1024%2C725&amp;ssl=1 1024w, https:\/\/i0.wp.com\/blogdoeloiltoncajuhy.com.br\/site\/wp-content\/uploads\/2016\/11\/PROERD_f_Mnbau_Dias_GOVBA_3.jpeg?resize=250%2C177&amp;ssl=1 250w\" sizes=\"(max-width: 800px) 100vw, 800px\" \/><\/a><figcaption id=\"caption-attachment-13757\" class=\"wp-caption-text\">Foto: Manu Dias\/GOVBA<\/figcaption><\/figure>\n<p>\u201cA privatiza\u00e7\u00e3o da Embasa nunca foi, n\u00e3o \u00e9 e nunca ser\u00e1 minha inten\u00e7\u00e3o\u201d, garantiu o governador Rui Costa nesta ter\u00e7a-feira (29), durante a formatura de 5 mil crian\u00e7as participantes do Programa Educacional de Resist\u00eancia \u00e0s Drogas (Proerd). A declara\u00e7\u00e3o de Rui faz refer\u00eancia ao projeto de lei 22.011\/2016, encaminhado pelo governo baiano \u00e0 Assembleia Legislativa da Bahia (Alba) para a cria\u00e7\u00e3o da Empresa Baiana de Ativos S.A. (BahiaInvest).<\/p>\n<p>\u201cCom a BahiaInvest, estamos buscando um modelo que deu certo em alguns lugares do mundo de atrair investimentos privados, num modelo de capitaliza\u00e7\u00e3o que garanta retorno atrav\u00e9s de investimentos p\u00fablicos para setores privados que queiram investir nesta empresa. A BahiaInvest vai, por exemplo, capitalizar investimentos do VLT. Ent\u00e3o, empres\u00e1rios que n\u00e3o sejam os que v\u00e3o operar o VLT poderiam comprar uma cota desse investimento\u201d, acrescenta o governador.<\/p>\n<p>Outro objetivo da nova empresa de economia mista \u00e9 alocar recursos para o abastecimento de \u00e1gua nos grandes centros urbanos, como Salvador e Feira de Santana. O secret\u00e1rio da Casa Civil, Bruno Dauster, lembra que o governo baiano est\u00e1 desenvolvendo a\u00e7\u00f5es na \u00e1rea de saneamento visando mudar a pol\u00edtica de abastecimento de \u00e1gua que foi implantada na Bahia nos \u00faltimos 30 anos.<\/p>\n<p>\u201cEstamos preparando um projeto que come\u00e7ar\u00e1 a ser executado no in\u00edcio de 2017 pela Embasa, com desvio de \u00e1guas na represa de Santa Helena para o Rio Joanes, uma nova linha de adu\u00e7\u00e3o e nova esta\u00e7\u00e3o de tratamento de \u00e1gua. Com isso, em 95% do tempo, n\u00f3s n\u00e3o precisaremos sangrar Pedra do Cavalo para abastecer Salvador\u201d, explica Dauster. A meta, segundo o secret\u00e1rio, \u00e9 garantir a autossufici\u00eancia h\u00eddrica de Salvador pelos pr\u00f3ximos 50 anos.<\/p>\n<p>\u201cEstou citando essa obra pela import\u00e2ncia dela e da Embasa, porque ela ser\u00e1 uma das prioridades da BahiaInvest, que vai receber diversos ativos para poder garantir essas capta\u00e7\u00f5es de recursos que n\u00f3s estamos falando\u201d, completa Dauster.<\/p>\n<p>De acordo com o projeto de lei encaminhado \u00e0 Alba, o Estado da Bahia fica autorizado a integralizar o capital da BahiaInvest com at\u00e9 25% das a\u00e7\u00f5es ordin\u00e1rias e o mesmo percentual das a\u00e7\u00f5es preferenciais de que \u00e9 titular na composi\u00e7\u00e3o acion\u00e1ria da Embasa, al\u00e9m de outros ativos.<\/p>\n<p><em>*SECOM-BA<\/em><\/p>\n","protected":false},"excerpt":{"rendered":"<p>\u201cA privatiza\u00e7\u00e3o da Embasa nunca foi, n\u00e3o \u00e9 e nunca ser\u00e1 minha inten\u00e7\u00e3o\u201d, garantiu o governador Rui Costa nesta ter\u00e7a-feira (29), durante a formatura de 5 mil crian\u00e7as participantes do Programa Educacional de Resist\u00eancia \u00e0s Drogas (Proerd). A declara\u00e7\u00e3o de Rui faz refer\u00eancia ao projeto de lei 22.011\/2016, encaminhado pelo governo baiano \u00e0 Assembleia Legislativa [&hellip;]<\/p>\n","protected":false},"author":2,"featured_media":13757,"comment_status":"open","ping_status":"open","sticky":false,"template":"","format":"standard","meta":{"_acf_changed":false,"_monsterinsights_skip_tracking":false,"_monsterinsights_sitenote_active":false,"_monsterinsights_sitenote_note":"","_monsterinsights_sitenote_category":0,"_jetpack_memberships_contains_paid_content":false,"footnotes":"","jetpack_publicize_message":"","jetpack_publicize_feature_enabled":true,"jetpack_social_post_already_shared":true,"jetpack_social_options":{"image_generator_settings":{"template":"highway","default_image_id":0,"font":"","enabled":false},"version":2}},"categories":[1,3],"tags":[],"class_list":["post-13756","post","type-post","status-publish","format-standard","has-post-thumbnail","hentry","category-noticias","category-politica"],"acf":[],"jetpack_publicize_connections":[],"jetpack_featured_media_url":"https:\/\/i0.wp.com\/blogdoeloiltoncajuhy.com.br\/site\/wp-content\/uploads\/2016\/11\/PROERD_f_Mnbau_Dias_GOVBA_3.jpeg?fit=1280%2C906&ssl=1","jetpack_sharing_enabled":true,"publishpress_future_workflow_manual_trigger":{"enabledWorkflows":[]},"_links":{"self":[{"href":"https:\/\/blogdoeloiltoncajuhy.com.br\/site\/wp-json\/wp\/v2\/posts\/13756","targetHints":{"allow":["GET"]}}],"collection":[{"href":"https:\/\/blogdoeloiltoncajuhy.com.br\/site\/wp-json\/wp\/v2\/posts"}],"about":[{"href":"https:\/\/blogdoeloiltoncajuhy.com.br\/site\/wp-json\/wp\/v2\/types\/post"}],"author":[{"embeddable":true,"href":"https:\/\/blogdoeloiltoncajuhy.com.br\/site\/wp-json\/wp\/v2\/users\/2"}],"replies":[{"embeddable":true,"href":"https:\/\/blogdoeloiltoncajuhy.com.br\/site\/wp-json\/wp\/v2\/comments?post=13756"}],"version-history":[{"count":1,"href":"https:\/\/blogdoeloiltoncajuhy.com.br\/site\/wp-json\/wp\/v2\/posts\/13756\/revisions"}],"predecessor-version":[{"id":13758,"href":"https:\/\/blogdoeloiltoncajuhy.com.br\/site\/wp-json\/wp\/v2\/posts\/13756\/revisions\/13758"}],"wp:featuredmedia":[{"embeddable":true,"href":"https:\/\/blogdoeloiltoncajuhy.com.br\/site\/wp-json\/wp\/v2\/media\/13757"}],"wp:attachment":[{"href":"https:\/\/blogdoeloiltoncajuhy.com.br\/site\/wp-json\/wp\/v2\/media?parent=13756"}],"wp:term":[{"taxonomy":"category","embeddable":true,"href":"https:\/\/blogdoeloiltoncajuhy.com.br\/site\/wp-json\/wp\/v2\/categories?post=13756"},{"taxonomy":"post_tag","embeddable":true,"href":"https:\/\/blogdoeloiltoncajuhy.com.br\/site\/wp-json\/wp\/v2\/tags?post=13756"}],"curies":[{"name":"wp","href":"https:\/\/api.w.org\/{rel}","templated":true}]}}