{"id":13749,"date":"2016-11-30T08:12:31","date_gmt":"2016-11-30T11:12:31","guid":{"rendered":"http:\/\/blogdoeloiltoncajuhy.com.br\/site\/?p=13749"},"modified":"2016-11-30T08:12:31","modified_gmt":"2016-11-30T11:12:31","slug":"turma-do-stf-decide-que-aborto-nos-tres-primeiros-meses-de-gravidez-nao-e-crime","status":"publish","type":"post","link":"https:\/\/blogdoeloiltoncajuhy.com.br\/site\/turma-do-stf-decide-que-aborto-nos-tres-primeiros-meses-de-gravidez-nao-e-crime\/","title":{"rendered":"Turma do STF decide que aborto nos tr\u00eas primeiros meses de gravidez n\u00e3o \u00e9 crime"},"content":{"rendered":"<figure id=\"attachment_13750\" aria-describedby=\"caption-attachment-13750\" style=\"width: 600px\" class=\"wp-caption aligncenter\"><a href=\"https:\/\/i0.wp.com\/blogdoeloiltoncajuhy.com.br\/site\/wp-content\/uploads\/2016\/11\/ministro-Lu%C3%ADs-Roberto-Barroso-e1480504270643.jpg\"><img data-recalc-dims=\"1\" fetchpriority=\"high\" decoding=\"async\" class=\"wp-image-13750 size-full\" src=\"https:\/\/i0.wp.com\/blogdoeloiltoncajuhy.com.br\/site\/wp-content\/uploads\/2016\/11\/ministro-Lu%C3%ADs-Roberto-Barroso-e1480504270643.jpg?resize=600%2C400\" alt=\"ministro-luis-roberto-barroso\" width=\"600\" height=\"400\" \/><\/a><figcaption id=\"caption-attachment-13750\" class=\"wp-caption-text\">A decis\u00e3o da Primeira Turma do STF foi tomada com base no voto do ministro Lu\u00eds Roberto Barroso<\/figcaption><\/figure>\n<p>A Primeira Turma do Supremo Tribunal Federal (STF) decidiu ontem (29)\u00a0descriminalizar o aborto no primeiro trimestre da gravidez. Seguindo voto do ministro Lu\u00eds Roberto Barroso, o colegiado entendeu que s\u00e3o inconstitucionais os artigos do C\u00f3digo Penal que criminalizam o aborto. O entendimento, no entanto, vale apenas para um caso concreto julgado pelo grupo nesta ter\u00e7a-feira.<\/p>\n<p>A decis\u00e3o da Turma foi tomada com base no voto do ministro Lu\u00eds Roberto Barroso. Para o ministro, a criminaliza\u00e7\u00e3o do aborto nos tr\u00eas primeiros meses da gesta\u00e7\u00e3o viola os direitos sexuais e reprodutivos da mulher, o direito \u00e0 autonomia de fazer suas escolhas e o direito \u00e0 integridade f\u00edsica e ps\u00edquica.<\/p>\n<p>No voto, Barroso tamb\u00e9m ressaltou que a criminaliza\u00e7\u00e3o do aborto n\u00e3o \u00e9 aplicada em pa\u00edses democr\u00e1ticos e desenvolvidos, como os Estados Unidos, Alemanha, Fran\u00e7a, Reino Unido e Holanda, entre outros.<\/p>\n<p>\u201cEm verdade, a criminaliza\u00e7\u00e3o confere uma prote\u00e7\u00e3o deficiente aos direitos sexuais e reprodutivos, \u00e0 autonomia, \u00e0 integridade ps\u00edquica e f\u00edsica, e \u00e0 sa\u00fade da mulher, com reflexos sobre a igualdade de g\u00eanero e impacto desproporcional sobre as mulheres mais pobres. Al\u00e9m disso, criminalizar a mulher que deseja abortar gera custos sociais e para o sistema de sa\u00fade, que decorrem da necessidade de a mulher se submeter a procedimentos inseguros, com aumento da morbidade e da letalidade\u201d, decidiu Barroso.<\/p>\n<p>Apesar de admitir a descriminaliza\u00e7\u00e3o do aborto nos tr\u00eas primeiros meses, Barroso entendeu que a criminaliza\u00e7\u00e3o do procedimento pode ser aplicada a partir dos meses seguintes.<\/p>\n<p>\u201cA interrup\u00e7\u00e3o volunt\u00e1ria da gesta\u00e7\u00e3o n\u00e3o deve ser criminalizada, pelo menos, durante o primeiro trimestre da gesta\u00e7\u00e3o. Durante esse per\u00edodo, o c\u00f3rtex cerebral \u2013 que permite que o feto desenvolva sentimentos e racionalidade \u2013 ainda n\u00e3o foi formado, nem h\u00e1 qualquer potencialidade de vida fora do \u00fatero materno. Por tudo isso, \u00e9 preciso conferir interpreta\u00e7\u00e3o conforme a Constitui\u00e7\u00e3o aos Artigos 124 e 126 do C\u00f3digo Penal, para excluir do seu \u00e2mbito de incid\u00eancia a interrup\u00e7\u00e3o volunt\u00e1ria da gesta\u00e7\u00e3o efetivada no primeiro trimestre\u201d, disse Barroso.<\/p>\n<p><strong>Pris\u00f5es<\/strong><\/p>\n<p>O caso julgado pelo colegiado tratava da revoga\u00e7\u00e3o de pris\u00e3o de cinco pessoas detidas em uma opera\u00e7\u00e3o da pol\u00edcia do Rio de Janeiro em uma cl\u00ednica clandestina, entre elas m\u00e9dicos e outros funcion\u00e1rios. Os cinco ministros da Primeira Turma votaram pela manuten\u00e7\u00e3o da liberdade dos envolvidos. Rosa Weber e Edson Fachin acompanharam o voto de Barroso. No entanto, Marco Aur\u00e9lio e Luiz Fux n\u00e3o votaram sobre a quest\u00e3o do aborto e deliberaram apenas sobre a legalidade da pris\u00e3o.<\/p>\n<p><em>*Ag\u00eancia Brasil<\/em><\/p>\n","protected":false},"excerpt":{"rendered":"<p>A Primeira Turma do Supremo Tribunal Federal (STF) decidiu ontem (29)\u00a0descriminalizar o aborto no primeiro trimestre da gravidez. Seguindo voto do ministro Lu\u00eds Roberto Barroso, o colegiado entendeu que s\u00e3o inconstitucionais os artigos do C\u00f3digo Penal que criminalizam o aborto. O entendimento, no entanto, vale apenas para um caso concreto julgado pelo grupo nesta ter\u00e7a-feira. [&hellip;]<\/p>\n","protected":false},"author":2,"featured_media":13750,"comment_status":"open","ping_status":"open","sticky":false,"template":"","format":"standard","meta":{"_acf_changed":false,"_monsterinsights_skip_tracking":false,"_monsterinsights_sitenote_active":false,"_monsterinsights_sitenote_note":"","_monsterinsights_sitenote_category":0,"_jetpack_memberships_contains_paid_content":false,"footnotes":"","jetpack_publicize_message":"","jetpack_publicize_feature_enabled":true,"jetpack_social_post_already_shared":true,"jetpack_social_options":{"image_generator_settings":{"template":"highway","default_image_id":0,"font":"","enabled":false},"version":2}},"categories":[5,1],"tags":[],"class_list":["post-13749","post","type-post","status-publish","format-standard","has-post-thumbnail","hentry","category-cotidiano","category-noticias"],"acf":[],"jetpack_publicize_connections":[],"jetpack_featured_media_url":"https:\/\/i0.wp.com\/blogdoeloiltoncajuhy.com.br\/site\/wp-content\/uploads\/2016\/11\/ministro-Lu%C3%ADs-Roberto-Barroso-e1480504270643.jpg?fit=600%2C400&ssl=1","jetpack_sharing_enabled":true,"publishpress_future_workflow_manual_trigger":{"enabledWorkflows":[]},"_links":{"self":[{"href":"https:\/\/blogdoeloiltoncajuhy.com.br\/site\/wp-json\/wp\/v2\/posts\/13749","targetHints":{"allow":["GET"]}}],"collection":[{"href":"https:\/\/blogdoeloiltoncajuhy.com.br\/site\/wp-json\/wp\/v2\/posts"}],"about":[{"href":"https:\/\/blogdoeloiltoncajuhy.com.br\/site\/wp-json\/wp\/v2\/types\/post"}],"author":[{"embeddable":true,"href":"https:\/\/blogdoeloiltoncajuhy.com.br\/site\/wp-json\/wp\/v2\/users\/2"}],"replies":[{"embeddable":true,"href":"https:\/\/blogdoeloiltoncajuhy.com.br\/site\/wp-json\/wp\/v2\/comments?post=13749"}],"version-history":[{"count":1,"href":"https:\/\/blogdoeloiltoncajuhy.com.br\/site\/wp-json\/wp\/v2\/posts\/13749\/revisions"}],"predecessor-version":[{"id":13751,"href":"https:\/\/blogdoeloiltoncajuhy.com.br\/site\/wp-json\/wp\/v2\/posts\/13749\/revisions\/13751"}],"wp:featuredmedia":[{"embeddable":true,"href":"https:\/\/blogdoeloiltoncajuhy.com.br\/site\/wp-json\/wp\/v2\/media\/13750"}],"wp:attachment":[{"href":"https:\/\/blogdoeloiltoncajuhy.com.br\/site\/wp-json\/wp\/v2\/media?parent=13749"}],"wp:term":[{"taxonomy":"category","embeddable":true,"href":"https:\/\/blogdoeloiltoncajuhy.com.br\/site\/wp-json\/wp\/v2\/categories?post=13749"},{"taxonomy":"post_tag","embeddable":true,"href":"https:\/\/blogdoeloiltoncajuhy.com.br\/site\/wp-json\/wp\/v2\/tags?post=13749"}],"curies":[{"name":"wp","href":"https:\/\/api.w.org\/{rel}","templated":true}]}}