{"id":13737,"date":"2016-11-29T12:43:45","date_gmt":"2016-11-29T15:43:45","guid":{"rendered":"http:\/\/blogdoeloiltoncajuhy.com.br\/site\/?p=13737"},"modified":"2016-11-29T12:43:45","modified_gmt":"2016-11-29T15:43:45","slug":"6o-bpm-de-bonfim-ganha-base-movel-de-policiamento-comunitario","status":"publish","type":"post","link":"https:\/\/blogdoeloiltoncajuhy.com.br\/site\/6o-bpm-de-bonfim-ganha-base-movel-de-policiamento-comunitario\/","title":{"rendered":"6\u00ba BPM de Bonfim ganha Base M\u00f3vel de Policiamento Comunit\u00e1rio"},"content":{"rendered":"<p><a href=\"https:\/\/i0.wp.com\/blogdoeloiltoncajuhy.com.br\/site\/wp-content\/uploads\/2016\/11\/Base-Movel-1-e1480434084274.jpg\"><img data-recalc-dims=\"1\" fetchpriority=\"high\" decoding=\"async\" class=\"aligncenter size-full wp-image-13738\" src=\"https:\/\/i0.wp.com\/blogdoeloiltoncajuhy.com.br\/site\/wp-content\/uploads\/2016\/11\/Base-Movel-1-e1480434084274.jpg?resize=550%2C309\" alt=\"base-movel-1\" width=\"550\" height=\"309\" \/><\/a>Desde o \u00faltimo dia 21, o Sexto Batalh\u00e3o de Policia Militar, com sede em Senhor do Bonfim, passou a contar com a primeira Base M\u00f3vel de Policiamento Comunit\u00e1rio da regi\u00e3o.<\/p>\n<p>A vinda dessa viatura especial \u00e9 resultado dos esfor\u00e7os empreendidos pelo comandante do 6\u00ba BPM, Ten. Cel. PM Jos\u00e9 Carlos Soares Mariano, visando \u00e0 operacionaliza\u00e7\u00e3o da estrat\u00e9gia que proporciona uma parceria entre pol\u00edcia e popula\u00e7\u00e3o. A Base M\u00f3vel se constitui em uma ferramenta que proporcionar\u00e1 uma maior intera\u00e7\u00e3o entre a Pol\u00edcia Militar e a Comunidade.<\/p>\n<p>A Base M\u00f3vel de Policiamento Comunit\u00e1rio tem por objetivo promover a conviv\u00eancia pacifica em localidades identificadas como cr\u00edticas ou estrat\u00e9gicas, provendo seguran\u00e7a com foco na preven\u00e7\u00e3o. Al\u00e9m disso, visa melhorar a integra\u00e7\u00e3o da Pol\u00edcia Militar com a Comunidade, uma vez que presta servi\u00e7o de policiamento comunit\u00e1rio visando, tamb\u00e9m, ser um ponto para atendimento do cidad\u00e3o.<\/p>\n<p><a href=\"https:\/\/i0.wp.com\/blogdoeloiltoncajuhy.com.br\/site\/wp-content\/uploads\/2016\/11\/Base-Movel-2-e1480434198604.jpg\"><img data-recalc-dims=\"1\" decoding=\"async\" class=\"aligncenter size-full wp-image-13739\" src=\"https:\/\/i0.wp.com\/blogdoeloiltoncajuhy.com.br\/site\/wp-content\/uploads\/2016\/11\/Base-Movel-2-e1480434198604.jpg?resize=550%2C309\" alt=\"base-movel-2\" width=\"550\" height=\"309\" \/><\/a>A aplica\u00e7\u00e3o da Base M\u00f3vel, tamb\u00e9m se dar\u00e1 em eventos especiais, como por exemplo, nos festejos de S\u00e3o Jo\u00e3o, visto que, disp\u00f5e de uma estrutura e equipamentos que proporcionar\u00e3o uma maior efici\u00eancia ao policiamento.<\/p>\n<p><em>*Pol\u00edcia Militar da Bahia |\u00a06\u00ba Batalh\u00e3o de Pol\u00edcia Militar\/Se\u00e7\u00e3o de Comunica\u00e7\u00e3o Social<\/em><\/p>\n","protected":false},"excerpt":{"rendered":"<p>Desde o \u00faltimo dia 21, o Sexto Batalh\u00e3o de Policia Militar, com sede em Senhor do Bonfim, passou a contar com a primeira Base M\u00f3vel de Policiamento Comunit\u00e1rio da regi\u00e3o. A vinda dessa viatura especial \u00e9 resultado dos esfor\u00e7os empreendidos pelo comandante do 6\u00ba BPM, Ten. Cel. PM Jos\u00e9 Carlos Soares Mariano, visando \u00e0 operacionaliza\u00e7\u00e3o [&hellip;]<\/p>\n","protected":false},"author":2,"featured_media":13739,"comment_status":"open","ping_status":"open","sticky":false,"template":"","format":"standard","meta":{"_acf_changed":false,"_monsterinsights_skip_tracking":false,"_monsterinsights_sitenote_active":false,"_monsterinsights_sitenote_note":"","_monsterinsights_sitenote_category":0,"_jetpack_memberships_contains_paid_content":false,"footnotes":"","jetpack_publicize_message":"","jetpack_publicize_feature_enabled":true,"jetpack_social_post_already_shared":true,"jetpack_social_options":{"image_generator_settings":{"template":"highway","default_image_id":0,"font":"","enabled":false},"version":2}},"categories":[5,1,4],"tags":[],"class_list":["post-13737","post","type-post","status-publish","format-standard","has-post-thumbnail","hentry","category-cotidiano","category-noticias","category-local"],"acf":[],"jetpack_publicize_connections":[],"jetpack_featured_media_url":"https:\/\/i0.wp.com\/blogdoeloiltoncajuhy.com.br\/site\/wp-content\/uploads\/2016\/11\/Base-Movel-2-e1480434198604.jpg?fit=550%2C309&ssl=1","jetpack_sharing_enabled":true,"publishpress_future_workflow_manual_trigger":{"enabledWorkflows":[]},"_links":{"self":[{"href":"https:\/\/blogdoeloiltoncajuhy.com.br\/site\/wp-json\/wp\/v2\/posts\/13737","targetHints":{"allow":["GET"]}}],"collection":[{"href":"https:\/\/blogdoeloiltoncajuhy.com.br\/site\/wp-json\/wp\/v2\/posts"}],"about":[{"href":"https:\/\/blogdoeloiltoncajuhy.com.br\/site\/wp-json\/wp\/v2\/types\/post"}],"author":[{"embeddable":true,"href":"https:\/\/blogdoeloiltoncajuhy.com.br\/site\/wp-json\/wp\/v2\/users\/2"}],"replies":[{"embeddable":true,"href":"https:\/\/blogdoeloiltoncajuhy.com.br\/site\/wp-json\/wp\/v2\/comments?post=13737"}],"version-history":[{"count":1,"href":"https:\/\/blogdoeloiltoncajuhy.com.br\/site\/wp-json\/wp\/v2\/posts\/13737\/revisions"}],"predecessor-version":[{"id":13740,"href":"https:\/\/blogdoeloiltoncajuhy.com.br\/site\/wp-json\/wp\/v2\/posts\/13737\/revisions\/13740"}],"wp:featuredmedia":[{"embeddable":true,"href":"https:\/\/blogdoeloiltoncajuhy.com.br\/site\/wp-json\/wp\/v2\/media\/13739"}],"wp:attachment":[{"href":"https:\/\/blogdoeloiltoncajuhy.com.br\/site\/wp-json\/wp\/v2\/media?parent=13737"}],"wp:term":[{"taxonomy":"category","embeddable":true,"href":"https:\/\/blogdoeloiltoncajuhy.com.br\/site\/wp-json\/wp\/v2\/categories?post=13737"},{"taxonomy":"post_tag","embeddable":true,"href":"https:\/\/blogdoeloiltoncajuhy.com.br\/site\/wp-json\/wp\/v2\/tags?post=13737"}],"curies":[{"name":"wp","href":"https:\/\/api.w.org\/{rel}","templated":true}]}}