{"id":13733,"date":"2016-11-29T09:17:46","date_gmt":"2016-11-29T12:17:46","guid":{"rendered":"http:\/\/blogdoeloiltoncajuhy.com.br\/site\/?p=13733"},"modified":"2016-11-29T09:17:46","modified_gmt":"2016-11-29T12:17:46","slug":"luto-policia-confirma-76-mortos-em-aviao-da-chapecoense","status":"publish","type":"post","link":"https:\/\/blogdoeloiltoncajuhy.com.br\/site\/luto-policia-confirma-76-mortos-em-aviao-da-chapecoense\/","title":{"rendered":"LUTO: Pol\u00edcia confirma 76 mortos em avi\u00e3o da Chapecoense"},"content":{"rendered":"<figure id=\"attachment_13734\" aria-describedby=\"caption-attachment-13734\" style=\"width: 576px\" class=\"wp-caption aligncenter\"><a href=\"https:\/\/i0.wp.com\/blogdoeloiltoncajuhy.com.br\/site\/wp-content\/uploads\/2016\/11\/o_time_da_chapecoense_-_foto_marcio_cunha_agencia_lusa.jpg\"><img data-recalc-dims=\"1\" fetchpriority=\"high\" decoding=\"async\" class=\"wp-image-13734 size-full\" src=\"https:\/\/i0.wp.com\/blogdoeloiltoncajuhy.com.br\/site\/wp-content\/uploads\/2016\/11\/o_time_da_chapecoense_-_foto_marcio_cunha_agencia_lusa.jpg?resize=576%2C264\" alt=\"o_time_da_chapecoense_-_foto_marcio_cunha_agencia_lusa\" width=\"576\" height=\"264\" srcset=\"https:\/\/i0.wp.com\/blogdoeloiltoncajuhy.com.br\/site\/wp-content\/uploads\/2016\/11\/o_time_da_chapecoense_-_foto_marcio_cunha_agencia_lusa.jpg?w=576&amp;ssl=1 576w, https:\/\/i0.wp.com\/blogdoeloiltoncajuhy.com.br\/site\/wp-content\/uploads\/2016\/11\/o_time_da_chapecoense_-_foto_marcio_cunha_agencia_lusa.jpg?resize=300%2C138&amp;ssl=1 300w, https:\/\/i0.wp.com\/blogdoeloiltoncajuhy.com.br\/site\/wp-content\/uploads\/2016\/11\/o_time_da_chapecoense_-_foto_marcio_cunha_agencia_lusa.jpg?resize=250%2C115&amp;ssl=1 250w\" sizes=\"(max-width: 576px) 100vw, 576px\" \/><\/a><figcaption id=\"caption-attachment-13734\" class=\"wp-caption-text\">O time da Chapecoense (Foto: M\u00e1rcio Cunha\/Ag\u00eancia Lusa)<\/figcaption><\/figure>\n<p>A pol\u00edcia colombiana confirmou que 76 pessoas que estavam a bordo do avi\u00e3o que levava o time da Chapecoense morreram no acidente ocorrido nesta madrugada (29). As informa\u00e7\u00f5es s\u00e3o da ag\u00eancia Ansa.<\/p>\n<p>O avi\u00e3o que levava o time da Chapecoense sofreu um acidente na madrugada desta ter\u00e7a-feira (29), na Col\u00f4mbia, com 81 pessoas a bordo, sendo 72 passageiros e nove tripulantes.<\/p>\n<p>Entre as pessoas que estavam na aeronave, havia jogadores, dirigentes esportivos e jornalistas. O avi\u00e3o era um British Aerospace 146, gerenciado pela companhia boliviana Lamia.<\/p>\n<p>Ele teria desaparecido do radar e feito um pouso for\u00e7ado, devido a uma falha el\u00e9trica, em Cerro Gordo, nas proximidades da cidade de La Uni\u00f3n. Fontes locais dizem que a aeronave estava a apenas cinco minutos de voo do aeroporto mais pr\u00f3ximo, mas o piloto decidiu arriscar o pouso antes.<\/p>\n<p>Ele teria, inclusive, esvaziado os tanques de combust\u00edvel para evitar uma explos\u00e3o. O avi\u00e3o, que havia decolado de Santa Cruz de la Sierra, na Bol\u00edvia, tinha como destino final o munic\u00edpio colombiano de Medell\u00edn, onde a Chapecoense disputaria as finais da Copa Sul-Americana, contra o Atl\u00e9tico Nacional, amanh\u00e3 \u00e0 noite. (<em>*Ag\u00eancia Brasil<\/em>)<\/p>\n<p><strong>**Zagueiro Neto \u00e9 resgatado com vida e levado ao hospital. Goleiro Danilo n\u00e3o resiste e morre. Jogadores Allan Ruschel e Follmann entre sobreviventes. (<em>GloboEsporte.com<\/em>)<\/strong><\/p>\n<p><strong>Temer decreta luto de 3 dias pela morte de brasileiros na Col\u00f4mbia<\/strong><\/p>\n<p>O presidente Michel Temer decretou hoje (29) luto oficial de tr\u00eas dias pelo acidente envolvendo a equipe da Chapecoense, de Santa Catarina. Ele tamb\u00e9m determinou que a Aeron\u00e1utica disponibilize aeronaves para as fam\u00edlias e para translado das v\u00edtimas.\u00a0O avi\u00e3o que levava os jogadores, dirigentes esportivos e jornalistas caiu no munic\u00edpio de La Ceja, nas proximidades de Medell\u00edn, na Col\u00f4mbia, na madrugada desta ter\u00e7a-feira (29). (<em>*Ag\u00eancia Brasil<\/em>)<\/p>\n<p><strong>COMUNICADO:\u00a0Adiamento \u2013 Final da Copa do Brasil<\/strong><\/p>\n<p>A CBF comunica o adiamento da final da Copa do Brasil, entre Gr\u00eamio e Atl\u00e9tico Mineiro, inicialmente prevista para amanh\u00e3 (30). Defini\u00e7\u00f5es a respeito deste jogo ser\u00e3o informadas ao longo do dia. (*<em>CBF<\/em>)<\/p>\n<p><strong>Conmebol lamenta acidente e suspende decis\u00e3o da Sul-Americana<\/strong><\/p>\n<p>A queda do avi\u00e3o que transportava a delega\u00e7\u00e3o da Chapecoense mexeu com o mundo do futebol na madrugada desta ter\u00e7a-feira. Atrav\u00e9s do site oficial, a Confedera\u00e7\u00e3o Sul-Americana de Futebol (Conmebol) lamentou o ocorrido, prestou solidariedade e suspendeu todas as atividades, incluindo a decis\u00e3o da Copa Sul-Americana, que come\u00e7aria a ser disputada nesta quarta-feira. (*<em>GloboEsporte.com<\/em>)<\/p>\n","protected":false},"excerpt":{"rendered":"<p>A pol\u00edcia colombiana confirmou que 76 pessoas que estavam a bordo do avi\u00e3o que levava o time da Chapecoense morreram no acidente ocorrido nesta madrugada (29). As informa\u00e7\u00f5es s\u00e3o da ag\u00eancia Ansa. O avi\u00e3o que levava o time da Chapecoense sofreu um acidente na madrugada desta ter\u00e7a-feira (29), na Col\u00f4mbia, com 81 pessoas a bordo, [&hellip;]<\/p>\n","protected":false},"author":2,"featured_media":13734,"comment_status":"open","ping_status":"open","sticky":false,"template":"","format":"standard","meta":{"_acf_changed":false,"_monsterinsights_skip_tracking":false,"_monsterinsights_sitenote_active":false,"_monsterinsights_sitenote_note":"","_monsterinsights_sitenote_category":0,"_jetpack_memberships_contains_paid_content":false,"footnotes":"","jetpack_publicize_message":"","jetpack_publicize_feature_enabled":true,"jetpack_social_post_already_shared":true,"jetpack_social_options":{"image_generator_settings":{"template":"highway","default_image_id":0,"font":"","enabled":false},"version":2}},"categories":[5,6,1],"tags":[],"class_list":["post-13733","post","type-post","status-publish","format-standard","has-post-thumbnail","hentry","category-cotidiano","category-esportes","category-noticias"],"acf":[],"jetpack_publicize_connections":[],"jetpack_featured_media_url":"https:\/\/i0.wp.com\/blogdoeloiltoncajuhy.com.br\/site\/wp-content\/uploads\/2016\/11\/o_time_da_chapecoense_-_foto_marcio_cunha_agencia_lusa.jpg?fit=576%2C264&ssl=1","jetpack_sharing_enabled":true,"publishpress_future_workflow_manual_trigger":{"enabledWorkflows":[]},"_links":{"self":[{"href":"https:\/\/blogdoeloiltoncajuhy.com.br\/site\/wp-json\/wp\/v2\/posts\/13733","targetHints":{"allow":["GET"]}}],"collection":[{"href":"https:\/\/blogdoeloiltoncajuhy.com.br\/site\/wp-json\/wp\/v2\/posts"}],"about":[{"href":"https:\/\/blogdoeloiltoncajuhy.com.br\/site\/wp-json\/wp\/v2\/types\/post"}],"author":[{"embeddable":true,"href":"https:\/\/blogdoeloiltoncajuhy.com.br\/site\/wp-json\/wp\/v2\/users\/2"}],"replies":[{"embeddable":true,"href":"https:\/\/blogdoeloiltoncajuhy.com.br\/site\/wp-json\/wp\/v2\/comments?post=13733"}],"version-history":[{"count":1,"href":"https:\/\/blogdoeloiltoncajuhy.com.br\/site\/wp-json\/wp\/v2\/posts\/13733\/revisions"}],"predecessor-version":[{"id":13735,"href":"https:\/\/blogdoeloiltoncajuhy.com.br\/site\/wp-json\/wp\/v2\/posts\/13733\/revisions\/13735"}],"wp:featuredmedia":[{"embeddable":true,"href":"https:\/\/blogdoeloiltoncajuhy.com.br\/site\/wp-json\/wp\/v2\/media\/13734"}],"wp:attachment":[{"href":"https:\/\/blogdoeloiltoncajuhy.com.br\/site\/wp-json\/wp\/v2\/media?parent=13733"}],"wp:term":[{"taxonomy":"category","embeddable":true,"href":"https:\/\/blogdoeloiltoncajuhy.com.br\/site\/wp-json\/wp\/v2\/categories?post=13733"},{"taxonomy":"post_tag","embeddable":true,"href":"https:\/\/blogdoeloiltoncajuhy.com.br\/site\/wp-json\/wp\/v2\/tags?post=13733"}],"curies":[{"name":"wp","href":"https:\/\/api.w.org\/{rel}","templated":true}]}}