{"id":13730,"date":"2016-11-28T21:59:39","date_gmt":"2016-11-29T00:59:39","guid":{"rendered":"http:\/\/blogdoeloiltoncajuhy.com.br\/site\/?p=13730"},"modified":"2016-11-28T21:59:39","modified_gmt":"2016-11-29T00:59:39","slug":"quem-paga-a-conta-prisao-indevida-na-lava-jato-custa-casamento-emprego-e-reputacao","status":"publish","type":"post","link":"https:\/\/blogdoeloiltoncajuhy.com.br\/site\/quem-paga-a-conta-prisao-indevida-na-lava-jato-custa-casamento-emprego-e-reputacao\/","title":{"rendered":"QUEM PAGA A CONTA? Pris\u00e3o indevida na &#8220;lava jato&#8221; custa casamento, emprego e reputa\u00e7\u00e3o"},"content":{"rendered":"<figure id=\"attachment_13731\" aria-describedby=\"caption-attachment-13731\" style=\"width: 300px\" class=\"wp-caption alignleft\"><a href=\"https:\/\/i0.wp.com\/blogdoeloiltoncajuhy.com.br\/site\/wp-content\/uploads\/2016\/11\/sergio-moro12.jpeg\"><img data-recalc-dims=\"1\" fetchpriority=\"high\" decoding=\"async\" class=\"wp-image-13731 size-full\" src=\"https:\/\/i0.wp.com\/blogdoeloiltoncajuhy.com.br\/site\/wp-content\/uploads\/2016\/11\/sergio-moro12.jpeg?resize=300%2C225\" alt=\"sergio-moro12\" width=\"300\" height=\"225\" srcset=\"https:\/\/i0.wp.com\/blogdoeloiltoncajuhy.com.br\/site\/wp-content\/uploads\/2016\/11\/sergio-moro12.jpeg?w=300&amp;ssl=1 300w, https:\/\/i0.wp.com\/blogdoeloiltoncajuhy.com.br\/site\/wp-content\/uploads\/2016\/11\/sergio-moro12.jpeg?resize=250%2C188&amp;ssl=1 250w\" sizes=\"(max-width: 300px) 100vw, 300px\" \/><\/a><figcaption id=\"caption-attachment-13731\" class=\"wp-caption-text\">Pris\u00e3o indevida de Moro acabou com a vida do executivo Coutinho de S\u00e1 (Foto: Divulga\u00e7\u00e3o\/Ajufe)<\/figcaption><\/figure>\n<p>Por erro da for\u00e7a-tarefa da opera\u00e7\u00e3o \u201clava jato\u201d e do juiz Sergio Moro, a vida do ex-diretor da OAS Mateus Coutinho de S\u00e1 foi arruinada. Sua pris\u00e3o indevida fez com que perdesse o emprego, sua mulher o abandonasse e ele fosse privado de conviver com sua filha pequena por quase seis meses, como informa o jornal Folha de S.Paulo. A recente absolvi\u00e7\u00e3o de Coutinho de S\u00e1 pelo Tribunal Regional Federal da 4\u00aa Regi\u00e3o deixou patente a arbitrariedade de seu encarceramento.<\/p>\n<p>Em julgamento de apela\u00e7\u00e3o conclu\u00eddo na quarta-feira (23\/11), a 8\u00aa Turma do TRF-4, por unanimidade, absolveu o executivo, por falta de provas. Ele tinha sido condenado a 11 anos de pris\u00e3o por Moro, que alegava haver \u201cprova robusta\u201d do envolvimento da OAS no esquema de corrup\u00e7\u00e3o que funcionava na Petrobras.<\/p>\n<p>Mateus Coutinho de S\u00e1 foi preso preventivamente em 14 de novembro de 2014, junto com os presidentes das empreiteiras OAS, Camargo Corr\u00eaa, Iesa \u00d3leo e G\u00e1s, UTC e Queiroz Galv\u00e3o, al\u00e9m de outros executivos. Desde o in\u00edcio, ele jurou inoc\u00eancia, mas n\u00e3o foi levado a s\u00e9rio. Diferentemente dos demais, n\u00e3o conhecia os outros detidos, nem parecia ter conhecimento de assuntos de suas conversas, segundo um outro preso disse \u00e0 Folha.<\/p>\n<p>Na cela em que ficou, na Superintend\u00eancia da Pol\u00edcia Federal em Curitiba, tamb\u00e9m estavam Erton Medeiros Galv\u00e3o, presidente da Galv\u00e3o Engenharia, Jo\u00e3o Auler, ex-presidente do Conselho Administrativo da Camargo Corr\u00eaa, e S\u00e9rgio Cunha Mendes, vice-presidente e herdeiro da Mendes J\u00fanior. Por ser o mais novo, Coutinho de S\u00e1 dormia em um colch\u00e3o no ch\u00e3o, j\u00e1 que n\u00e3o havia camas para todos.<\/p>\n<p>Ainda que demonstrasse serenidade, a saudade da filha apertava, e ele passou a demonstrar sintomas de depress\u00e3o. Mas o executivo n\u00e3o queria que a menina o visitasse, para evitar desgastes. De acordo com o jornal, um agente federal formado em Psicologia passou a ajud\u00e1-lo. Outro, por\u00e9m, provocou-o, dizendo que Coutinho de S\u00e1 n\u00e3o veria sua filha t\u00e3o cedo. Fora de si, ele partiu para cima do agente, e teve que ser contido por seus colegas.<\/p>\n<p>Como seus Habeas Corpus foram negados pelos tribunais superiores, Coutinho de S\u00e1 cedeu \u00e0 saudade e concordou com uma ida da filha ao pres\u00eddio, desde que fosse em um dia sem outras visitas. Quando os outros presos ouviram a menina gritar \u201cpai!\u201d, a como\u00e7\u00e3o foi geral, conta a Folha.<\/p>\n<p>Finalmente, em 28 de abril de 2015, o executivo deixou a cadeia ap\u00f3s o Supremo Tribunal Federal autorizar que ele e outros investigados da \u201clava jato\u201d poderiam responder ao processo em pris\u00e3o domiciliar. Depois, Moro substituiu a deten\u00e7\u00e3o por medidas cautelares, como o afastamento de atividades econ\u00f4micas.<\/p>\n<p>Mas o estrago j\u00e1 estava feito. Coutinho de S\u00e1 foi demitido da OAS e passou a sofrer preconceito por ter sido acusado de envolvimento no esquema de corrup\u00e7\u00e3o na Petrobras. Pior: o desgaste acabou com seu casamento.<\/p>\n<p>Juliano Breda, um dos seus advogados, lamentou sua pris\u00e3o indevida. \u201cNenhum dos delatores da \u2018lava jato\u2019 tinha dito que Coutinho praticou qualquer tipo de crime. Ele n\u00e3o tinha absolutamente nada a ver com esse esquema\u201d.<\/p>\n<p>\u00c0 Folha o executivo disse que n\u00e3o tinha condi\u00e7\u00f5es de dar entrevista, e que estava concentrado em reconstruir sua vida.<\/p>\n<p><strong><em>*Revista Consultor Jur\u00eddico, 27 de novembro de 2016<\/em><\/strong><\/p>\n","protected":false},"excerpt":{"rendered":"<p>Por erro da for\u00e7a-tarefa da opera\u00e7\u00e3o \u201clava jato\u201d e do juiz Sergio Moro, a vida do ex-diretor da OAS Mateus Coutinho de S\u00e1 foi arruinada. Sua pris\u00e3o indevida fez com que perdesse o emprego, sua mulher o abandonasse e ele fosse privado de conviver com sua filha pequena por quase seis meses, como informa o [&hellip;]<\/p>\n","protected":false},"author":2,"featured_media":13731,"comment_status":"open","ping_status":"open","sticky":false,"template":"","format":"standard","meta":{"_acf_changed":false,"_monsterinsights_skip_tracking":false,"_monsterinsights_sitenote_active":false,"_monsterinsights_sitenote_note":"","_monsterinsights_sitenote_category":0,"_jetpack_memberships_contains_paid_content":false,"footnotes":"","jetpack_publicize_message":"","jetpack_publicize_feature_enabled":true,"jetpack_social_post_already_shared":true,"jetpack_social_options":{"image_generator_settings":{"template":"highway","default_image_id":0,"font":"","enabled":false},"version":2}},"categories":[1,3],"tags":[],"class_list":["post-13730","post","type-post","status-publish","format-standard","has-post-thumbnail","hentry","category-noticias","category-politica"],"acf":[],"jetpack_publicize_connections":[],"jetpack_featured_media_url":"https:\/\/i0.wp.com\/blogdoeloiltoncajuhy.com.br\/site\/wp-content\/uploads\/2016\/11\/sergio-moro12.jpeg?fit=300%2C225&ssl=1","jetpack_sharing_enabled":true,"publishpress_future_workflow_manual_trigger":{"enabledWorkflows":[]},"_links":{"self":[{"href":"https:\/\/blogdoeloiltoncajuhy.com.br\/site\/wp-json\/wp\/v2\/posts\/13730","targetHints":{"allow":["GET"]}}],"collection":[{"href":"https:\/\/blogdoeloiltoncajuhy.com.br\/site\/wp-json\/wp\/v2\/posts"}],"about":[{"href":"https:\/\/blogdoeloiltoncajuhy.com.br\/site\/wp-json\/wp\/v2\/types\/post"}],"author":[{"embeddable":true,"href":"https:\/\/blogdoeloiltoncajuhy.com.br\/site\/wp-json\/wp\/v2\/users\/2"}],"replies":[{"embeddable":true,"href":"https:\/\/blogdoeloiltoncajuhy.com.br\/site\/wp-json\/wp\/v2\/comments?post=13730"}],"version-history":[{"count":1,"href":"https:\/\/blogdoeloiltoncajuhy.com.br\/site\/wp-json\/wp\/v2\/posts\/13730\/revisions"}],"predecessor-version":[{"id":13732,"href":"https:\/\/blogdoeloiltoncajuhy.com.br\/site\/wp-json\/wp\/v2\/posts\/13730\/revisions\/13732"}],"wp:featuredmedia":[{"embeddable":true,"href":"https:\/\/blogdoeloiltoncajuhy.com.br\/site\/wp-json\/wp\/v2\/media\/13731"}],"wp:attachment":[{"href":"https:\/\/blogdoeloiltoncajuhy.com.br\/site\/wp-json\/wp\/v2\/media?parent=13730"}],"wp:term":[{"taxonomy":"category","embeddable":true,"href":"https:\/\/blogdoeloiltoncajuhy.com.br\/site\/wp-json\/wp\/v2\/categories?post=13730"},{"taxonomy":"post_tag","embeddable":true,"href":"https:\/\/blogdoeloiltoncajuhy.com.br\/site\/wp-json\/wp\/v2\/tags?post=13730"}],"curies":[{"name":"wp","href":"https:\/\/api.w.org\/{rel}","templated":true}]}}