{"id":13728,"date":"2016-11-28T21:49:11","date_gmt":"2016-11-29T00:49:11","guid":{"rendered":"http:\/\/blogdoeloiltoncajuhy.com.br\/site\/?p=13728"},"modified":"2016-11-28T21:49:11","modified_gmt":"2016-11-29T00:49:11","slug":"comece-a-terca-feira-meditando-felizes-os-olhos-que-veem-o-que-vos-vedes-lc-1021-24","status":"publish","type":"post","link":"https:\/\/blogdoeloiltoncajuhy.com.br\/site\/comece-a-terca-feira-meditando-felizes-os-olhos-que-veem-o-que-vos-vedes-lc-1021-24\/","title":{"rendered":"COMECE A TER\u00c7A-FEIRA MEDITANDO: &#8220;Felizes os olhos que veem o que v\u00f3s vedes!&#8221; &#8211; Lc 10,21-24"},"content":{"rendered":"<p><a href=\"https:\/\/i0.wp.com\/blogdoeloiltoncajuhy.com.br\/site\/wp-content\/uploads\/2015\/10\/liturgia_diaria.jpg\"><img data-recalc-dims=\"1\" fetchpriority=\"high\" decoding=\"async\" class=\"wp-image-4757 size-medium aligncenter\" src=\"https:\/\/i0.wp.com\/blogdoeloiltoncajuhy.com.br\/site\/wp-content\/uploads\/2015\/10\/liturgia_diaria.jpg?resize=300%2C227\" alt=\"liturgia_diaria\" width=\"300\" height=\"227\" srcset=\"https:\/\/i0.wp.com\/blogdoeloiltoncajuhy.com.br\/site\/wp-content\/uploads\/2015\/10\/liturgia_diaria.jpg?resize=300%2C227&amp;ssl=1 300w, https:\/\/i0.wp.com\/blogdoeloiltoncajuhy.com.br\/site\/wp-content\/uploads\/2015\/10\/liturgia_diaria.jpg?resize=250%2C189&amp;ssl=1 250w, https:\/\/i0.wp.com\/blogdoeloiltoncajuhy.com.br\/site\/wp-content\/uploads\/2015\/10\/liturgia_diaria.jpg?w=449&amp;ssl=1 449w\" sizes=\"(max-width: 300px) 100vw, 300px\" \/><\/a>Naquele momento Jesus exultou no Esp\u00edrito Santo e disse: \u201cEu te louvo, Pai, Senhor do c\u00e9u e da terra, porque escondeste essas coisas aos s\u00e1bios e inteligentes, e as revelaste aos pequeninos. Sim, Pai, porque assim foi do teu agrado.<\/p>\n<p>Tudo me foi entregue pelo meu Pai. Ningu\u00e9m conhece quem \u00e9 o Filho, a n\u00e3o ser o Pai; ningu\u00e9m conhece quem \u00e9 o Pai, a n\u00e3o ser o Filho e aquele a quem o Filho o quiser revelar\u201d.<\/p>\n<p>Jesus voltou-se para os disc\u00edpulos e disse-lhes em particular: \u201cFelizes os olhos que veem o que v\u00f3s vedes! Pois eu vos digo que muitos profetas e reis quiseram ver o que estais vendo, e n\u00e3o puderam ver; quiseram ouvir o que estais ouvindo, e n\u00e3o puderam ouvir\u201d.<\/p>\n<p><a href=\"http:\/\/liturgia.cancaonova.com\/liturgia\/1a-semana-do-advento-terca-feira-29112016\/\"><strong><em>*Can\u00e7\u00e3o Nova<\/em><\/strong><\/a><\/p>\n","protected":false},"excerpt":{"rendered":"<p>Naquele momento Jesus exultou no Esp\u00edrito Santo e disse: \u201cEu te louvo, Pai, Senhor do c\u00e9u e da terra, porque escondeste essas coisas aos s\u00e1bios e inteligentes, e as revelaste aos pequeninos. Sim, Pai, porque assim foi do teu agrado. Tudo me foi entregue pelo meu Pai. Ningu\u00e9m conhece quem \u00e9 o Filho, a n\u00e3o [&hellip;]<\/p>\n","protected":false},"author":2,"featured_media":0,"comment_status":"open","ping_status":"open","sticky":false,"template":"","format":"standard","meta":{"_acf_changed":false,"_monsterinsights_skip_tracking":false,"_monsterinsights_sitenote_active":false,"_monsterinsights_sitenote_note":"","_monsterinsights_sitenote_category":0,"_jetpack_memberships_contains_paid_content":false,"footnotes":"","jetpack_publicize_message":"","jetpack_publicize_feature_enabled":true,"jetpack_social_post_already_shared":true,"jetpack_social_options":{"image_generator_settings":{"template":"highway","default_image_id":0,"font":"","enabled":false},"version":2}},"categories":[1,9],"tags":[],"class_list":["post-13728","post","type-post","status-publish","format-standard","hentry","category-noticias","category-reflexao"],"acf":[],"jetpack_publicize_connections":[],"jetpack_featured_media_url":"","jetpack_sharing_enabled":true,"publishpress_future_workflow_manual_trigger":{"enabledWorkflows":[]},"_links":{"self":[{"href":"https:\/\/blogdoeloiltoncajuhy.com.br\/site\/wp-json\/wp\/v2\/posts\/13728","targetHints":{"allow":["GET"]}}],"collection":[{"href":"https:\/\/blogdoeloiltoncajuhy.com.br\/site\/wp-json\/wp\/v2\/posts"}],"about":[{"href":"https:\/\/blogdoeloiltoncajuhy.com.br\/site\/wp-json\/wp\/v2\/types\/post"}],"author":[{"embeddable":true,"href":"https:\/\/blogdoeloiltoncajuhy.com.br\/site\/wp-json\/wp\/v2\/users\/2"}],"replies":[{"embeddable":true,"href":"https:\/\/blogdoeloiltoncajuhy.com.br\/site\/wp-json\/wp\/v2\/comments?post=13728"}],"version-history":[{"count":1,"href":"https:\/\/blogdoeloiltoncajuhy.com.br\/site\/wp-json\/wp\/v2\/posts\/13728\/revisions"}],"predecessor-version":[{"id":13729,"href":"https:\/\/blogdoeloiltoncajuhy.com.br\/site\/wp-json\/wp\/v2\/posts\/13728\/revisions\/13729"}],"wp:attachment":[{"href":"https:\/\/blogdoeloiltoncajuhy.com.br\/site\/wp-json\/wp\/v2\/media?parent=13728"}],"wp:term":[{"taxonomy":"category","embeddable":true,"href":"https:\/\/blogdoeloiltoncajuhy.com.br\/site\/wp-json\/wp\/v2\/categories?post=13728"},{"taxonomy":"post_tag","embeddable":true,"href":"https:\/\/blogdoeloiltoncajuhy.com.br\/site\/wp-json\/wp\/v2\/tags?post=13728"}],"curies":[{"name":"wp","href":"https:\/\/api.w.org\/{rel}","templated":true}]}}