{"id":13717,"date":"2016-11-28T12:27:48","date_gmt":"2016-11-28T15:27:48","guid":{"rendered":"http:\/\/blogdoeloiltoncajuhy.com.br\/site\/?p=13717"},"modified":"2016-11-28T12:27:48","modified_gmt":"2016-11-28T15:27:48","slug":"jovem-morre-e-carro-se-parte-ao-meio-em-batida-contra-poste","status":"publish","type":"post","link":"https:\/\/blogdoeloiltoncajuhy.com.br\/site\/jovem-morre-e-carro-se-parte-ao-meio-em-batida-contra-poste\/","title":{"rendered":"Jovem morre e carro se parte ao meio em batida contra poste"},"content":{"rendered":"<p style=\"text-align: center;\"><em><strong>Acidente ocorreu na noite deste domingo (27) no interior de S\u00e3o Paulo.\u00a0De acordo com a Pol\u00edcia Militar, motorista perdeu o controle do ve\u00edculo<\/strong><\/em><\/p>\n<figure id=\"attachment_13718\" aria-describedby=\"caption-attachment-13718\" style=\"width: 620px\" class=\"wp-caption aligncenter\"><a href=\"https:\/\/i0.wp.com\/blogdoeloiltoncajuhy.com.br\/site\/wp-content\/uploads\/2016\/11\/limeiraacid2.jpg\"><img data-recalc-dims=\"1\" fetchpriority=\"high\" decoding=\"async\" class=\"wp-image-13718 size-full\" src=\"https:\/\/i0.wp.com\/blogdoeloiltoncajuhy.com.br\/site\/wp-content\/uploads\/2016\/11\/limeiraacid2.jpg?resize=620%2C465\" alt=\"limeiraacid2\" width=\"620\" height=\"465\" srcset=\"https:\/\/i0.wp.com\/blogdoeloiltoncajuhy.com.br\/site\/wp-content\/uploads\/2016\/11\/limeiraacid2.jpg?w=620&amp;ssl=1 620w, https:\/\/i0.wp.com\/blogdoeloiltoncajuhy.com.br\/site\/wp-content\/uploads\/2016\/11\/limeiraacid2.jpg?resize=300%2C225&amp;ssl=1 300w, https:\/\/i0.wp.com\/blogdoeloiltoncajuhy.com.br\/site\/wp-content\/uploads\/2016\/11\/limeiraacid2.jpg?resize=250%2C188&amp;ssl=1 250w\" sizes=\"(max-width: 620px) 100vw, 620px\" \/><\/a><figcaption id=\"caption-attachment-13718\" class=\"wp-caption-text\">Parte da frente do carro foi parar a 30 metros do poste ap\u00f3s batida em Limeira (Foto: Reprodu\u00e7\u00e3o\/EPTV)<\/figcaption><\/figure>\n<p style=\"text-align: left;\">Um jovem de 26 anos morreu ap\u00f3s bater o carro contra um poste do Anel Vi\u00e1rio de Limeira (SP) na noite deste domingo (27). De acordo com a Pol\u00edcia Militar (PM), o motorista perdeu o controle do ve\u00edculo e se chocou contra a estrutura. N\u00e3o houve mais v\u00edtimas. Com o impacto, o autom\u00f3vel se partiu ao meio.<\/p>\n<p style=\"text-align: left;\">A batida foi t\u00e3o forte que a parte da frente do carro foi parar a cerca de 30 metros do ponto onde ocorreu o acidente, conforme a PM.\u00a0O Servi\u00e7o de Atendimento M\u00f3vel de Urg\u00eancia (Samu) foi at\u00e9 o local, mas, ainda segundo a pol\u00edcia, o motorista n\u00e3o resistiu aos ferimentos e morreu no momento da colis\u00e3o.<\/p>\n<figure id=\"attachment_13719\" aria-describedby=\"caption-attachment-13719\" style=\"width: 620px\" class=\"wp-caption aligncenter\"><a href=\"https:\/\/i0.wp.com\/blogdoeloiltoncajuhy.com.br\/site\/wp-content\/uploads\/2016\/11\/limeiraacidente1.jpg\"><img data-recalc-dims=\"1\" decoding=\"async\" class=\"wp-image-13719 size-full\" src=\"https:\/\/i0.wp.com\/blogdoeloiltoncajuhy.com.br\/site\/wp-content\/uploads\/2016\/11\/limeiraacidente1.jpg?resize=620%2C465\" alt=\"limeiraacidente1\" width=\"620\" height=\"465\" srcset=\"https:\/\/i0.wp.com\/blogdoeloiltoncajuhy.com.br\/site\/wp-content\/uploads\/2016\/11\/limeiraacidente1.jpg?w=620&amp;ssl=1 620w, https:\/\/i0.wp.com\/blogdoeloiltoncajuhy.com.br\/site\/wp-content\/uploads\/2016\/11\/limeiraacidente1.jpg?resize=300%2C225&amp;ssl=1 300w, https:\/\/i0.wp.com\/blogdoeloiltoncajuhy.com.br\/site\/wp-content\/uploads\/2016\/11\/limeiraacidente1.jpg?resize=250%2C188&amp;ssl=1 250w\" sizes=\"(max-width: 620px) 100vw, 620px\" \/><\/a><figcaption id=\"caption-attachment-13719\" class=\"wp-caption-text\">Carro ficou partido ao meio ap\u00f3s batida em Limeira (Foto: Reprodu\u00e7\u00e3o\/EPTV)<\/figcaption><\/figure>\n<p style=\"text-align: left;\">Equipes da per\u00edcia t\u00e9cnica estiveram no local e investigam as causas do acidente. O trecho da via ficou bloqueado para realiza\u00e7\u00e3o do trabalho da per\u00edcia e retirada das partes do ve\u00edculo por cerca de uma hora.<\/p>\n<p style=\"text-align: left;\"><em>*Do G1 Piracicaba e Regi\u00e3o<\/em><\/p>\n","protected":false},"excerpt":{"rendered":"<p>Acidente ocorreu na noite deste domingo (27) no interior de S\u00e3o Paulo.\u00a0De acordo com a Pol\u00edcia Militar, motorista perdeu o controle do ve\u00edculo Um jovem de 26 anos morreu ap\u00f3s bater o carro contra um poste do Anel Vi\u00e1rio de Limeira (SP) na noite deste domingo (27). De acordo com a Pol\u00edcia Militar (PM), o [&hellip;]<\/p>\n","protected":false},"author":2,"featured_media":13719,"comment_status":"open","ping_status":"open","sticky":false,"template":"","format":"standard","meta":{"_acf_changed":false,"_monsterinsights_skip_tracking":false,"_monsterinsights_sitenote_active":false,"_monsterinsights_sitenote_note":"","_monsterinsights_sitenote_category":0,"_jetpack_memberships_contains_paid_content":false,"footnotes":"","jetpack_publicize_message":"","jetpack_publicize_feature_enabled":true,"jetpack_social_post_already_shared":true,"jetpack_social_options":{"image_generator_settings":{"template":"highway","default_image_id":0,"font":"","enabled":false},"version":2}},"categories":[5,1],"tags":[],"class_list":["post-13717","post","type-post","status-publish","format-standard","has-post-thumbnail","hentry","category-cotidiano","category-noticias"],"acf":[],"jetpack_publicize_connections":[],"jetpack_featured_media_url":"https:\/\/i0.wp.com\/blogdoeloiltoncajuhy.com.br\/site\/wp-content\/uploads\/2016\/11\/limeiraacidente1.jpg?fit=620%2C465&ssl=1","jetpack_sharing_enabled":true,"publishpress_future_workflow_manual_trigger":{"enabledWorkflows":[]},"_links":{"self":[{"href":"https:\/\/blogdoeloiltoncajuhy.com.br\/site\/wp-json\/wp\/v2\/posts\/13717","targetHints":{"allow":["GET"]}}],"collection":[{"href":"https:\/\/blogdoeloiltoncajuhy.com.br\/site\/wp-json\/wp\/v2\/posts"}],"about":[{"href":"https:\/\/blogdoeloiltoncajuhy.com.br\/site\/wp-json\/wp\/v2\/types\/post"}],"author":[{"embeddable":true,"href":"https:\/\/blogdoeloiltoncajuhy.com.br\/site\/wp-json\/wp\/v2\/users\/2"}],"replies":[{"embeddable":true,"href":"https:\/\/blogdoeloiltoncajuhy.com.br\/site\/wp-json\/wp\/v2\/comments?post=13717"}],"version-history":[{"count":1,"href":"https:\/\/blogdoeloiltoncajuhy.com.br\/site\/wp-json\/wp\/v2\/posts\/13717\/revisions"}],"predecessor-version":[{"id":13720,"href":"https:\/\/blogdoeloiltoncajuhy.com.br\/site\/wp-json\/wp\/v2\/posts\/13717\/revisions\/13720"}],"wp:featuredmedia":[{"embeddable":true,"href":"https:\/\/blogdoeloiltoncajuhy.com.br\/site\/wp-json\/wp\/v2\/media\/13719"}],"wp:attachment":[{"href":"https:\/\/blogdoeloiltoncajuhy.com.br\/site\/wp-json\/wp\/v2\/media?parent=13717"}],"wp:term":[{"taxonomy":"category","embeddable":true,"href":"https:\/\/blogdoeloiltoncajuhy.com.br\/site\/wp-json\/wp\/v2\/categories?post=13717"},{"taxonomy":"post_tag","embeddable":true,"href":"https:\/\/blogdoeloiltoncajuhy.com.br\/site\/wp-json\/wp\/v2\/tags?post=13717"}],"curies":[{"name":"wp","href":"https:\/\/api.w.org\/{rel}","templated":true}]}}