{"id":13707,"date":"2016-11-28T07:54:48","date_gmt":"2016-11-28T10:54:48","guid":{"rendered":"http:\/\/blogdoeloiltoncajuhy.com.br\/site\/?p=13707"},"modified":"2016-11-28T07:54:48","modified_gmt":"2016-11-28T10:54:48","slug":"28-de-novembro-dia-do-soldado-desconhecido","status":"publish","type":"post","link":"https:\/\/blogdoeloiltoncajuhy.com.br\/site\/28-de-novembro-dia-do-soldado-desconhecido\/","title":{"rendered":"28 DE NOVEMBRO &#8211; Dia do Soldado Desconhecido"},"content":{"rendered":"<figure id=\"attachment_13708\" aria-describedby=\"caption-attachment-13708\" style=\"width: 550px\" class=\"wp-caption aligncenter\"><a href=\"https:\/\/i0.wp.com\/blogdoeloiltoncajuhy.com.br\/site\/wp-content\/uploads\/2016\/11\/pracinhas-rj-e1480330458118.jpg\"><img data-recalc-dims=\"1\" fetchpriority=\"high\" decoding=\"async\" class=\"wp-image-13708 size-full\" src=\"https:\/\/i0.wp.com\/blogdoeloiltoncajuhy.com.br\/site\/wp-content\/uploads\/2016\/11\/pracinhas-rj-e1480330458118.jpg?resize=550%2C315\" alt=\"pracinhas-rj\" width=\"550\" height=\"315\" \/><\/a><figcaption id=\"caption-attachment-13708\" class=\"wp-caption-text\">Monumento aos Pracinhas, no Aterro do Flamengo, RJ (Foto: O Globo)<\/figcaption><\/figure>\n<p>Esta data tem como prop\u00f3sito, honrar a mem\u00f3ria dos soldados que perderam as suas vidas lutando pelas suas p\u00e1trias, mas cujos corpos n\u00e3o foram identificados. Na ocorr\u00eancia de uma guerra, \u00e9 comum que alguns soldados que morrem em combate n\u00e3o sejam transportados para a sua terra natal para que seja organizado um funeral.<\/p>\n<p>Desta forma, muitos pa\u00edses prestam homenagem a estes her\u00f3is an\u00f4nimos atrav\u00e9s da constru\u00e7\u00e3o de monumentos, que s\u00e3o muitas vezes conhecidos como &#8220;T\u00famulo do Soldado Desconhecido&#8221;. Muitos desses monumentos s\u00e3o simb\u00f3licos, por\u00e9m alguns guardam os restos mortais de alguns desses soldados.<\/p>\n<p>A origem deste tipo de homenagem aconteceu no Reino Unido, quando em 1920 um guerreiro inc\u00f3gnito que faleceu combatendo durante a Primeira Guerra Mundial foi enterrado na Abadia de Westminster. Esta cerim\u00f4nia teve como objetivo dignificar todos os soldados que deram a sua vida pelo Imp\u00e9rio Brit\u00e2nico.<\/p>\n<p>No Brasil, o Monumento Nacional aos Mortos da Segunda Guerra Mundial, que se encontra no Rio de Janeiro, foi inaugurado em Junho de 1960. Este monumento cont\u00e9m uma urna com restos mortais de soldados n\u00e3o identificados, que simboliza o Soldado Desconhecido.<\/p>\n<p><em>*Calendarr<\/em><\/p>\n","protected":false},"excerpt":{"rendered":"<p>Esta data tem como prop\u00f3sito, honrar a mem\u00f3ria dos soldados que perderam as suas vidas lutando pelas suas p\u00e1trias, mas cujos corpos n\u00e3o foram identificados. Na ocorr\u00eancia de uma guerra, \u00e9 comum que alguns soldados que morrem em combate n\u00e3o sejam transportados para a sua terra natal para que seja organizado um funeral. Desta forma, [&hellip;]<\/p>\n","protected":false},"author":2,"featured_media":13708,"comment_status":"open","ping_status":"open","sticky":false,"template":"","format":"standard","meta":{"_acf_changed":false,"_monsterinsights_skip_tracking":false,"_monsterinsights_sitenote_active":false,"_monsterinsights_sitenote_note":"","_monsterinsights_sitenote_category":0,"_jetpack_memberships_contains_paid_content":false,"footnotes":"","jetpack_publicize_message":"","jetpack_publicize_feature_enabled":true,"jetpack_social_post_already_shared":true,"jetpack_social_options":{"image_generator_settings":{"template":"highway","default_image_id":0,"font":"","enabled":false},"version":2}},"categories":[5,1],"tags":[],"class_list":["post-13707","post","type-post","status-publish","format-standard","has-post-thumbnail","hentry","category-cotidiano","category-noticias"],"acf":[],"jetpack_publicize_connections":[],"jetpack_featured_media_url":"https:\/\/i0.wp.com\/blogdoeloiltoncajuhy.com.br\/site\/wp-content\/uploads\/2016\/11\/pracinhas-rj-e1480330458118.jpg?fit=550%2C315&ssl=1","jetpack_sharing_enabled":true,"publishpress_future_workflow_manual_trigger":{"enabledWorkflows":[]},"_links":{"self":[{"href":"https:\/\/blogdoeloiltoncajuhy.com.br\/site\/wp-json\/wp\/v2\/posts\/13707","targetHints":{"allow":["GET"]}}],"collection":[{"href":"https:\/\/blogdoeloiltoncajuhy.com.br\/site\/wp-json\/wp\/v2\/posts"}],"about":[{"href":"https:\/\/blogdoeloiltoncajuhy.com.br\/site\/wp-json\/wp\/v2\/types\/post"}],"author":[{"embeddable":true,"href":"https:\/\/blogdoeloiltoncajuhy.com.br\/site\/wp-json\/wp\/v2\/users\/2"}],"replies":[{"embeddable":true,"href":"https:\/\/blogdoeloiltoncajuhy.com.br\/site\/wp-json\/wp\/v2\/comments?post=13707"}],"version-history":[{"count":1,"href":"https:\/\/blogdoeloiltoncajuhy.com.br\/site\/wp-json\/wp\/v2\/posts\/13707\/revisions"}],"predecessor-version":[{"id":13709,"href":"https:\/\/blogdoeloiltoncajuhy.com.br\/site\/wp-json\/wp\/v2\/posts\/13707\/revisions\/13709"}],"wp:featuredmedia":[{"embeddable":true,"href":"https:\/\/blogdoeloiltoncajuhy.com.br\/site\/wp-json\/wp\/v2\/media\/13708"}],"wp:attachment":[{"href":"https:\/\/blogdoeloiltoncajuhy.com.br\/site\/wp-json\/wp\/v2\/media?parent=13707"}],"wp:term":[{"taxonomy":"category","embeddable":true,"href":"https:\/\/blogdoeloiltoncajuhy.com.br\/site\/wp-json\/wp\/v2\/categories?post=13707"},{"taxonomy":"post_tag","embeddable":true,"href":"https:\/\/blogdoeloiltoncajuhy.com.br\/site\/wp-json\/wp\/v2\/tags?post=13707"}],"curies":[{"name":"wp","href":"https:\/\/api.w.org\/{rel}","templated":true}]}}