{"id":13701,"date":"2016-11-27T21:33:54","date_gmt":"2016-11-28T00:33:54","guid":{"rendered":"http:\/\/blogdoeloiltoncajuhy.com.br\/site\/?p=13701"},"modified":"2016-11-27T21:33:54","modified_gmt":"2016-11-28T00:33:54","slug":"comece-a-segunda-feira-meditando-dize-uma-so-palavra-e-o-meu-empregado-ficara-curado-mt-85-11","status":"publish","type":"post","link":"https:\/\/blogdoeloiltoncajuhy.com.br\/site\/comece-a-segunda-feira-meditando-dize-uma-so-palavra-e-o-meu-empregado-ficara-curado-mt-85-11\/","title":{"rendered":"COMECE A SEGUNDA-FEIRA MEDITANDO: &#8220;Dize uma s\u00f3 palavra e o meu empregado ficar\u00e1 curado&#8221; &#8211; Mt 8,5-11"},"content":{"rendered":"<p><a href=\"https:\/\/i0.wp.com\/blogdoeloiltoncajuhy.com.br\/site\/wp-content\/uploads\/2015\/10\/liturgia_diaria.jpg\"><img data-recalc-dims=\"1\" fetchpriority=\"high\" decoding=\"async\" class=\"aligncenter size-full wp-image-4757\" src=\"https:\/\/i0.wp.com\/blogdoeloiltoncajuhy.com.br\/site\/wp-content\/uploads\/2015\/10\/liturgia_diaria.jpg?resize=449%2C340\" alt=\"liturgia_diaria\" width=\"449\" height=\"340\" srcset=\"https:\/\/i0.wp.com\/blogdoeloiltoncajuhy.com.br\/site\/wp-content\/uploads\/2015\/10\/liturgia_diaria.jpg?w=449&amp;ssl=1 449w, https:\/\/i0.wp.com\/blogdoeloiltoncajuhy.com.br\/site\/wp-content\/uploads\/2015\/10\/liturgia_diaria.jpg?resize=300%2C227&amp;ssl=1 300w, https:\/\/i0.wp.com\/blogdoeloiltoncajuhy.com.br\/site\/wp-content\/uploads\/2015\/10\/liturgia_diaria.jpg?resize=250%2C189&amp;ssl=1 250w\" sizes=\"(max-width: 449px) 100vw, 449px\" \/><\/a>Naquele tempo, quando Jesus entrou em Carfanaum, um oficial romano aproximou-se dele, suplicando: \u201cSenhor, o meu empregado est\u00e1 de cama, l\u00e1 em casa, sofrendo terrivelmente com uma paralisia\u201d. Jesus respondeu: \u201cVou cur\u00e1-lo\u201d. O oficial disse: \u201cSenhor, eu n\u00e3o sou digno de que entres em minha casa. Dize uma s\u00f3 palavra e o meu empregado ficar\u00e1 curado. Pois eu tamb\u00e9m sou subordinado e tenho soldados sob minhas ordens. E digo a um: \u2018Vai!, e ele vai; e a outro: \u2018Vem!, e ele vem; e digo a meu escravo: \u2018Faze isto!, e ele o faz\u201d. Quando ouviu isso, Jesus ficou admirado, e disse aos que o seguiam: \u201cEm verdade, vos digo: nunca encontrei em Israel algu\u00e9m que tivesse tanta f\u00e9. Eu vos digo: muitos vir\u00e3o do Oriente e do Ocidente, e se sentar\u00e3o \u00e0 mesa no Reino dos C\u00e9us, junto com Abra\u00e3o, Isaac e Jac\u00f3\u201d.<\/p>\n<p><strong><em>*<a href=\"http:\/\/liturgia.cancaonova.com\/liturgia\/1a-semana-do-advento-segunda-feira-28112016\/\">Can\u00e7\u00e3o Nova<\/a><\/em><\/strong><\/p>\n","protected":false},"excerpt":{"rendered":"<p>Naquele tempo, quando Jesus entrou em Carfanaum, um oficial romano aproximou-se dele, suplicando: \u201cSenhor, o meu empregado est\u00e1 de cama, l\u00e1 em casa, sofrendo terrivelmente com uma paralisia\u201d. Jesus respondeu: \u201cVou cur\u00e1-lo\u201d. O oficial disse: \u201cSenhor, eu n\u00e3o sou digno de que entres em minha casa. Dize uma s\u00f3 palavra e o meu empregado ficar\u00e1 [&hellip;]<\/p>\n","protected":false},"author":2,"featured_media":0,"comment_status":"open","ping_status":"open","sticky":false,"template":"","format":"standard","meta":{"_acf_changed":false,"_monsterinsights_skip_tracking":false,"_monsterinsights_sitenote_active":false,"_monsterinsights_sitenote_note":"","_monsterinsights_sitenote_category":0,"_jetpack_memberships_contains_paid_content":false,"footnotes":"","jetpack_publicize_message":"","jetpack_publicize_feature_enabled":true,"jetpack_social_post_already_shared":true,"jetpack_social_options":{"image_generator_settings":{"template":"highway","default_image_id":0,"font":"","enabled":false},"version":2}},"categories":[1,9],"tags":[],"class_list":["post-13701","post","type-post","status-publish","format-standard","hentry","category-noticias","category-reflexao"],"acf":[],"jetpack_publicize_connections":[],"jetpack_featured_media_url":"","jetpack_sharing_enabled":true,"publishpress_future_workflow_manual_trigger":{"enabledWorkflows":[]},"_links":{"self":[{"href":"https:\/\/blogdoeloiltoncajuhy.com.br\/site\/wp-json\/wp\/v2\/posts\/13701","targetHints":{"allow":["GET"]}}],"collection":[{"href":"https:\/\/blogdoeloiltoncajuhy.com.br\/site\/wp-json\/wp\/v2\/posts"}],"about":[{"href":"https:\/\/blogdoeloiltoncajuhy.com.br\/site\/wp-json\/wp\/v2\/types\/post"}],"author":[{"embeddable":true,"href":"https:\/\/blogdoeloiltoncajuhy.com.br\/site\/wp-json\/wp\/v2\/users\/2"}],"replies":[{"embeddable":true,"href":"https:\/\/blogdoeloiltoncajuhy.com.br\/site\/wp-json\/wp\/v2\/comments?post=13701"}],"version-history":[{"count":1,"href":"https:\/\/blogdoeloiltoncajuhy.com.br\/site\/wp-json\/wp\/v2\/posts\/13701\/revisions"}],"predecessor-version":[{"id":13702,"href":"https:\/\/blogdoeloiltoncajuhy.com.br\/site\/wp-json\/wp\/v2\/posts\/13701\/revisions\/13702"}],"wp:attachment":[{"href":"https:\/\/blogdoeloiltoncajuhy.com.br\/site\/wp-json\/wp\/v2\/media?parent=13701"}],"wp:term":[{"taxonomy":"category","embeddable":true,"href":"https:\/\/blogdoeloiltoncajuhy.com.br\/site\/wp-json\/wp\/v2\/categories?post=13701"},{"taxonomy":"post_tag","embeddable":true,"href":"https:\/\/blogdoeloiltoncajuhy.com.br\/site\/wp-json\/wp\/v2\/tags?post=13701"}],"curies":[{"name":"wp","href":"https:\/\/api.w.org\/{rel}","templated":true}]}}