{"id":13697,"date":"2016-11-27T21:21:39","date_gmt":"2016-11-28T00:21:39","guid":{"rendered":"http:\/\/blogdoeloiltoncajuhy.com.br\/site\/?p=13697"},"modified":"2016-11-27T21:21:39","modified_gmt":"2016-11-28T00:21:39","slug":"esportes-palmeiras-bate-a-chape-e-campeao-brasileiro-e-acaba-com-jejum-de-22-anos","status":"publish","type":"post","link":"https:\/\/blogdoeloiltoncajuhy.com.br\/site\/esportes-palmeiras-bate-a-chape-e-campeao-brasileiro-e-acaba-com-jejum-de-22-anos\/","title":{"rendered":"ESPORTES: Palmeiras bate a Chape, \u00e9 campe\u00e3o brasileiro e acaba com jejum de 22 anos"},"content":{"rendered":"<figure id=\"attachment_13698\" aria-describedby=\"caption-attachment-13698\" style=\"width: 943px\" class=\"wp-caption aligncenter\"><a href=\"https:\/\/i0.wp.com\/blogdoeloiltoncajuhy.com.br\/site\/wp-content\/uploads\/2016\/11\/palmeiras-campe%C3%A3o1.jpg\"><img data-recalc-dims=\"1\" fetchpriority=\"high\" decoding=\"async\" class=\"wp-image-13698 size-full\" src=\"https:\/\/i0.wp.com\/blogdoeloiltoncajuhy.com.br\/site\/wp-content\/uploads\/2016\/11\/palmeiras-campe%C3%A3o1.jpg?resize=800%2C422\" alt=\"palmeiras-campeao1\" width=\"800\" height=\"422\" srcset=\"https:\/\/i0.wp.com\/blogdoeloiltoncajuhy.com.br\/site\/wp-content\/uploads\/2016\/11\/palmeiras-campe%C3%A3o1.jpg?w=943&amp;ssl=1 943w, https:\/\/i0.wp.com\/blogdoeloiltoncajuhy.com.br\/site\/wp-content\/uploads\/2016\/11\/palmeiras-campe%C3%A3o1.jpg?resize=300%2C158&amp;ssl=1 300w, https:\/\/i0.wp.com\/blogdoeloiltoncajuhy.com.br\/site\/wp-content\/uploads\/2016\/11\/palmeiras-campe%C3%A3o1.jpg?resize=768%2C406&amp;ssl=1 768w, https:\/\/i0.wp.com\/blogdoeloiltoncajuhy.com.br\/site\/wp-content\/uploads\/2016\/11\/palmeiras-campe%C3%A3o1.jpg?resize=250%2C132&amp;ssl=1 250w\" sizes=\"(max-width: 800px) 100vw, 800px\" \/><\/a><figcaption id=\"caption-attachment-13698\" class=\"wp-caption-text\">Jogadores do Palmeiras festejam a conquista do t\u00edtulo. Imagem: AFP PHOTO\/NELSON ALMEIDA<\/figcaption><\/figure>\n<p>A longa e intermin\u00e1vel espera acabou. Depois de 22 anos de jejum, o palmeirense repete o grito de campe\u00e3o no Campeonato Brasileiro. Assim, uma gera\u00e7\u00e3o inteira de torcedores, enfim, sente o prazer de ver o clube alcan\u00e7ar a gl\u00f3ria na competi\u00e7\u00e3o mais importante do futebol nacional. A ta\u00e7a virou realidade neste domingo (27), com a vit\u00f3ria sobre a Chapecoense em casa por 1 a 0, com gol de Fabiano ainda no primeiro tempo.<\/p>\n<p>Desta maneira, os l\u00edderes nem precisaram prestar aten\u00e7\u00e3o no jogo do rival Santos no Rio de Janeiro. \u00danico advers\u00e1rio que podia impedir o t\u00edtulo antecipado do Palmeiras, o rival paulista sofreu gol logo no come\u00e7o da partida e nem sequer amea\u00e7ou a festa alviverde. O campe\u00e3o, que matematicamente precisava apenas de um empate, somou mais uma vit\u00f3ria e chegou aos 77 pontos \u2013 absoluto e agora inalcan\u00e7\u00e1vel na tabela de classifica\u00e7\u00e3o.<\/p>\n<p>O t\u00edtulo passa por um trabalho em conjunto. Cuca profetizou antes do in\u00edcio do Brasileiro qual seria o destino do clube na S\u00e9rie A. As palavras inspiraram o grupo, que desde o in\u00edcio da competi\u00e7\u00e3o figurou nas primeiras coloca\u00e7\u00f5es, um concorrente seguro.<\/p>\n<p>A regularidade marcou este Palmeiras de Ja\u00edlson, Dudu, Gabriel Jesus e companhia. Mesmo quando n\u00e3o encantou e sofreu, o resultado veio. Torna-se inquestion\u00e1vel, portanto, qualquer delibera\u00e7\u00e3o em rela\u00e7\u00e3o ao t\u00edtulo. O Brasileiro de 2016 est\u00e1 nas m\u00e3os daqueles que mais correram, mais procuraram e mais mereceram.<\/p>\n<p>A vit\u00f3ria deste domingo contra a Chapecoense consolidou o nono t\u00edtulo na elite do futebol do pa\u00eds, o 13\u00ba a n\u00edvel nacional \u2013 al\u00e9m dos nove Brasileiros, o Palmeiras carrega em sua hist\u00f3ria mais tr\u00eas Copas do Brasil e a Copa dos Campe\u00f5es de 2000. Ningu\u00e9m venceu tanto em ambiente dom\u00e9stico quanto o &#8220;Alviverde imponente&#8221;.<\/p>\n<figure id=\"attachment_13699\" aria-describedby=\"caption-attachment-13699\" style=\"width: 942px\" class=\"wp-caption aligncenter\"><a href=\"https:\/\/i0.wp.com\/blogdoeloiltoncajuhy.com.br\/site\/wp-content\/uploads\/2016\/11\/fabiano-palmeiras.jpg\"><img data-recalc-dims=\"1\" decoding=\"async\" class=\"wp-image-13699 size-full\" src=\"https:\/\/i0.wp.com\/blogdoeloiltoncajuhy.com.br\/site\/wp-content\/uploads\/2016\/11\/fabiano-palmeiras.jpg?resize=800%2C423\" alt=\"fabiano-palmeiras\" width=\"800\" height=\"423\" srcset=\"https:\/\/i0.wp.com\/blogdoeloiltoncajuhy.com.br\/site\/wp-content\/uploads\/2016\/11\/fabiano-palmeiras.jpg?w=942&amp;ssl=1 942w, https:\/\/i0.wp.com\/blogdoeloiltoncajuhy.com.br\/site\/wp-content\/uploads\/2016\/11\/fabiano-palmeiras.jpg?resize=300%2C159&amp;ssl=1 300w, https:\/\/i0.wp.com\/blogdoeloiltoncajuhy.com.br\/site\/wp-content\/uploads\/2016\/11\/fabiano-palmeiras.jpg?resize=768%2C406&amp;ssl=1 768w, https:\/\/i0.wp.com\/blogdoeloiltoncajuhy.com.br\/site\/wp-content\/uploads\/2016\/11\/fabiano-palmeiras.jpg?resize=250%2C132&amp;ssl=1 250w\" sizes=\"(max-width: 800px) 100vw, 800px\" \/><\/a><figcaption id=\"caption-attachment-13699\" class=\"wp-caption-text\">Fabiano comemora o gol que fez para abrir o placar para o Palmeiras contra a Chapecoense. Imagem: REUTERS\/Paulo Whitaker<\/figcaption><\/figure>\n<p><strong>PALMEIRAS 1 x 0 CHAPECOENSE<\/strong><br \/>\n<strong>Gol:<\/strong> Fabiano, aos 25 minutos do primeiro tempo<br \/>\n<strong>Cart\u00e3o amarelo:<\/strong> Fabiano (PAL); Marcelo e Bruno Rangel (CHA)<br \/>\n<strong>Local:<\/strong> Allianz Parque, em S\u00e3o Paulo<br \/>\n<strong>Arbitragem:<\/strong> Anderson Daronco (RS)<\/p>\n<p><strong>Palmeiras<\/strong><br \/>\nJa\u00edlson (Fernando Prass), Fabiano (Gabriel), Edu Dracena, Vitor Hugo, Z\u00e9 Roberto; Tch\u00ea Tch\u00ea (Thiago Santos), Mois\u00e9s, Jean; Dudu, Gabriel Jesus e Roger Guedes<br \/>\n<strong>T\u00e9cnico:<\/strong> Cuca<\/p>\n<p><strong>Chapecoense<\/strong><br \/>\nDanilo; Gimenez, Marcelo, Felipe Machado, Alan Ruschel; Matheus Biteco, S\u00e9rgio Manoel, Cl\u00e9ber Santana (Gil), Tiaguinho (A\u00edlton Canela); Bruno Rangel (Kempes) e Lucas Gomes<br \/>\n<strong>T\u00e9cnico:<\/strong> Caio Jr.<\/p>\n<p><em>*Do UOL, em S\u00e3o Paulo<\/em><\/p>\n","protected":false},"excerpt":{"rendered":"<p>A longa e intermin\u00e1vel espera acabou. Depois de 22 anos de jejum, o palmeirense repete o grito de campe\u00e3o no Campeonato Brasileiro. Assim, uma gera\u00e7\u00e3o inteira de torcedores, enfim, sente o prazer de ver o clube alcan\u00e7ar a gl\u00f3ria na competi\u00e7\u00e3o mais importante do futebol nacional. A ta\u00e7a virou realidade neste domingo (27), com a [&hellip;]<\/p>\n","protected":false},"author":2,"featured_media":13699,"comment_status":"open","ping_status":"open","sticky":false,"template":"","format":"standard","meta":{"_acf_changed":false,"_monsterinsights_skip_tracking":false,"_monsterinsights_sitenote_active":false,"_monsterinsights_sitenote_note":"","_monsterinsights_sitenote_category":0,"_jetpack_memberships_contains_paid_content":false,"footnotes":"","jetpack_publicize_message":"","jetpack_publicize_feature_enabled":true,"jetpack_social_post_already_shared":true,"jetpack_social_options":{"image_generator_settings":{"template":"highway","default_image_id":0,"font":"","enabled":false},"version":2}},"categories":[6,1],"tags":[],"class_list":["post-13697","post","type-post","status-publish","format-standard","has-post-thumbnail","hentry","category-esportes","category-noticias"],"acf":[],"jetpack_publicize_connections":[],"jetpack_featured_media_url":"https:\/\/i0.wp.com\/blogdoeloiltoncajuhy.com.br\/site\/wp-content\/uploads\/2016\/11\/fabiano-palmeiras.jpg?fit=942%2C498&ssl=1","jetpack_sharing_enabled":true,"publishpress_future_workflow_manual_trigger":{"enabledWorkflows":[]},"_links":{"self":[{"href":"https:\/\/blogdoeloiltoncajuhy.com.br\/site\/wp-json\/wp\/v2\/posts\/13697","targetHints":{"allow":["GET"]}}],"collection":[{"href":"https:\/\/blogdoeloiltoncajuhy.com.br\/site\/wp-json\/wp\/v2\/posts"}],"about":[{"href":"https:\/\/blogdoeloiltoncajuhy.com.br\/site\/wp-json\/wp\/v2\/types\/post"}],"author":[{"embeddable":true,"href":"https:\/\/blogdoeloiltoncajuhy.com.br\/site\/wp-json\/wp\/v2\/users\/2"}],"replies":[{"embeddable":true,"href":"https:\/\/blogdoeloiltoncajuhy.com.br\/site\/wp-json\/wp\/v2\/comments?post=13697"}],"version-history":[{"count":1,"href":"https:\/\/blogdoeloiltoncajuhy.com.br\/site\/wp-json\/wp\/v2\/posts\/13697\/revisions"}],"predecessor-version":[{"id":13700,"href":"https:\/\/blogdoeloiltoncajuhy.com.br\/site\/wp-json\/wp\/v2\/posts\/13697\/revisions\/13700"}],"wp:featuredmedia":[{"embeddable":true,"href":"https:\/\/blogdoeloiltoncajuhy.com.br\/site\/wp-json\/wp\/v2\/media\/13699"}],"wp:attachment":[{"href":"https:\/\/blogdoeloiltoncajuhy.com.br\/site\/wp-json\/wp\/v2\/media?parent=13697"}],"wp:term":[{"taxonomy":"category","embeddable":true,"href":"https:\/\/blogdoeloiltoncajuhy.com.br\/site\/wp-json\/wp\/v2\/categories?post=13697"},{"taxonomy":"post_tag","embeddable":true,"href":"https:\/\/blogdoeloiltoncajuhy.com.br\/site\/wp-json\/wp\/v2\/tags?post=13697"}],"curies":[{"name":"wp","href":"https:\/\/api.w.org\/{rel}","templated":true}]}}