{"id":13687,"date":"2016-11-27T14:26:07","date_gmt":"2016-11-27T17:26:07","guid":{"rendered":"http:\/\/blogdoeloiltoncajuhy.com.br\/site\/?p=13687"},"modified":"2016-11-27T20:50:30","modified_gmt":"2016-11-27T23:50:30","slug":"futuro-governo-brasileiro-anuncia-cristiane-maia-na-educacao-e-helder-amorim-no-gabinete","status":"publish","type":"post","link":"https:\/\/blogdoeloiltoncajuhy.com.br\/site\/futuro-governo-brasileiro-anuncia-cristiane-maia-na-educacao-e-helder-amorim-no-gabinete\/","title":{"rendered":"FUTURO GOVERNO: Brasileiro anuncia Cristiane Maia na Educa\u00e7\u00e3o e H\u00e9lder Amorim no Gabinete"},"content":{"rendered":"<figure id=\"attachment_13689\" aria-describedby=\"caption-attachment-13689\" style=\"width: 477px\" class=\"wp-caption aligncenter\"><a href=\"https:\/\/i0.wp.com\/blogdoeloiltoncajuhy.com.br\/site\/wp-content\/uploads\/2016\/11\/cris-maia_h%C3%A9lder-amorim.jpg\"><img data-recalc-dims=\"1\" fetchpriority=\"high\" decoding=\"async\" class=\"wp-image-13689 size-full\" src=\"https:\/\/i0.wp.com\/blogdoeloiltoncajuhy.com.br\/site\/wp-content\/uploads\/2016\/11\/cris-maia_h%C3%A9lder-amorim.jpg?resize=477%2C237\" alt=\"cris-maia_helder-amorim\" width=\"477\" height=\"237\" srcset=\"https:\/\/i0.wp.com\/blogdoeloiltoncajuhy.com.br\/site\/wp-content\/uploads\/2016\/11\/cris-maia_h%C3%A9lder-amorim.jpg?w=477&amp;ssl=1 477w, https:\/\/i0.wp.com\/blogdoeloiltoncajuhy.com.br\/site\/wp-content\/uploads\/2016\/11\/cris-maia_h%C3%A9lder-amorim.jpg?resize=300%2C149&amp;ssl=1 300w, https:\/\/i0.wp.com\/blogdoeloiltoncajuhy.com.br\/site\/wp-content\/uploads\/2016\/11\/cris-maia_h%C3%A9lder-amorim.jpg?resize=250%2C124&amp;ssl=1 250w\" sizes=\"(max-width: 477px) 100vw, 477px\" \/><\/a><figcaption id=\"caption-attachment-13689\" class=\"wp-caption-text\">Fotos: Reprodu\u00e7\u00e3o Facebook<\/figcaption><\/figure>\n<p>O Prefeito eleito de Senhor do Bonfim, Carlos Brasileiro, anunciou neste s\u00e1bado (26), os nomes de mais dois membros que formar\u00e3o seu governo a partir de janeiro do pr\u00f3ximo ano. Depois de reuni\u00e3o realizada na \u00faltima quinta-feira (24), com filiados do Partido dos Trabalhadores (PT), ficou definido que Cristiane Maia ser\u00e1 Secret\u00e1ria de Educa\u00e7\u00e3o e H\u00e9lder Amorim, Chefe de Gabinete.<\/p>\n<p>O an\u00fancio foi feito por Brasileiro durante evento de premia\u00e7\u00e3o dos destaques do ano, promovido pela C\u00e2mara de Dirigentes Lojistas (CDL) de Senhor do Bonfim. O prefeito eleito foi um dos premiados.<\/p>\n<p>Antes, o futuro prefeito havia anunciado 4 nomes: Z\u00e9 Antonio, vice prefeito eleito, que ir\u00e1 ocupar a Secretaria da Casa Civil (a ser criada), Claudio Nunes, Secretaria de Administra\u00e7\u00e3o, Angel\u00ed Matos, que ir\u00e1 ocupar a Secretaria de Sa\u00fade &#8211;\u00a0conforme antecipado pelo BLOG DO ELOILTON CAJUHY no dia 29 de outubro -, e Rodrigo Gomes Wanderley, Secretaria de Cultura, nome definido na \u00faltima quarta-feira, dia 24.<\/p>\n<p>Quanto a Benito Brasileiro, assessor do governador Rui Costa, que est\u00e1 deixando o cargo para participar do governo de Carlos Brasileiro, ainda n\u00e3o definido qual ser\u00e1 sua secretaria. Ap\u00f3s postagem neste Blog, de que ele iria para a Secretaria de Finan\u00e7as, o prefeito eleito informou \u00e0 nossa reportagem que Benito poder\u00e1 ir para outra secretaria.<\/p>\n<p>Agora, falta Carlos Brasileiro definir somente os nomes para as secretarias de Agricultura, Com\u00e9rcio, Ind\u00fastria e Turismo, Meio Ambiente, Infraestrutura, que deve ter Ivan Barbosa como titular, e A\u00e7\u00e3o Social. Esta \u00faltima, dever\u00e1 ficar com Vera Magalh\u00e3es.<\/p>\n<p>Brasileiro informou ainda, que o an\u00fancio da equipe completa deve ser feito possivelmente esta semana, pois ele pretende reunir todos os secret\u00e1rios para tra\u00e7ar um plano para as primeiras a\u00e7\u00f5es do seu governo. &#8220;Vamos come\u00e7ar arrebentando&#8221;, disse Brasileiro ao Blog.<\/p>\n<p><em>*BLOG DO ELOILTON CAJUHY<\/em><\/p>\n","protected":false},"excerpt":{"rendered":"<p>O Prefeito eleito de Senhor do Bonfim, Carlos Brasileiro, anunciou neste s\u00e1bado (26), os nomes de mais dois membros que formar\u00e3o seu governo a partir de janeiro do pr\u00f3ximo ano. Depois de reuni\u00e3o realizada na \u00faltima quinta-feira (24), com filiados do Partido dos Trabalhadores (PT), ficou definido que Cristiane Maia ser\u00e1 Secret\u00e1ria de Educa\u00e7\u00e3o e [&hellip;]<\/p>\n","protected":false},"author":2,"featured_media":13689,"comment_status":"open","ping_status":"open","sticky":false,"template":"","format":"standard","meta":{"_acf_changed":false,"_monsterinsights_skip_tracking":false,"_monsterinsights_sitenote_active":false,"_monsterinsights_sitenote_note":"","_monsterinsights_sitenote_category":0,"_jetpack_memberships_contains_paid_content":false,"footnotes":"","jetpack_publicize_message":"","jetpack_publicize_feature_enabled":true,"jetpack_social_post_already_shared":true,"jetpack_social_options":{"image_generator_settings":{"template":"highway","default_image_id":0,"font":"","enabled":false},"version":2}},"categories":[1,3,4],"tags":[],"class_list":["post-13687","post","type-post","status-publish","format-standard","has-post-thumbnail","hentry","category-noticias","category-politica","category-local"],"acf":[],"jetpack_publicize_connections":[],"jetpack_featured_media_url":"https:\/\/i0.wp.com\/blogdoeloiltoncajuhy.com.br\/site\/wp-content\/uploads\/2016\/11\/cris-maia_h%C3%A9lder-amorim.jpg?fit=477%2C237&ssl=1","jetpack_sharing_enabled":true,"publishpress_future_workflow_manual_trigger":{"enabledWorkflows":[]},"_links":{"self":[{"href":"https:\/\/blogdoeloiltoncajuhy.com.br\/site\/wp-json\/wp\/v2\/posts\/13687","targetHints":{"allow":["GET"]}}],"collection":[{"href":"https:\/\/blogdoeloiltoncajuhy.com.br\/site\/wp-json\/wp\/v2\/posts"}],"about":[{"href":"https:\/\/blogdoeloiltoncajuhy.com.br\/site\/wp-json\/wp\/v2\/types\/post"}],"author":[{"embeddable":true,"href":"https:\/\/blogdoeloiltoncajuhy.com.br\/site\/wp-json\/wp\/v2\/users\/2"}],"replies":[{"embeddable":true,"href":"https:\/\/blogdoeloiltoncajuhy.com.br\/site\/wp-json\/wp\/v2\/comments?post=13687"}],"version-history":[{"count":5,"href":"https:\/\/blogdoeloiltoncajuhy.com.br\/site\/wp-json\/wp\/v2\/posts\/13687\/revisions"}],"predecessor-version":[{"id":13693,"href":"https:\/\/blogdoeloiltoncajuhy.com.br\/site\/wp-json\/wp\/v2\/posts\/13687\/revisions\/13693"}],"wp:featuredmedia":[{"embeddable":true,"href":"https:\/\/blogdoeloiltoncajuhy.com.br\/site\/wp-json\/wp\/v2\/media\/13689"}],"wp:attachment":[{"href":"https:\/\/blogdoeloiltoncajuhy.com.br\/site\/wp-json\/wp\/v2\/media?parent=13687"}],"wp:term":[{"taxonomy":"category","embeddable":true,"href":"https:\/\/blogdoeloiltoncajuhy.com.br\/site\/wp-json\/wp\/v2\/categories?post=13687"},{"taxonomy":"post_tag","embeddable":true,"href":"https:\/\/blogdoeloiltoncajuhy.com.br\/site\/wp-json\/wp\/v2\/tags?post=13687"}],"curies":[{"name":"wp","href":"https:\/\/api.w.org\/{rel}","templated":true}]}}