{"id":13683,"date":"2016-11-27T13:39:59","date_gmt":"2016-11-27T16:39:59","guid":{"rendered":"http:\/\/blogdoeloiltoncajuhy.com.br\/site\/?p=13683"},"modified":"2016-11-27T13:39:59","modified_gmt":"2016-11-27T16:39:59","slug":"bahia-chega-a-salvador-e-guto-ferreira-decreta-missao-dada-e-missao-cumprida-serie-a-agora","status":"publish","type":"post","link":"https:\/\/blogdoeloiltoncajuhy.com.br\/site\/bahia-chega-a-salvador-e-guto-ferreira-decreta-missao-dada-e-missao-cumprida-serie-a-agora\/","title":{"rendered":"ESPORTES: Bahia chega a Salvador e Guto Ferreira decreta: &#8220;Miss\u00e3o dada \u00e9 miss\u00e3o cumprida, S\u00e9rie A agora&#8221;"},"content":{"rendered":"<figure id=\"attachment_13684\" aria-describedby=\"caption-attachment-13684\" style=\"width: 380px\" class=\"wp-caption aligncenter\"><a href=\"https:\/\/i0.wp.com\/blogdoeloiltoncajuhy.com.br\/site\/wp-content\/uploads\/2016\/11\/bahia-guto.jpg\"><img data-recalc-dims=\"1\" fetchpriority=\"high\" decoding=\"async\" class=\"wp-image-13684 size-full\" src=\"https:\/\/i0.wp.com\/blogdoeloiltoncajuhy.com.br\/site\/wp-content\/uploads\/2016\/11\/bahia-guto.jpg?resize=380%2C280\" alt=\"bahia-guto\" width=\"380\" height=\"280\" srcset=\"https:\/\/i0.wp.com\/blogdoeloiltoncajuhy.com.br\/site\/wp-content\/uploads\/2016\/11\/bahia-guto.jpg?w=380&amp;ssl=1 380w, https:\/\/i0.wp.com\/blogdoeloiltoncajuhy.com.br\/site\/wp-content\/uploads\/2016\/11\/bahia-guto.jpg?resize=300%2C221&amp;ssl=1 300w, https:\/\/i0.wp.com\/blogdoeloiltoncajuhy.com.br\/site\/wp-content\/uploads\/2016\/11\/bahia-guto.jpg?resize=250%2C184&amp;ssl=1 250w\" sizes=\"(max-width: 380px) 100vw, 380px\" \/><\/a><figcaption id=\"caption-attachment-13684\" class=\"wp-caption-text\">Foto: Max Haack \/ Ag Haack \/ Bahia Not\u00edcias<\/figcaption><\/figure>\n<p>O elenco do Bahia chegou em Salvador neste domingo (27), ap\u00f3s confirmar o acesso para a primeira divis\u00e3o do Campeonato Brasileiro de 2017. O treinador Guto Ferreira foi um dos mais celebrados pela torcida e foi sucinto ao desembarcar: \u201cMiss\u00e3o dada \u00e9 miss\u00e3o cumprida, S\u00e9rie A agora\u201d.<\/p>\n<p>O volante Feij\u00e3o tamb\u00e9m foi breve, mas exaltou a alegria do acesso. \u201cVou comemorar muito, Salvador \u00e9 nossa agora!\u201d, afirmou a cria das divis\u00f5es de base do Tricolor. J\u00e1 o \u00eddolo Beijoca refor\u00e7ou que \u00e9 necess\u00e1rio haver planejamento: Miss\u00e3o cumprida, n\u00e3o importa como foi, Bahia na Primeira divis\u00e3o. Mas tem que haver o planejamento sen\u00e3o a coisa fica dif\u00edcil\u201d, disse.<\/p>\n<p><strong>\u00d4nibus do Bahia \u00e9 cercado pela torcida no Aeroporto de Salvador<\/strong><\/p>\n<figure id=\"attachment_13685\" aria-describedby=\"caption-attachment-13685\" style=\"width: 380px\" class=\"wp-caption aligncenter\"><a href=\"https:\/\/i0.wp.com\/blogdoeloiltoncajuhy.com.br\/site\/wp-content\/uploads\/2016\/11\/bahia-torcida.jpg\"><img data-recalc-dims=\"1\" decoding=\"async\" class=\"wp-image-13685 size-full\" src=\"https:\/\/i0.wp.com\/blogdoeloiltoncajuhy.com.br\/site\/wp-content\/uploads\/2016\/11\/bahia-torcida.jpg?resize=380%2C280\" alt=\"bahia-torcida\" width=\"380\" height=\"280\" srcset=\"https:\/\/i0.wp.com\/blogdoeloiltoncajuhy.com.br\/site\/wp-content\/uploads\/2016\/11\/bahia-torcida.jpg?w=380&amp;ssl=1 380w, https:\/\/i0.wp.com\/blogdoeloiltoncajuhy.com.br\/site\/wp-content\/uploads\/2016\/11\/bahia-torcida.jpg?resize=300%2C221&amp;ssl=1 300w, https:\/\/i0.wp.com\/blogdoeloiltoncajuhy.com.br\/site\/wp-content\/uploads\/2016\/11\/bahia-torcida.jpg?resize=250%2C184&amp;ssl=1 250w\" sizes=\"(max-width: 380px) 100vw, 380px\" \/><\/a><figcaption id=\"caption-attachment-13685\" class=\"wp-caption-text\">Foto: Max Haack \/ Ag Haack \/ Bahia Not\u00edcias<\/figcaption><\/figure>\n<p>A torcida do Bahia tomou a via de sa\u00edda do Aeroporto Internacional de Salvador e acompanha o \u00f4nibus com o elenco, que segue para a Orla, onde um trio el\u00e9trico deve fazer a alegria dos tricolores.<\/p>\n<p>\u201cO Bah\u00eaa \u00e9 minha vida. Voltamos para o lugar que nunca dever\u00edamos ter sa\u00eddo. Agora a diretoria tem que fazer um planejamento para que no ano que vem a gente possa fazer uma boa temporada&#8221;, disse o comerciante Carlos Luciano.<\/p>\n<p>J\u00e1 o estudante Marcos Costa, de 21 anos, foi mais cr\u00edtico. &#8220;Nunca deixei de confiar , at\u00e9 quando o treinador era Doriva e tivemos resultados ruins . Guto conseguiu ajustar , mas \u00e9 preciso melhorar no ano que vem muita coisa\u201d, disse.<\/p>\n<p><em>*Bahia Not\u00edcias<\/em><\/p>\n","protected":false},"excerpt":{"rendered":"<p>O elenco do Bahia chegou em Salvador neste domingo (27), ap\u00f3s confirmar o acesso para a primeira divis\u00e3o do Campeonato Brasileiro de 2017. O treinador Guto Ferreira foi um dos mais celebrados pela torcida e foi sucinto ao desembarcar: \u201cMiss\u00e3o dada \u00e9 miss\u00e3o cumprida, S\u00e9rie A agora\u201d. O volante Feij\u00e3o tamb\u00e9m foi breve, mas exaltou [&hellip;]<\/p>\n","protected":false},"author":2,"featured_media":13685,"comment_status":"open","ping_status":"open","sticky":false,"template":"","format":"standard","meta":{"_acf_changed":false,"_monsterinsights_skip_tracking":false,"_monsterinsights_sitenote_active":false,"_monsterinsights_sitenote_note":"","_monsterinsights_sitenote_category":0,"_jetpack_memberships_contains_paid_content":false,"footnotes":"","jetpack_publicize_message":"","jetpack_publicize_feature_enabled":true,"jetpack_social_post_already_shared":true,"jetpack_social_options":{"image_generator_settings":{"template":"highway","default_image_id":0,"font":"","enabled":false},"version":2}},"categories":[6,1],"tags":[],"class_list":["post-13683","post","type-post","status-publish","format-standard","has-post-thumbnail","hentry","category-esportes","category-noticias"],"acf":[],"jetpack_publicize_connections":[],"jetpack_featured_media_url":"https:\/\/i0.wp.com\/blogdoeloiltoncajuhy.com.br\/site\/wp-content\/uploads\/2016\/11\/bahia-torcida.jpg?fit=380%2C280&ssl=1","jetpack_sharing_enabled":true,"publishpress_future_workflow_manual_trigger":{"enabledWorkflows":[]},"_links":{"self":[{"href":"https:\/\/blogdoeloiltoncajuhy.com.br\/site\/wp-json\/wp\/v2\/posts\/13683","targetHints":{"allow":["GET"]}}],"collection":[{"href":"https:\/\/blogdoeloiltoncajuhy.com.br\/site\/wp-json\/wp\/v2\/posts"}],"about":[{"href":"https:\/\/blogdoeloiltoncajuhy.com.br\/site\/wp-json\/wp\/v2\/types\/post"}],"author":[{"embeddable":true,"href":"https:\/\/blogdoeloiltoncajuhy.com.br\/site\/wp-json\/wp\/v2\/users\/2"}],"replies":[{"embeddable":true,"href":"https:\/\/blogdoeloiltoncajuhy.com.br\/site\/wp-json\/wp\/v2\/comments?post=13683"}],"version-history":[{"count":1,"href":"https:\/\/blogdoeloiltoncajuhy.com.br\/site\/wp-json\/wp\/v2\/posts\/13683\/revisions"}],"predecessor-version":[{"id":13686,"href":"https:\/\/blogdoeloiltoncajuhy.com.br\/site\/wp-json\/wp\/v2\/posts\/13683\/revisions\/13686"}],"wp:featuredmedia":[{"embeddable":true,"href":"https:\/\/blogdoeloiltoncajuhy.com.br\/site\/wp-json\/wp\/v2\/media\/13685"}],"wp:attachment":[{"href":"https:\/\/blogdoeloiltoncajuhy.com.br\/site\/wp-json\/wp\/v2\/media?parent=13683"}],"wp:term":[{"taxonomy":"category","embeddable":true,"href":"https:\/\/blogdoeloiltoncajuhy.com.br\/site\/wp-json\/wp\/v2\/categories?post=13683"},{"taxonomy":"post_tag","embeddable":true,"href":"https:\/\/blogdoeloiltoncajuhy.com.br\/site\/wp-json\/wp\/v2\/tags?post=13683"}],"curies":[{"name":"wp","href":"https:\/\/api.w.org\/{rel}","templated":true}]}}