{"id":13677,"date":"2016-11-26T11:11:50","date_gmt":"2016-11-26T14:11:50","guid":{"rendered":"http:\/\/blogdoeloiltoncajuhy.com.br\/site\/?p=13677"},"modified":"2016-11-26T11:11:50","modified_gmt":"2016-11-26T14:11:50","slug":"politica-economistas-alertam-que-pec-dos-gastos-publicos-pode-prejudicar-municipios","status":"publish","type":"post","link":"https:\/\/blogdoeloiltoncajuhy.com.br\/site\/politica-economistas-alertam-que-pec-dos-gastos-publicos-pode-prejudicar-municipios\/","title":{"rendered":"POL\u00cdTICA: Economistas alertam que PEC dos gastos p\u00fablicos pode prejudicar munic\u00edpios"},"content":{"rendered":"<p style=\"text-align: center;\"><strong><em>\u00c9 mito a ideia que a proposta de emenda constitucional que limita os gastos p\u00fablicos n\u00e3o vai prejudicar os munic\u00edpios.\u00a0Esse foi um dos alertas deixado por economistas que participaram do debate sobre a PEC 55 na Comiss\u00e3o de Assuntos Econ\u00f4micos do Senado na \u00faltima quinta-feira (24)<\/em><\/strong><\/p>\n<figure id=\"attachment_13678\" aria-describedby=\"caption-attachment-13678\" style=\"width: 540px\" class=\"wp-caption aligncenter\"><a href=\"https:\/\/i0.wp.com\/blogdoeloiltoncajuhy.com.br\/site\/wp-content\/uploads\/2016\/11\/economistas-e1480169482166.jpeg\"><img data-recalc-dims=\"1\" fetchpriority=\"high\" decoding=\"async\" class=\"wp-image-13678 size-full\" src=\"https:\/\/i0.wp.com\/blogdoeloiltoncajuhy.com.br\/site\/wp-content\/uploads\/2016\/11\/economistas-e1480169482166.jpeg?resize=540%2C359\" alt=\"economistas\" width=\"540\" height=\"359\" \/><\/a><figcaption id=\"caption-attachment-13678\" class=\"wp-caption-text\">Foto: Ag\u00eancia Senado<\/figcaption><\/figure>\n<p>A diminui\u00e7\u00e3o dos gastos p\u00fablicos gera desacelera\u00e7\u00e3o da economia e n\u00e3o estabilidade e desenvolvimento como afirmam os defensores da proposta de emenda constitucional que limita \u00e0 varia\u00e7\u00e3o da infla\u00e7\u00e3o as despesas dos 3 poderes nos pr\u00f3ximos vinte anos. Esse foi outro aviso deixado pela diretora do Instituto de Economia, Vanessa Petrelli Corr\u00eaa.<\/p>\n<p>No debate na Comiss\u00e3o de Assuntos Econ\u00f4micos do Senado, em conjunto com a Subcomiss\u00e3o de Avalia\u00e7\u00e3o do Sistema Tribut\u00e1rio, ela advertiu ainda que a PEC n\u00e3o garante todas as transfer\u00eancias de dinheiro que a Uni\u00e3o faz para munic\u00edpios, entre elas dinheiro para a sa\u00fade.<\/p>\n<p>&#8220;<em>O que a gente est\u00e1 mostrando \u00e9 que em v\u00e1rios munic\u00edpios o que est\u00e1 sendo afetado pelas transfer\u00eancias que n\u00e3o est\u00e3o protegidas \u00e9 a sa\u00fade. Obviamente n\u00e3o \u00e9 s\u00f3 isso. Os impactos sobre os munic\u00edpios n\u00e3o se d\u00e3o apenas sobre essas transfer\u00eancias<\/em>&#8220;, disse Vanessa.<\/p>\n<p>O professor do Instituto de Economia da Universidade Estadual de Campinas, Eduardo Fagnani, alertou tamb\u00e9m que a PEC 55 promover\u00e1 uma asfixia financeira com efeitos consider\u00e1veis sobre os direitos sociais previstos na Constitui\u00e7\u00e3o.\u00a0&#8220;<em>N\u00e3o adiantam as dezenas de artigos da ordem social para garantir direitos e etc, se n\u00e3o h\u00e1 base financeira para cumprir aquelas exig\u00eancias<\/em>&#8220;, falou o economista.<\/p>\n<p>A presidente da Comiss\u00e3o de Assuntos Econ\u00f4micos, senadora Gleisi Hoffmann, do PT do Paran\u00e1, acrescentou que a emenda constitucional n\u00e3o \u00e9 o rem\u00e9dio apropriado para enfrentar a crise, uma vez que o diagn\u00f3stico est\u00e1 errado. &#8220;<em>Quem vai pagar esse pre\u00e7o \u00e9 o povo brasileiro. N\u00e3o v\u00e3o ser os banqueiros. N\u00e3o vai ser quem aplica no mercado financeiro, quem compra d\u00f3lar. Esse pessoal n\u00e3o vai ter problema<\/em>&#8220;.<\/p>\n<p>A PEC que limita os gastos p\u00fablicos deve ser votada, em primeiro turno, no plen\u00e1rio do Senado na pr\u00f3xima ter\u00e7a-feira, dia 29 de novembro.<\/p>\n<p><em>*Reportagem de Larissa Bortoni \/ R\u00e1dio Senado<\/em><\/p>\n","protected":false},"excerpt":{"rendered":"<p>\u00c9 mito a ideia que a proposta de emenda constitucional que limita os gastos p\u00fablicos n\u00e3o vai prejudicar os munic\u00edpios.\u00a0Esse foi um dos alertas deixado por economistas que participaram do debate sobre a PEC 55 na Comiss\u00e3o de Assuntos Econ\u00f4micos do Senado na \u00faltima quinta-feira (24) A diminui\u00e7\u00e3o dos gastos p\u00fablicos gera desacelera\u00e7\u00e3o da economia [&hellip;]<\/p>\n","protected":false},"author":2,"featured_media":13678,"comment_status":"open","ping_status":"open","sticky":false,"template":"","format":"standard","meta":{"_acf_changed":false,"_monsterinsights_skip_tracking":false,"_monsterinsights_sitenote_active":false,"_monsterinsights_sitenote_note":"","_monsterinsights_sitenote_category":0,"_jetpack_memberships_contains_paid_content":false,"footnotes":"","jetpack_publicize_message":"","jetpack_publicize_feature_enabled":true,"jetpack_social_post_already_shared":true,"jetpack_social_options":{"image_generator_settings":{"template":"highway","default_image_id":0,"font":"","enabled":false},"version":2}},"categories":[1,3],"tags":[],"class_list":["post-13677","post","type-post","status-publish","format-standard","has-post-thumbnail","hentry","category-noticias","category-politica"],"acf":[],"jetpack_publicize_connections":[],"jetpack_featured_media_url":"https:\/\/i0.wp.com\/blogdoeloiltoncajuhy.com.br\/site\/wp-content\/uploads\/2016\/11\/economistas-e1480169482166.jpeg?fit=540%2C359&ssl=1","jetpack_sharing_enabled":true,"publishpress_future_workflow_manual_trigger":{"enabledWorkflows":[]},"_links":{"self":[{"href":"https:\/\/blogdoeloiltoncajuhy.com.br\/site\/wp-json\/wp\/v2\/posts\/13677","targetHints":{"allow":["GET"]}}],"collection":[{"href":"https:\/\/blogdoeloiltoncajuhy.com.br\/site\/wp-json\/wp\/v2\/posts"}],"about":[{"href":"https:\/\/blogdoeloiltoncajuhy.com.br\/site\/wp-json\/wp\/v2\/types\/post"}],"author":[{"embeddable":true,"href":"https:\/\/blogdoeloiltoncajuhy.com.br\/site\/wp-json\/wp\/v2\/users\/2"}],"replies":[{"embeddable":true,"href":"https:\/\/blogdoeloiltoncajuhy.com.br\/site\/wp-json\/wp\/v2\/comments?post=13677"}],"version-history":[{"count":1,"href":"https:\/\/blogdoeloiltoncajuhy.com.br\/site\/wp-json\/wp\/v2\/posts\/13677\/revisions"}],"predecessor-version":[{"id":13679,"href":"https:\/\/blogdoeloiltoncajuhy.com.br\/site\/wp-json\/wp\/v2\/posts\/13677\/revisions\/13679"}],"wp:featuredmedia":[{"embeddable":true,"href":"https:\/\/blogdoeloiltoncajuhy.com.br\/site\/wp-json\/wp\/v2\/media\/13678"}],"wp:attachment":[{"href":"https:\/\/blogdoeloiltoncajuhy.com.br\/site\/wp-json\/wp\/v2\/media?parent=13677"}],"wp:term":[{"taxonomy":"category","embeddable":true,"href":"https:\/\/blogdoeloiltoncajuhy.com.br\/site\/wp-json\/wp\/v2\/categories?post=13677"},{"taxonomy":"post_tag","embeddable":true,"href":"https:\/\/blogdoeloiltoncajuhy.com.br\/site\/wp-json\/wp\/v2\/tags?post=13677"}],"curies":[{"name":"wp","href":"https:\/\/api.w.org\/{rel}","templated":true}]}}