{"id":13673,"date":"2016-11-26T10:57:33","date_gmt":"2016-11-26T13:57:33","guid":{"rendered":"http:\/\/blogdoeloiltoncajuhy.com.br\/site\/?p=13673"},"modified":"2016-11-26T10:57:33","modified_gmt":"2016-11-26T13:57:33","slug":"cuba-decreta-9-dias-de-luto-por-morte-de-fidel-castro","status":"publish","type":"post","link":"https:\/\/blogdoeloiltoncajuhy.com.br\/site\/cuba-decreta-9-dias-de-luto-por-morte-de-fidel-castro\/","title":{"rendered":"Cuba decreta 9 dias de luto por morte de Fidel Castro"},"content":{"rendered":"<p style=\"text-align: center;\"><em><strong>Ex-presidente de Cuba morreu aos 90 anos.\u00a0An\u00fancio foi feito pelo irm\u00e3o Ra\u00fal; pa\u00eds declarou 9 dias de luto oficial.\u00a0L\u00edder da Revolu\u00e7\u00e3o Cubana foi figura internacional pol\u00eamica por d\u00e9cadas<\/strong><\/em><\/p>\n<figure id=\"attachment_13675\" aria-describedby=\"caption-attachment-13675\" style=\"width: 564px\" class=\"wp-caption aligncenter\"><a href=\"https:\/\/i0.wp.com\/blogdoeloiltoncajuhy.com.br\/site\/wp-content\/uploads\/2016\/11\/fidel-castro1-e1480168561153.jpg\"><img data-recalc-dims=\"1\" fetchpriority=\"high\" decoding=\"async\" class=\"wp-image-13675 size-full\" src=\"https:\/\/i0.wp.com\/blogdoeloiltoncajuhy.com.br\/site\/wp-content\/uploads\/2016\/11\/fidel-castro1-e1480168561153.jpg?resize=564%2C600\" alt=\"fidel-castro1\" width=\"564\" height=\"600\" \/><\/a><figcaption id=\"caption-attachment-13675\" class=\"wp-caption-text\">Fidel Castro foi um dos personagens da pol\u00edtica internacional durante mais de seis d\u00e9cadas (Foto: Adalberto Roque\/AFP)<\/figcaption><\/figure>\n<p style=\"text-align: left;\">O ex-presidente de Cuba, Fidel Castro, morreu \u00e0 1h29 (hora de Bras\u00edlia) deste s\u00e1bado (26), aos 90 anos, na capital Havana. A informa\u00e7\u00e3o foi divulgada pelo seu irm\u00e3o Ra\u00fal Castro em pronunciamento na TV estatal cubana.<\/p>\n<p style=\"text-align: left;\">&#8220;Com profunda dor compare\u00e7o para informar ao nosso povo, aos amigos da nossa Am\u00e9rica e do mundo que hoje, 25 de novembro do 2016, \u00e0s 22h29, faleceu o comandante da Revolu\u00e7\u00e3o Cubana, Fidel Castro Ruz&#8221;, disse Ra\u00fal Castro.\u00a0&#8220;Em cumprimento da vontade expressa do companheiro Fidel, seus restos ser\u00e3o cremados nas primeiras horas&#8221; deste s\u00e1bado, prosseguiu o irm\u00e3o.\u00a0As cinzas ser\u00e3o enterradas em 4 de dezembro, na cidade de Santiago de Cuba, ap\u00f3s percorrerem o pa\u00eds numa caravana de 4 dias. Cuba declarou 9 dias de luto oficial pela morte de Fidel Castro.<\/p>\n<p style=\"text-align: left;\"><strong>Figura controversa<\/strong><br \/>\nVisto como um grande l\u00edder revolucion\u00e1rio por uns, e como ditador implac\u00e1vel por outros, Fidel foi saindo de cena progressivamente ao longo da \u00faltima d\u00e9cada, morando em lugar n\u00e3o divulgado e fazendo apari\u00e7\u00f5es espor\u00e1dicas nos \u00faltimos anos.<\/p>\n<p style=\"text-align: left;\">As \u00faltimas imagens de Fidel Castro s\u00e3o do dia 15, quando recebeu em sua resid\u00eancia o presidente do Vietn\u00e3, Tran Dai Quang. Antes, ele foi visto em um ato p\u00fablico foi no dia 13 de agosto, na comemora\u00e7\u00e3o de seu 90\u00ba anivers\u00e1rio. A festa reuniu mais de 100 mil pessoas. Na \u00e9poca, Fidel apresentou um semblante fr\u00e1gil, vestido com um moletom branco e acompanhado pelo seu irm\u00e3o Ra\u00fal e o presidente da Venezuela, Nicol\u00e1s Maduro.<\/p>\n<figure id=\"attachment_13674\" aria-describedby=\"caption-attachment-13674\" style=\"width: 520px\" class=\"wp-caption aligncenter\"><a href=\"https:\/\/i0.wp.com\/blogdoeloiltoncajuhy.com.br\/site\/wp-content\/uploads\/2016\/11\/fidel_castro2-e1480168613995.jpg\"><img data-recalc-dims=\"1\" decoding=\"async\" class=\"wp-image-13674 size-full\" src=\"https:\/\/i0.wp.com\/blogdoeloiltoncajuhy.com.br\/site\/wp-content\/uploads\/2016\/11\/fidel_castro2-e1480168613995.jpg?resize=520%2C390\" alt=\"fidel_castro2\" width=\"520\" height=\"390\" \/><\/a><figcaption id=\"caption-attachment-13674\" class=\"wp-caption-text\">GNews &#8211; Fidel Castro (Foto: Reprodu\u00e7\u00e3o\/GloboNews)<\/figcaption><\/figure>\n<p><strong>Despedida<\/strong><br \/>\nEm abril, durante o XVII Congresso do Partido Comunista de Cuba, Fidel reapareceu e fez um discurso que soou como uma despedida, onde reafirmou a for\u00e7a das ideias dos comunistas.<\/p>\n<p>&#8220;A hora de todo mundo vai chegar, mas ficar\u00e3o as ideias dos comunistas cubanos, como prova de que neste planeta se trabalha com fervor e dignidade, \u00e9 poss\u00edvel produzir os bens materiais e culturais que os seres humanos necessitam, e devemos lutar sem descanso para isso&#8221;, afirmou Fidel Castro na ocasi\u00e3o.<\/p>\n<p>Desde que ficou doente, em julho de 2006, e cedeu o poder ao seu irm\u00e3o Ra\u00fal Castro, o l\u00edder cubano se dedicou a escrever artigos, assim como livros sobre sua luta na Sierra Maestra e a receber personalidades internacionais em sua resid\u00eancia, no oeste de Havana.<\/p>\n<p><em>*Do G1, em S\u00e3o Paulo<\/em><\/p>\n","protected":false},"excerpt":{"rendered":"<p>Ex-presidente de Cuba morreu aos 90 anos.\u00a0An\u00fancio foi feito pelo irm\u00e3o Ra\u00fal; pa\u00eds declarou 9 dias de luto oficial.\u00a0L\u00edder da Revolu\u00e7\u00e3o Cubana foi figura internacional pol\u00eamica por d\u00e9cadas O ex-presidente de Cuba, Fidel Castro, morreu \u00e0 1h29 (hora de Bras\u00edlia) deste s\u00e1bado (26), aos 90 anos, na capital Havana. A informa\u00e7\u00e3o foi divulgada pelo seu [&hellip;]<\/p>\n","protected":false},"author":2,"featured_media":13675,"comment_status":"open","ping_status":"open","sticky":false,"template":"","format":"standard","meta":{"_acf_changed":false,"_monsterinsights_skip_tracking":false,"_monsterinsights_sitenote_active":false,"_monsterinsights_sitenote_note":"","_monsterinsights_sitenote_category":0,"_jetpack_memberships_contains_paid_content":false,"footnotes":"","jetpack_publicize_message":"","jetpack_publicize_feature_enabled":true,"jetpack_social_post_already_shared":true,"jetpack_social_options":{"image_generator_settings":{"template":"highway","default_image_id":0,"font":"","enabled":false},"version":2}},"categories":[5,1],"tags":[],"class_list":["post-13673","post","type-post","status-publish","format-standard","has-post-thumbnail","hentry","category-cotidiano","category-noticias"],"acf":[],"jetpack_publicize_connections":[],"jetpack_featured_media_url":"https:\/\/i0.wp.com\/blogdoeloiltoncajuhy.com.br\/site\/wp-content\/uploads\/2016\/11\/fidel-castro1-e1480168561153.jpg?fit=564%2C600&ssl=1","jetpack_sharing_enabled":true,"publishpress_future_workflow_manual_trigger":{"enabledWorkflows":[]},"_links":{"self":[{"href":"https:\/\/blogdoeloiltoncajuhy.com.br\/site\/wp-json\/wp\/v2\/posts\/13673","targetHints":{"allow":["GET"]}}],"collection":[{"href":"https:\/\/blogdoeloiltoncajuhy.com.br\/site\/wp-json\/wp\/v2\/posts"}],"about":[{"href":"https:\/\/blogdoeloiltoncajuhy.com.br\/site\/wp-json\/wp\/v2\/types\/post"}],"author":[{"embeddable":true,"href":"https:\/\/blogdoeloiltoncajuhy.com.br\/site\/wp-json\/wp\/v2\/users\/2"}],"replies":[{"embeddable":true,"href":"https:\/\/blogdoeloiltoncajuhy.com.br\/site\/wp-json\/wp\/v2\/comments?post=13673"}],"version-history":[{"count":1,"href":"https:\/\/blogdoeloiltoncajuhy.com.br\/site\/wp-json\/wp\/v2\/posts\/13673\/revisions"}],"predecessor-version":[{"id":13676,"href":"https:\/\/blogdoeloiltoncajuhy.com.br\/site\/wp-json\/wp\/v2\/posts\/13673\/revisions\/13676"}],"wp:featuredmedia":[{"embeddable":true,"href":"https:\/\/blogdoeloiltoncajuhy.com.br\/site\/wp-json\/wp\/v2\/media\/13675"}],"wp:attachment":[{"href":"https:\/\/blogdoeloiltoncajuhy.com.br\/site\/wp-json\/wp\/v2\/media?parent=13673"}],"wp:term":[{"taxonomy":"category","embeddable":true,"href":"https:\/\/blogdoeloiltoncajuhy.com.br\/site\/wp-json\/wp\/v2\/categories?post=13673"},{"taxonomy":"post_tag","embeddable":true,"href":"https:\/\/blogdoeloiltoncajuhy.com.br\/site\/wp-json\/wp\/v2\/tags?post=13673"}],"curies":[{"name":"wp","href":"https:\/\/api.w.org\/{rel}","templated":true}]}}