{"id":13669,"date":"2016-11-25T21:51:26","date_gmt":"2016-11-26T00:51:26","guid":{"rendered":"http:\/\/blogdoeloiltoncajuhy.com.br\/site\/?p=13669"},"modified":"2016-11-25T21:51:26","modified_gmt":"2016-11-26T00:51:26","slug":"esportes-tudo-pronto-bahia-encerra-preparacao-para-a-decisao","status":"publish","type":"post","link":"https:\/\/blogdoeloiltoncajuhy.com.br\/site\/esportes-tudo-pronto-bahia-encerra-preparacao-para-a-decisao\/","title":{"rendered":"ESPORTES &#8211; Tudo pronto: Bahia encerra prepara\u00e7\u00e3o para a decis\u00e3o"},"content":{"rendered":"<p><a href=\"https:\/\/i0.wp.com\/blogdoeloiltoncajuhy.com.br\/site\/wp-content\/uploads\/2016\/11\/bahia_26nov1.jpg\"><img data-recalc-dims=\"1\" fetchpriority=\"high\" decoding=\"async\" class=\"aligncenter size-full wp-image-13670\" src=\"https:\/\/i0.wp.com\/blogdoeloiltoncajuhy.com.br\/site\/wp-content\/uploads\/2016\/11\/bahia_26nov1.jpg?resize=570%2C350\" alt=\"bahia_26nov1\" width=\"570\" height=\"350\" srcset=\"https:\/\/i0.wp.com\/blogdoeloiltoncajuhy.com.br\/site\/wp-content\/uploads\/2016\/11\/bahia_26nov1.jpg?w=570&amp;ssl=1 570w, https:\/\/i0.wp.com\/blogdoeloiltoncajuhy.com.br\/site\/wp-content\/uploads\/2016\/11\/bahia_26nov1.jpg?resize=300%2C184&amp;ssl=1 300w, https:\/\/i0.wp.com\/blogdoeloiltoncajuhy.com.br\/site\/wp-content\/uploads\/2016\/11\/bahia_26nov1.jpg?resize=250%2C154&amp;ssl=1 250w\" sizes=\"(max-width: 570px) 100vw, 570px\" \/><\/a>O tricolor est\u00e1 pronto para a decis\u00e3o! Com um treinamento no est\u00e1dio da Serrinha, que pertence ao Goi\u00e1s, o Bahia encerrou a prepara\u00e7\u00e3o para enfrentar o Atl\u00e9tico-GO, neste s\u00e1bado (26), \u00e0s 16h30 (de Salvador), no Est\u00e1dio Ol\u00edmpico.<\/p>\n<p>Para conseguir o acesso, o Esquadr\u00e3o de A\u00e7o precisa de um empate diante do advers\u00e1rio.\u00a0Os \u00eddolos Nonato, que reside em Goi\u00e2nia e Beijoca, que foi\u00a0de Salvador com a delega\u00e7\u00e3o, acompanharam de perto o treino.<\/p>\n<p>O t\u00e9cnico Guto Ferreira deixou para aprimorar as bolas paradas na \u00faltima atividade do ano. Os jogadores treinaram escanteios e faltas laterais, com foco tanto na parte defensiva, quanto na ofensiva.\u00a0Em seguida, alguns atletas aprimoraram as cobran\u00e7as frontais.<\/p>\n<p>No fim dos trabalhos, o grupo participou de um treino recreativo, com a equipe de Edigar Junio, Feij\u00e3o e Jackson vencendo o time de Muriel, Renato Caj\u00e1 e Wesley.\u00a0Ap\u00f3s as atividades, o elenco retornou para a concentra\u00e7\u00e3o, onde fica at\u00e9 horas antes da decis\u00e3o deste s\u00e1bado.<\/p>\n<p>Guto convocou 24 atletas e a novidade \u00e9 o retorno de Juninho. O atacante Misael, com les\u00e3o muscular na coxa, \u00e9 desfalque.<\/p>\n<p><strong>Confira o grupo:<\/strong><\/p>\n<p>GOLEIROS: Anderson, Jean e Muriel<br \/>\nLATERAIS: Eduardo, Jo\u00e3o Paulo, Mois\u00e9s e Tinga<br \/>\nZAGUEIROS: \u00c9der, Gustavo, Jackson, Lucas Fonseca e Tiago<br \/>\nMEIO-CAMPISTAS: Feij\u00e3o, Juninho, Luiz Antonio, R\u00e9gis, Renato Caj\u00e1 e Ren\u00ea J\u00fanior<br \/>\nATACANTES: Allano, Edigar Junio, Hernane, Mario, Victor Rangel e Wesley<\/p>\n<p><em><a href=\"https:\/\/i0.wp.com\/blogdoeloiltoncajuhy.com.br\/site\/wp-content\/uploads\/2016\/11\/nonato-beijoca.jpg\"><img data-recalc-dims=\"1\" decoding=\"async\" class=\"aligncenter size-full wp-image-13671\" src=\"https:\/\/i0.wp.com\/blogdoeloiltoncajuhy.com.br\/site\/wp-content\/uploads\/2016\/11\/nonato-beijoca.jpg?resize=800%2C549\" alt=\"nonato-beijoca\" width=\"800\" height=\"549\" srcset=\"https:\/\/i0.wp.com\/blogdoeloiltoncajuhy.com.br\/site\/wp-content\/uploads\/2016\/11\/nonato-beijoca.jpg?w=883&amp;ssl=1 883w, https:\/\/i0.wp.com\/blogdoeloiltoncajuhy.com.br\/site\/wp-content\/uploads\/2016\/11\/nonato-beijoca.jpg?resize=300%2C206&amp;ssl=1 300w, https:\/\/i0.wp.com\/blogdoeloiltoncajuhy.com.br\/site\/wp-content\/uploads\/2016\/11\/nonato-beijoca.jpg?resize=768%2C527&amp;ssl=1 768w, https:\/\/i0.wp.com\/blogdoeloiltoncajuhy.com.br\/site\/wp-content\/uploads\/2016\/11\/nonato-beijoca.jpg?resize=250%2C172&amp;ssl=1 250w\" sizes=\"(max-width: 800px) 100vw, 800px\" \/><\/a>*EC Bahia<\/em><\/p>\n<p><em>**Fotos \u2013 Felipe Oliveira\/EC Bahia<\/em><\/p>\n","protected":false},"excerpt":{"rendered":"<p>O tricolor est\u00e1 pronto para a decis\u00e3o! Com um treinamento no est\u00e1dio da Serrinha, que pertence ao Goi\u00e1s, o Bahia encerrou a prepara\u00e7\u00e3o para enfrentar o Atl\u00e9tico-GO, neste s\u00e1bado (26), \u00e0s 16h30 (de Salvador), no Est\u00e1dio Ol\u00edmpico. Para conseguir o acesso, o Esquadr\u00e3o de A\u00e7o precisa de um empate diante do advers\u00e1rio.\u00a0Os \u00eddolos Nonato, que [&hellip;]<\/p>\n","protected":false},"author":2,"featured_media":13671,"comment_status":"open","ping_status":"open","sticky":false,"template":"","format":"standard","meta":{"_acf_changed":false,"_monsterinsights_skip_tracking":false,"_monsterinsights_sitenote_active":false,"_monsterinsights_sitenote_note":"","_monsterinsights_sitenote_category":0,"_jetpack_memberships_contains_paid_content":false,"footnotes":"","jetpack_publicize_message":"","jetpack_publicize_feature_enabled":true,"jetpack_social_post_already_shared":true,"jetpack_social_options":{"image_generator_settings":{"template":"highway","default_image_id":0,"font":"","enabled":false},"version":2}},"categories":[6,1],"tags":[],"class_list":["post-13669","post","type-post","status-publish","format-standard","has-post-thumbnail","hentry","category-esportes","category-noticias"],"acf":[],"jetpack_publicize_connections":[],"jetpack_featured_media_url":"https:\/\/i0.wp.com\/blogdoeloiltoncajuhy.com.br\/site\/wp-content\/uploads\/2016\/11\/nonato-beijoca.jpg?fit=883%2C606&ssl=1","jetpack_sharing_enabled":true,"publishpress_future_workflow_manual_trigger":{"enabledWorkflows":[]},"_links":{"self":[{"href":"https:\/\/blogdoeloiltoncajuhy.com.br\/site\/wp-json\/wp\/v2\/posts\/13669","targetHints":{"allow":["GET"]}}],"collection":[{"href":"https:\/\/blogdoeloiltoncajuhy.com.br\/site\/wp-json\/wp\/v2\/posts"}],"about":[{"href":"https:\/\/blogdoeloiltoncajuhy.com.br\/site\/wp-json\/wp\/v2\/types\/post"}],"author":[{"embeddable":true,"href":"https:\/\/blogdoeloiltoncajuhy.com.br\/site\/wp-json\/wp\/v2\/users\/2"}],"replies":[{"embeddable":true,"href":"https:\/\/blogdoeloiltoncajuhy.com.br\/site\/wp-json\/wp\/v2\/comments?post=13669"}],"version-history":[{"count":1,"href":"https:\/\/blogdoeloiltoncajuhy.com.br\/site\/wp-json\/wp\/v2\/posts\/13669\/revisions"}],"predecessor-version":[{"id":13672,"href":"https:\/\/blogdoeloiltoncajuhy.com.br\/site\/wp-json\/wp\/v2\/posts\/13669\/revisions\/13672"}],"wp:featuredmedia":[{"embeddable":true,"href":"https:\/\/blogdoeloiltoncajuhy.com.br\/site\/wp-json\/wp\/v2\/media\/13671"}],"wp:attachment":[{"href":"https:\/\/blogdoeloiltoncajuhy.com.br\/site\/wp-json\/wp\/v2\/media?parent=13669"}],"wp:term":[{"taxonomy":"category","embeddable":true,"href":"https:\/\/blogdoeloiltoncajuhy.com.br\/site\/wp-json\/wp\/v2\/categories?post=13669"},{"taxonomy":"post_tag","embeddable":true,"href":"https:\/\/blogdoeloiltoncajuhy.com.br\/site\/wp-json\/wp\/v2\/tags?post=13669"}],"curies":[{"name":"wp","href":"https:\/\/api.w.org\/{rel}","templated":true}]}}