{"id":13664,"date":"2016-11-25T21:34:31","date_gmt":"2016-11-26T00:34:31","guid":{"rendered":"http:\/\/blogdoeloiltoncajuhy.com.br\/site\/?p=13664"},"modified":"2016-11-25T21:34:31","modified_gmt":"2016-11-26T00:34:31","slug":"conta-de-luz-volta-a-ter-bandeira-tarifaria-verde-em-dezembro","status":"publish","type":"post","link":"https:\/\/blogdoeloiltoncajuhy.com.br\/site\/conta-de-luz-volta-a-ter-bandeira-tarifaria-verde-em-dezembro\/","title":{"rendered":"Conta de luz volta a ter bandeira tarif\u00e1ria verde em dezembro"},"content":{"rendered":"<figure id=\"attachment_13665\" aria-describedby=\"caption-attachment-13665\" style=\"width: 370px\" class=\"wp-caption aligncenter\"><a href=\"https:\/\/i0.wp.com\/blogdoeloiltoncajuhy.com.br\/site\/wp-content\/uploads\/2016\/11\/linhas-de-transmissao-energia-aneel.jpg\"><img data-recalc-dims=\"1\" fetchpriority=\"high\" decoding=\"async\" class=\"wp-image-13665 size-full\" src=\"https:\/\/i0.wp.com\/blogdoeloiltoncajuhy.com.br\/site\/wp-content\/uploads\/2016\/11\/linhas-de-transmissao-energia-aneel.jpg?resize=370%2C248\" alt=\"linhas-de-transmissao-energia-aneel\" width=\"370\" height=\"248\" srcset=\"https:\/\/i0.wp.com\/blogdoeloiltoncajuhy.com.br\/site\/wp-content\/uploads\/2016\/11\/linhas-de-transmissao-energia-aneel.jpg?w=370&amp;ssl=1 370w, https:\/\/i0.wp.com\/blogdoeloiltoncajuhy.com.br\/site\/wp-content\/uploads\/2016\/11\/linhas-de-transmissao-energia-aneel.jpg?resize=300%2C201&amp;ssl=1 300w, https:\/\/i0.wp.com\/blogdoeloiltoncajuhy.com.br\/site\/wp-content\/uploads\/2016\/11\/linhas-de-transmissao-energia-aneel.jpg?resize=250%2C168&amp;ssl=1 250w\" sizes=\"(max-width: 370px) 100vw, 370px\" \/><\/a><figcaption id=\"caption-attachment-13665\" class=\"wp-caption-text\">Linhas de transmiss\u00e3o de energia \/ Arquivo\/Ag\u00eancia Brasil<\/figcaption><\/figure>\n<p>As contas de luz deixar\u00e3o de ter cobran\u00e7a adicional em dezembro. A Ag\u00eancia Nacional de Energia El\u00e9trica (Aneel) decidiu nesta sexta-feira, 25, que as faturas de energia voltam a ter a bandeira verde no pr\u00f3ximo m\u00eas. Com essa decis\u00e3o, o consumidor deixar\u00e1 de pagar R$ 1,50 a mais para cada 100 quilowatts-hora (kWh) consumidos, valor que foi cobrado em novembro em raz\u00e3o da bandeira amarela.<\/p>\n<p>A melhora nas condi\u00e7\u00f5es hidrol\u00f3gicas permitiu o desligamento das termel\u00e9tricas mais caras, que foram acionadas no m\u00eas passado. De acordo com a Aneel, o custo da t\u00e9rmica mais cara para abastecer o Pa\u00eds no pr\u00f3ximo m\u00eas ser\u00e1 de R$ 169,54 por megawatt-hora (MWh). Quando o custo de gera\u00e7\u00e3o supera R$ 211,28 por MWh, \u00e9 preciso acionar a bandeira amarela.<\/p>\n<p>Entre abril e outubro deste ano, vigorou a bandeira verde, que n\u00e3o traz custo adicional nas contas de luz. Em novembro, a piora nas condi\u00e7\u00f5es hidrol\u00f3gicas, principalmente em raz\u00e3o da seca no Nordeste, levou ao acionamento da bandeira amarela, que acrescenta R$ 1,50 a mais nas contas para cada 100 kWh consumidos.<\/p>\n<p>Em mar\u00e7o deste ano, tamb\u00e9m vigorou a bandeira amarela. Antes disso, durante todo o ano passado e em janeiro e fevereiro, vigorou a &#8220;bandeira vermelha&#8221;, que adiciona entre R$ 3,00 e R$ 4,50 a cada 100 kWh consumidos, dependendo da quantidade de termel\u00e9tricas necess\u00e1rias para suprir o Pa\u00eds. O sistema de bandeiras \u00e9 atualizado mensalmente pela Aneel.<\/p>\n<p><em>*Estad\u00e3o Conte\u00fado<\/em><\/p>\n","protected":false},"excerpt":{"rendered":"<p>As contas de luz deixar\u00e3o de ter cobran\u00e7a adicional em dezembro. A Ag\u00eancia Nacional de Energia El\u00e9trica (Aneel) decidiu nesta sexta-feira, 25, que as faturas de energia voltam a ter a bandeira verde no pr\u00f3ximo m\u00eas. Com essa decis\u00e3o, o consumidor deixar\u00e1 de pagar R$ 1,50 a mais para cada 100 quilowatts-hora (kWh) consumidos, valor [&hellip;]<\/p>\n","protected":false},"author":2,"featured_media":13665,"comment_status":"open","ping_status":"open","sticky":false,"template":"","format":"standard","meta":{"_acf_changed":false,"_monsterinsights_skip_tracking":false,"_monsterinsights_sitenote_active":false,"_monsterinsights_sitenote_note":"","_monsterinsights_sitenote_category":0,"_jetpack_memberships_contains_paid_content":false,"footnotes":"","jetpack_publicize_message":"","jetpack_publicize_feature_enabled":true,"jetpack_social_post_already_shared":true,"jetpack_social_options":{"image_generator_settings":{"template":"highway","default_image_id":0,"font":"","enabled":false},"version":2}},"categories":[5,1],"tags":[],"class_list":["post-13664","post","type-post","status-publish","format-standard","has-post-thumbnail","hentry","category-cotidiano","category-noticias"],"acf":[],"jetpack_publicize_connections":[],"jetpack_featured_media_url":"https:\/\/i0.wp.com\/blogdoeloiltoncajuhy.com.br\/site\/wp-content\/uploads\/2016\/11\/linhas-de-transmissao-energia-aneel.jpg?fit=370%2C248&ssl=1","jetpack_sharing_enabled":true,"publishpress_future_workflow_manual_trigger":{"enabledWorkflows":[]},"_links":{"self":[{"href":"https:\/\/blogdoeloiltoncajuhy.com.br\/site\/wp-json\/wp\/v2\/posts\/13664","targetHints":{"allow":["GET"]}}],"collection":[{"href":"https:\/\/blogdoeloiltoncajuhy.com.br\/site\/wp-json\/wp\/v2\/posts"}],"about":[{"href":"https:\/\/blogdoeloiltoncajuhy.com.br\/site\/wp-json\/wp\/v2\/types\/post"}],"author":[{"embeddable":true,"href":"https:\/\/blogdoeloiltoncajuhy.com.br\/site\/wp-json\/wp\/v2\/users\/2"}],"replies":[{"embeddable":true,"href":"https:\/\/blogdoeloiltoncajuhy.com.br\/site\/wp-json\/wp\/v2\/comments?post=13664"}],"version-history":[{"count":1,"href":"https:\/\/blogdoeloiltoncajuhy.com.br\/site\/wp-json\/wp\/v2\/posts\/13664\/revisions"}],"predecessor-version":[{"id":13666,"href":"https:\/\/blogdoeloiltoncajuhy.com.br\/site\/wp-json\/wp\/v2\/posts\/13664\/revisions\/13666"}],"wp:featuredmedia":[{"embeddable":true,"href":"https:\/\/blogdoeloiltoncajuhy.com.br\/site\/wp-json\/wp\/v2\/media\/13665"}],"wp:attachment":[{"href":"https:\/\/blogdoeloiltoncajuhy.com.br\/site\/wp-json\/wp\/v2\/media?parent=13664"}],"wp:term":[{"taxonomy":"category","embeddable":true,"href":"https:\/\/blogdoeloiltoncajuhy.com.br\/site\/wp-json\/wp\/v2\/categories?post=13664"},{"taxonomy":"post_tag","embeddable":true,"href":"https:\/\/blogdoeloiltoncajuhy.com.br\/site\/wp-json\/wp\/v2\/tags?post=13664"}],"curies":[{"name":"wp","href":"https:\/\/api.w.org\/{rel}","templated":true}]}}