{"id":13661,"date":"2016-11-25T21:28:55","date_gmt":"2016-11-26T00:28:55","guid":{"rendered":"http:\/\/blogdoeloiltoncajuhy.com.br\/site\/?p=13661"},"modified":"2016-11-25T21:28:55","modified_gmt":"2016-11-26T00:28:55","slug":"vai-a-sancao-projeto-que-leva-para-a-cadeia-motorista-bebado-que-provocar-acidentes","status":"publish","type":"post","link":"https:\/\/blogdoeloiltoncajuhy.com.br\/site\/vai-a-sancao-projeto-que-leva-para-a-cadeia-motorista-bebado-que-provocar-acidentes\/","title":{"rendered":"Vai \u00e0 san\u00e7\u00e3o projeto que leva para a cadeia motorista b\u00eabado que provocar acidentes"},"content":{"rendered":"<p><a href=\"https:\/\/i0.wp.com\/blogdoeloiltoncajuhy.com.br\/site\/wp-content\/uploads\/2016\/11\/beber-777.jpg\"><img data-recalc-dims=\"1\" fetchpriority=\"high\" decoding=\"async\" class=\"aligncenter size-full wp-image-13662\" src=\"https:\/\/i0.wp.com\/blogdoeloiltoncajuhy.com.br\/site\/wp-content\/uploads\/2016\/11\/beber-777.jpg?resize=777%2C437\" alt=\"beber-777\" width=\"777\" height=\"437\" srcset=\"https:\/\/i0.wp.com\/blogdoeloiltoncajuhy.com.br\/site\/wp-content\/uploads\/2016\/11\/beber-777.jpg?w=777&amp;ssl=1 777w, https:\/\/i0.wp.com\/blogdoeloiltoncajuhy.com.br\/site\/wp-content\/uploads\/2016\/11\/beber-777.jpg?resize=300%2C169&amp;ssl=1 300w, https:\/\/i0.wp.com\/blogdoeloiltoncajuhy.com.br\/site\/wp-content\/uploads\/2016\/11\/beber-777.jpg?resize=768%2C432&amp;ssl=1 768w, https:\/\/i0.wp.com\/blogdoeloiltoncajuhy.com.br\/site\/wp-content\/uploads\/2016\/11\/beber-777.jpg?resize=250%2C141&amp;ssl=1 250w\" sizes=\"(max-width: 777px) 100vw, 777px\" \/><\/a>O projeto aumenta a pena para 5 a 8 anos de pris\u00e3o para o motorista b\u00eabado ou que sob efeito de entorpecentes provocar a morte de algu\u00e9m no tr\u00e2nsito. At\u00e9 ent\u00e3o, esse tipo de homic\u00eddio culposo, quando n\u00e3o h\u00e1 a inten\u00e7\u00e3o, era punido com at\u00e9 4 anos, o que permitia pena alternativa sem cadeia.<\/p>\n<p>O projeto tamb\u00e9m estabelece pris\u00e3o de dois a cinco anos para os casos de les\u00e3o corporal grave ou grav\u00edssima, quando a v\u00edtima fica incapacitada. Pela proposta, o juiz dever\u00e1 considerar a culpa assumida pelo motorista ao dirigir ap\u00f3s o consumo de qualquer quantidade de bebida alco\u00f3lica. O relator, senador Aloysio Nunes Ferreira, do PSDB de S\u00e3o Paulo, afirmou que o projeto acaba com a possibilidade de motoristas b\u00eabados usarem o carro como uma arma.<\/p>\n<p>&#8220;<em>Agravamos a pena de homic\u00eddio culposo e do crime de les\u00e3o corporal grave ou grav\u00edssima cometidos nessas circunst\u00e2ncias. Uma importante modifica\u00e7\u00e3o que fizemos \u00e9 que n\u00e3o importa qual seja a dosagem de \u00e1lcool encontrada no sangue do indiv\u00edduo. Bebeu e dirigiu, pau<\/em>&#8220;.<\/p>\n<p>Ao citar que o baf\u00f4metro s\u00f3 pode ser usado com o consentimento do condutor, o senador Antonio Anastasia, do PSDB de Minas Gerais, destacou que o projeto permite outras provas contra o motorista b\u00eabado.<\/p>\n<p>&#8220;<em>N\u00e3o adianta fugir porque existem outros meios e n\u00f3s temos de fato que combater a impunidade. Temos testemunhas, declara\u00e7\u00e3o do policial, v\u00eddeos, exerc\u00edcios para a pessoa cruzar a perna e andar em linha reta. Ent\u00e3o s\u00e3o v\u00e1rios meios para fazer a identidade probat\u00f3ria para a comprova\u00e7\u00e3o de que ele estava sob efeito de subst\u00e2ncia alco\u00f3lica<\/em>&#8220;.<\/p>\n<p>O projeto tamb\u00e9m pune com pris\u00e3o os motoristas que fizerem manobras perigosas, como o chamado cavalo de pau, e que resultarem em acidentes. Hoje a puni\u00e7\u00e3o est\u00e1 restrita aos conhecidos rachas. Os acidentes de tr\u00e2nsito matam 40 mil pessoas por ano e s\u00e3o a terceira causa de \u00f3bitos no Pa\u00eds.<\/p>\n<p><em>*Reportagem de H\u00e9rica Christian \/ R\u00e1dio Senado<\/em><\/p>\n","protected":false},"excerpt":{"rendered":"<p>O projeto aumenta a pena para 5 a 8 anos de pris\u00e3o para o motorista b\u00eabado ou que sob efeito de entorpecentes provocar a morte de algu\u00e9m no tr\u00e2nsito. At\u00e9 ent\u00e3o, esse tipo de homic\u00eddio culposo, quando n\u00e3o h\u00e1 a inten\u00e7\u00e3o, era punido com at\u00e9 4 anos, o que permitia pena alternativa sem cadeia. O [&hellip;]<\/p>\n","protected":false},"author":2,"featured_media":13662,"comment_status":"open","ping_status":"open","sticky":false,"template":"","format":"standard","meta":{"_acf_changed":false,"_monsterinsights_skip_tracking":false,"_monsterinsights_sitenote_active":false,"_monsterinsights_sitenote_note":"","_monsterinsights_sitenote_category":0,"_jetpack_memberships_contains_paid_content":false,"footnotes":"","jetpack_publicize_message":"","jetpack_publicize_feature_enabled":true,"jetpack_social_post_already_shared":true,"jetpack_social_options":{"image_generator_settings":{"template":"highway","default_image_id":0,"font":"","enabled":false},"version":2}},"categories":[5,1],"tags":[],"class_list":["post-13661","post","type-post","status-publish","format-standard","has-post-thumbnail","hentry","category-cotidiano","category-noticias"],"acf":[],"jetpack_publicize_connections":[],"jetpack_featured_media_url":"https:\/\/i0.wp.com\/blogdoeloiltoncajuhy.com.br\/site\/wp-content\/uploads\/2016\/11\/beber-777.jpg?fit=777%2C437&ssl=1","jetpack_sharing_enabled":true,"publishpress_future_workflow_manual_trigger":{"enabledWorkflows":[]},"_links":{"self":[{"href":"https:\/\/blogdoeloiltoncajuhy.com.br\/site\/wp-json\/wp\/v2\/posts\/13661","targetHints":{"allow":["GET"]}}],"collection":[{"href":"https:\/\/blogdoeloiltoncajuhy.com.br\/site\/wp-json\/wp\/v2\/posts"}],"about":[{"href":"https:\/\/blogdoeloiltoncajuhy.com.br\/site\/wp-json\/wp\/v2\/types\/post"}],"author":[{"embeddable":true,"href":"https:\/\/blogdoeloiltoncajuhy.com.br\/site\/wp-json\/wp\/v2\/users\/2"}],"replies":[{"embeddable":true,"href":"https:\/\/blogdoeloiltoncajuhy.com.br\/site\/wp-json\/wp\/v2\/comments?post=13661"}],"version-history":[{"count":1,"href":"https:\/\/blogdoeloiltoncajuhy.com.br\/site\/wp-json\/wp\/v2\/posts\/13661\/revisions"}],"predecessor-version":[{"id":13663,"href":"https:\/\/blogdoeloiltoncajuhy.com.br\/site\/wp-json\/wp\/v2\/posts\/13661\/revisions\/13663"}],"wp:featuredmedia":[{"embeddable":true,"href":"https:\/\/blogdoeloiltoncajuhy.com.br\/site\/wp-json\/wp\/v2\/media\/13662"}],"wp:attachment":[{"href":"https:\/\/blogdoeloiltoncajuhy.com.br\/site\/wp-json\/wp\/v2\/media?parent=13661"}],"wp:term":[{"taxonomy":"category","embeddable":true,"href":"https:\/\/blogdoeloiltoncajuhy.com.br\/site\/wp-json\/wp\/v2\/categories?post=13661"},{"taxonomy":"post_tag","embeddable":true,"href":"https:\/\/blogdoeloiltoncajuhy.com.br\/site\/wp-json\/wp\/v2\/tags?post=13661"}],"curies":[{"name":"wp","href":"https:\/\/api.w.org\/{rel}","templated":true}]}}