{"id":13646,"date":"2016-11-24T14:34:38","date_gmt":"2016-11-24T17:34:38","guid":{"rendered":"http:\/\/blogdoeloiltoncajuhy.com.br\/site\/?p=13646"},"modified":"2016-11-24T14:34:38","modified_gmt":"2016-11-24T17:34:38","slug":"futuro-governo-escolhido-nome-do-secretario-de-cultura-de-senhor-do-bonfim","status":"publish","type":"post","link":"https:\/\/blogdoeloiltoncajuhy.com.br\/site\/futuro-governo-escolhido-nome-do-secretario-de-cultura-de-senhor-do-bonfim\/","title":{"rendered":"FUTURO GOVERNO: Escolhido nome do Secret\u00e1rio de Cultura de Senhor do Bonfim"},"content":{"rendered":"<p><a href=\"https:\/\/i0.wp.com\/blogdoeloiltoncajuhy.com.br\/site\/wp-content\/uploads\/2016\/11\/Rodrigo-Gomes-Wanderley.jpg\"><img data-recalc-dims=\"1\" fetchpriority=\"high\" decoding=\"async\" class=\"aligncenter size-full wp-image-13647\" src=\"https:\/\/i0.wp.com\/blogdoeloiltoncajuhy.com.br\/site\/wp-content\/uploads\/2016\/11\/Rodrigo-Gomes-Wanderley.jpg?resize=800%2C541\" alt=\"rodrigo-gomes-wanderley\" width=\"800\" height=\"541\" srcset=\"https:\/\/i0.wp.com\/blogdoeloiltoncajuhy.com.br\/site\/wp-content\/uploads\/2016\/11\/Rodrigo-Gomes-Wanderley.jpg?w=916&amp;ssl=1 916w, https:\/\/i0.wp.com\/blogdoeloiltoncajuhy.com.br\/site\/wp-content\/uploads\/2016\/11\/Rodrigo-Gomes-Wanderley.jpg?resize=300%2C203&amp;ssl=1 300w, https:\/\/i0.wp.com\/blogdoeloiltoncajuhy.com.br\/site\/wp-content\/uploads\/2016\/11\/Rodrigo-Gomes-Wanderley.jpg?resize=768%2C519&amp;ssl=1 768w, https:\/\/i0.wp.com\/blogdoeloiltoncajuhy.com.br\/site\/wp-content\/uploads\/2016\/11\/Rodrigo-Gomes-Wanderley.jpg?resize=250%2C169&amp;ssl=1 250w\" sizes=\"(max-width: 800px) 100vw, 800px\" \/><\/a>Resultado de um processo democr\u00e1tico, que contou com a participa\u00e7\u00e3o de representantes do Movimento Frente Cultural de Senhor do Bonfim, foi escolhido, na noite desta quarta-feira (23), o nome do futuro secret\u00e1rio de Cultura da gest\u00e3o Carlos Brasileiro. Ser\u00e1 o soci\u00f3logo e antrop\u00f3logo Rodrigo Gomes Wanderley. Foram apresentados quatro nomes, e, ap\u00f3s reuni\u00e3o com as presen\u00e7as do prefeito eleito e do vice, Jos\u00e9 Ant\u00f4nio, foi feita a escolha.<\/p>\n<p>Rodrigo Gomes Wanderley \u00e9 p\u00f3s-graduando em Gest\u00e3o Cultural, mestre em Antropologia Social pela Universidade de Bras\u00edlia (UnB) e bacharel em Ci\u00eancias Sociais pela Universidade Federal do Vale do S\u00e3o Francisco (Univasf). Tem conhecimento na \u00e1rea de produ\u00e7\u00e3o cultural e cultura popular.<\/p>\n<p>Em sua fala, Brasileiro destacou a import\u00e2ncia que a cultura ter\u00e1 na sua nova gest\u00e3o e pediu apoio de todos os envolvidos na \u00e1rea cultural para reativar o setor no munic\u00edpio, sobretudo com a valoriza\u00e7\u00e3o da cultura popular, da produ\u00e7\u00e3o art\u00edstica e das tradi\u00e7\u00f5es bonfinenses.<\/p>\n<p><em><a href=\"https:\/\/i0.wp.com\/blogdoeloiltoncajuhy.com.br\/site\/wp-content\/uploads\/2016\/11\/Reuniao-Sec-Cultura.jpg\"><img data-recalc-dims=\"1\" decoding=\"async\" class=\"aligncenter size-full wp-image-13648\" src=\"https:\/\/i0.wp.com\/blogdoeloiltoncajuhy.com.br\/site\/wp-content\/uploads\/2016\/11\/Reuniao-Sec-Cultura.jpg?resize=800%2C533\" alt=\"reuniao-sec-cultura\" width=\"800\" height=\"533\" srcset=\"https:\/\/i0.wp.com\/blogdoeloiltoncajuhy.com.br\/site\/wp-content\/uploads\/2016\/11\/Reuniao-Sec-Cultura.jpg?w=1556&amp;ssl=1 1556w, https:\/\/i0.wp.com\/blogdoeloiltoncajuhy.com.br\/site\/wp-content\/uploads\/2016\/11\/Reuniao-Sec-Cultura.jpg?resize=300%2C200&amp;ssl=1 300w, https:\/\/i0.wp.com\/blogdoeloiltoncajuhy.com.br\/site\/wp-content\/uploads\/2016\/11\/Reuniao-Sec-Cultura.jpg?resize=768%2C512&amp;ssl=1 768w, https:\/\/i0.wp.com\/blogdoeloiltoncajuhy.com.br\/site\/wp-content\/uploads\/2016\/11\/Reuniao-Sec-Cultura.jpg?resize=1024%2C682&amp;ssl=1 1024w, https:\/\/i0.wp.com\/blogdoeloiltoncajuhy.com.br\/site\/wp-content\/uploads\/2016\/11\/Reuniao-Sec-Cultura.jpg?resize=250%2C167&amp;ssl=1 250w\" sizes=\"(max-width: 800px) 100vw, 800px\" \/><\/a>Ascom Carlos Brasileiro<\/em><\/p>\n","protected":false},"excerpt":{"rendered":"<p>Resultado de um processo democr\u00e1tico, que contou com a participa\u00e7\u00e3o de representantes do Movimento Frente Cultural de Senhor do Bonfim, foi escolhido, na noite desta quarta-feira (23), o nome do futuro secret\u00e1rio de Cultura da gest\u00e3o Carlos Brasileiro. Ser\u00e1 o soci\u00f3logo e antrop\u00f3logo Rodrigo Gomes Wanderley. Foram apresentados quatro nomes, e, ap\u00f3s reuni\u00e3o com as [&hellip;]<\/p>\n","protected":false},"author":2,"featured_media":13648,"comment_status":"open","ping_status":"open","sticky":false,"template":"","format":"standard","meta":{"_acf_changed":false,"_monsterinsights_skip_tracking":false,"_monsterinsights_sitenote_active":false,"_monsterinsights_sitenote_note":"","_monsterinsights_sitenote_category":0,"_jetpack_memberships_contains_paid_content":false,"footnotes":"","jetpack_publicize_message":"","jetpack_publicize_feature_enabled":true,"jetpack_social_post_already_shared":true,"jetpack_social_options":{"image_generator_settings":{"template":"highway","default_image_id":0,"font":"","enabled":false},"version":2}},"categories":[8,1,4],"tags":[],"class_list":["post-13646","post","type-post","status-publish","format-standard","has-post-thumbnail","hentry","category-cultura","category-noticias","category-local"],"acf":[],"jetpack_publicize_connections":[],"jetpack_featured_media_url":"https:\/\/i0.wp.com\/blogdoeloiltoncajuhy.com.br\/site\/wp-content\/uploads\/2016\/11\/Reuniao-Sec-Cultura.jpg?fit=1556%2C1037&ssl=1","jetpack_sharing_enabled":true,"publishpress_future_workflow_manual_trigger":{"enabledWorkflows":[]},"_links":{"self":[{"href":"https:\/\/blogdoeloiltoncajuhy.com.br\/site\/wp-json\/wp\/v2\/posts\/13646","targetHints":{"allow":["GET"]}}],"collection":[{"href":"https:\/\/blogdoeloiltoncajuhy.com.br\/site\/wp-json\/wp\/v2\/posts"}],"about":[{"href":"https:\/\/blogdoeloiltoncajuhy.com.br\/site\/wp-json\/wp\/v2\/types\/post"}],"author":[{"embeddable":true,"href":"https:\/\/blogdoeloiltoncajuhy.com.br\/site\/wp-json\/wp\/v2\/users\/2"}],"replies":[{"embeddable":true,"href":"https:\/\/blogdoeloiltoncajuhy.com.br\/site\/wp-json\/wp\/v2\/comments?post=13646"}],"version-history":[{"count":1,"href":"https:\/\/blogdoeloiltoncajuhy.com.br\/site\/wp-json\/wp\/v2\/posts\/13646\/revisions"}],"predecessor-version":[{"id":13649,"href":"https:\/\/blogdoeloiltoncajuhy.com.br\/site\/wp-json\/wp\/v2\/posts\/13646\/revisions\/13649"}],"wp:featuredmedia":[{"embeddable":true,"href":"https:\/\/blogdoeloiltoncajuhy.com.br\/site\/wp-json\/wp\/v2\/media\/13648"}],"wp:attachment":[{"href":"https:\/\/blogdoeloiltoncajuhy.com.br\/site\/wp-json\/wp\/v2\/media?parent=13646"}],"wp:term":[{"taxonomy":"category","embeddable":true,"href":"https:\/\/blogdoeloiltoncajuhy.com.br\/site\/wp-json\/wp\/v2\/categories?post=13646"},{"taxonomy":"post_tag","embeddable":true,"href":"https:\/\/blogdoeloiltoncajuhy.com.br\/site\/wp-json\/wp\/v2\/tags?post=13646"}],"curies":[{"name":"wp","href":"https:\/\/api.w.org\/{rel}","templated":true}]}}