{"id":13629,"date":"2016-11-23T20:09:14","date_gmt":"2016-11-23T23:09:14","guid":{"rendered":"http:\/\/blogdoeloiltoncajuhy.com.br\/site\/?p=13629"},"modified":"2016-11-23T20:13:31","modified_gmt":"2016-11-23T23:13:31","slug":"miguel-araujo-segue-internado-mas-passa-bem","status":"publish","type":"post","link":"https:\/\/blogdoeloiltoncajuhy.com.br\/site\/miguel-araujo-segue-internado-mas-passa-bem\/","title":{"rendered":"Miguel Ara\u00fajo segue internado, mas passa bem"},"content":{"rendered":"<p><a href=\"https:\/\/i0.wp.com\/blogdoeloiltoncajuhy.com.br\/site\/wp-content\/uploads\/2016\/11\/miguel-ara%C3%BAjo2.jpg\"><img data-recalc-dims=\"1\" fetchpriority=\"high\" decoding=\"async\" class=\"aligncenter size-full wp-image-13631\" src=\"https:\/\/i0.wp.com\/blogdoeloiltoncajuhy.com.br\/site\/wp-content\/uploads\/2016\/11\/miguel-ara%C3%BAjo2.jpg?resize=540%2C405\" alt=\"miguel-araujo2\" width=\"540\" height=\"405\" srcset=\"https:\/\/i0.wp.com\/blogdoeloiltoncajuhy.com.br\/site\/wp-content\/uploads\/2016\/11\/miguel-ara%C3%BAjo2.jpg?w=540&amp;ssl=1 540w, https:\/\/i0.wp.com\/blogdoeloiltoncajuhy.com.br\/site\/wp-content\/uploads\/2016\/11\/miguel-ara%C3%BAjo2.jpg?resize=300%2C225&amp;ssl=1 300w, https:\/\/i0.wp.com\/blogdoeloiltoncajuhy.com.br\/site\/wp-content\/uploads\/2016\/11\/miguel-ara%C3%BAjo2.jpg?resize=250%2C188&amp;ssl=1 250w\" sizes=\"(max-width: 540px) 100vw, 540px\" \/><\/a>O cantor e compositor bonfinense Miguel Ara\u00fajo continua internado no Hospital Promatre, em Juazeiro, por\u00e9m seu estado de sa\u00fade \u00e9 bom. Faltando apenas a realiza\u00e7\u00e3o de um exame para a conclus\u00e3o de seu diagn\u00f3stico, o artista informou \u00e0 nossa reportagem que os m\u00e9dicos ainda n\u00e3o informaram quando ele ter\u00e1 alta.<\/p>\n<p>Exames realizados no cantor, descartaram a ocorr\u00eancia de AVC (acidente vascular cerebral) ou de enfarto. Segundo informa\u00e7\u00f5es dos m\u00e9dicos que o atenderam, como ele \u00e9 diab\u00e9tico, Miguel foi afetado por problemas gerados pelo diabetes ap\u00f3s ele ter forte alta de press\u00e3o arterial.<\/p>\n<p>Miguel Ara\u00fajo, 55 anos, passou mal em sua resid\u00eancia na \u00faltima sexta-feira (18), sendo socorrido para o Hospital D. Antonio Monteiro. No s\u00e1bado, o cantor foi transferido para a Promatre, em Juazeiro.<\/p>\n<p>Al\u00e9m de de m\u00fasico, nos \u00faltimos anos Miguel Ara\u00fajo vem atuando na R\u00e1dio Cara\u00edba, onde j\u00e1 apresentou os programas Cara\u00edba Rural, Show da Manh\u00e3, Cidade Aberta e Na Varanda da Fazenda, substituindo os titulares dessas atra\u00e7\u00f5es quando saem de f\u00e9rias.<\/p>\n<p><em>*BLOG DO ELOILTON CAJUHY<\/em><\/p>\n","protected":false},"excerpt":{"rendered":"<p>O cantor e compositor bonfinense Miguel Ara\u00fajo continua internado no Hospital Promatre, em Juazeiro, por\u00e9m seu estado de sa\u00fade \u00e9 bom. Faltando apenas a realiza\u00e7\u00e3o de um exame para a conclus\u00e3o de seu diagn\u00f3stico, o artista informou \u00e0 nossa reportagem que os m\u00e9dicos ainda n\u00e3o informaram quando ele ter\u00e1 alta. Exames realizados no cantor, descartaram [&hellip;]<\/p>\n","protected":false},"author":2,"featured_media":13631,"comment_status":"open","ping_status":"open","sticky":false,"template":"","format":"standard","meta":{"_acf_changed":false,"_monsterinsights_skip_tracking":false,"_monsterinsights_sitenote_active":false,"_monsterinsights_sitenote_note":"","_monsterinsights_sitenote_category":0,"_jetpack_memberships_contains_paid_content":false,"footnotes":"","jetpack_publicize_message":"","jetpack_publicize_feature_enabled":true,"jetpack_social_post_already_shared":true,"jetpack_social_options":{"image_generator_settings":{"template":"highway","default_image_id":0,"font":"","enabled":false},"version":2}},"categories":[8,1,4],"tags":[],"class_list":["post-13629","post","type-post","status-publish","format-standard","has-post-thumbnail","hentry","category-cultura","category-noticias","category-local"],"acf":[],"jetpack_publicize_connections":[],"jetpack_featured_media_url":"https:\/\/i0.wp.com\/blogdoeloiltoncajuhy.com.br\/site\/wp-content\/uploads\/2016\/11\/miguel-ara%C3%BAjo2.jpg?fit=540%2C405&ssl=1","jetpack_sharing_enabled":true,"publishpress_future_workflow_manual_trigger":{"enabledWorkflows":[]},"_links":{"self":[{"href":"https:\/\/blogdoeloiltoncajuhy.com.br\/site\/wp-json\/wp\/v2\/posts\/13629","targetHints":{"allow":["GET"]}}],"collection":[{"href":"https:\/\/blogdoeloiltoncajuhy.com.br\/site\/wp-json\/wp\/v2\/posts"}],"about":[{"href":"https:\/\/blogdoeloiltoncajuhy.com.br\/site\/wp-json\/wp\/v2\/types\/post"}],"author":[{"embeddable":true,"href":"https:\/\/blogdoeloiltoncajuhy.com.br\/site\/wp-json\/wp\/v2\/users\/2"}],"replies":[{"embeddable":true,"href":"https:\/\/blogdoeloiltoncajuhy.com.br\/site\/wp-json\/wp\/v2\/comments?post=13629"}],"version-history":[{"count":2,"href":"https:\/\/blogdoeloiltoncajuhy.com.br\/site\/wp-json\/wp\/v2\/posts\/13629\/revisions"}],"predecessor-version":[{"id":13633,"href":"https:\/\/blogdoeloiltoncajuhy.com.br\/site\/wp-json\/wp\/v2\/posts\/13629\/revisions\/13633"}],"wp:featuredmedia":[{"embeddable":true,"href":"https:\/\/blogdoeloiltoncajuhy.com.br\/site\/wp-json\/wp\/v2\/media\/13631"}],"wp:attachment":[{"href":"https:\/\/blogdoeloiltoncajuhy.com.br\/site\/wp-json\/wp\/v2\/media?parent=13629"}],"wp:term":[{"taxonomy":"category","embeddable":true,"href":"https:\/\/blogdoeloiltoncajuhy.com.br\/site\/wp-json\/wp\/v2\/categories?post=13629"},{"taxonomy":"post_tag","embeddable":true,"href":"https:\/\/blogdoeloiltoncajuhy.com.br\/site\/wp-json\/wp\/v2\/tags?post=13629"}],"curies":[{"name":"wp","href":"https:\/\/api.w.org\/{rel}","templated":true}]}}