{"id":13627,"date":"2016-11-23T19:30:56","date_gmt":"2016-11-23T22:30:56","guid":{"rendered":"http:\/\/blogdoeloiltoncajuhy.com.br\/site\/?p=13627"},"modified":"2016-11-23T19:30:56","modified_gmt":"2016-11-23T22:30:56","slug":"comece-a-quinta-feira-meditando-entao-eles-verao-o-filho-do-homem-lc-2120-28","status":"publish","type":"post","link":"https:\/\/blogdoeloiltoncajuhy.com.br\/site\/comece-a-quinta-feira-meditando-entao-eles-verao-o-filho-do-homem-lc-2120-28\/","title":{"rendered":"COMECE A QUINTA-FEIRA MEDITANDO: &#8220;Ent\u00e3o eles ver\u00e3o o Filho do Homem&#8221; &#8211; Lc 21,20-28"},"content":{"rendered":"<p><a href=\"https:\/\/i0.wp.com\/blogdoeloiltoncajuhy.com.br\/site\/wp-content\/uploads\/2015\/10\/liturgia_diaria.jpg\"><img data-recalc-dims=\"1\" fetchpriority=\"high\" decoding=\"async\" class=\"wp-image-4757 size-medium alignright\" src=\"https:\/\/i0.wp.com\/blogdoeloiltoncajuhy.com.br\/site\/wp-content\/uploads\/2015\/10\/liturgia_diaria.jpg?resize=300%2C227\" alt=\"liturgia_diaria\" width=\"300\" height=\"227\" srcset=\"https:\/\/i0.wp.com\/blogdoeloiltoncajuhy.com.br\/site\/wp-content\/uploads\/2015\/10\/liturgia_diaria.jpg?resize=300%2C227&amp;ssl=1 300w, https:\/\/i0.wp.com\/blogdoeloiltoncajuhy.com.br\/site\/wp-content\/uploads\/2015\/10\/liturgia_diaria.jpg?resize=250%2C189&amp;ssl=1 250w, https:\/\/i0.wp.com\/blogdoeloiltoncajuhy.com.br\/site\/wp-content\/uploads\/2015\/10\/liturgia_diaria.jpg?w=449&amp;ssl=1 449w\" sizes=\"(max-width: 300px) 100vw, 300px\" \/><\/a>Naquele tempo, disse Jesus a seus disc\u00edpulos: \u201cQuando virdes Jerusal\u00e9m cercada de ex\u00e9rcitos, ficai sabendo que a sua destrui\u00e7\u00e3o est\u00e1 pr\u00f3xima. Ent\u00e3o, os que estiverem na Judeia, devem fugir para as montanhas; os que estiverem no meio da cidade, devem afastar-se; os que estiverem no campo, n\u00e3o entrem na cidade. Pois esses dias s\u00e3o de vingan\u00e7a, para que se cumpra tudo o que dizem as Escrituras.<\/p>\n<p>Infelizes das mulheres gr\u00e1vidas e daquelas que estiverem amamentando naqueles dias, pois haver\u00e1 uma grande calamidade na terra e ira contra este povo. Ser\u00e3o mortos pela espada e levados presos para todas as na\u00e7\u00f5es, e Jerusal\u00e9m ser\u00e1 pisada pelos infi\u00e9is, at\u00e9 que o tempo dos pag\u00e3os se complete.<\/p>\n<p>Haver\u00e1 sinais no sol, na lua e nas estrelas. Na terra, as na\u00e7\u00f5es ficar\u00e3o angustiadas, com pavor do barulho do mar e das ondas. Os homens v\u00e3o desmaiar de medo, s\u00f3 em pensar no que vai acontecer ao mundo, porque as for\u00e7as do c\u00e9u ser\u00e3o abaladas. Ent\u00e3o eles ver\u00e3o o Filho do Homem, vindo numa nuvem com grande poder e gl\u00f3ria. Quando estas coisas come\u00e7arem a acontecer, levantai-vos e erguei a cabe\u00e7a, porque a vossa liberta\u00e7\u00e3o est\u00e1 pr\u00f3xima\u201d.<\/p>\n<p><strong><em>*<a href=\"http:\/\/liturgia.cancaonova.com\/liturgia\/34a-semana-comum-quinta-feira-24112016\/\">Can\u00e7\u00e3o Nova<\/a><\/em><\/strong><\/p>\n","protected":false},"excerpt":{"rendered":"<p>Naquele tempo, disse Jesus a seus disc\u00edpulos: \u201cQuando virdes Jerusal\u00e9m cercada de ex\u00e9rcitos, ficai sabendo que a sua destrui\u00e7\u00e3o est\u00e1 pr\u00f3xima. Ent\u00e3o, os que estiverem na Judeia, devem fugir para as montanhas; os que estiverem no meio da cidade, devem afastar-se; os que estiverem no campo, n\u00e3o entrem na cidade. Pois esses dias s\u00e3o de [&hellip;]<\/p>\n","protected":false},"author":2,"featured_media":0,"comment_status":"open","ping_status":"open","sticky":false,"template":"","format":"standard","meta":{"_acf_changed":false,"_monsterinsights_skip_tracking":false,"_monsterinsights_sitenote_active":false,"_monsterinsights_sitenote_note":"","_monsterinsights_sitenote_category":0,"_jetpack_memberships_contains_paid_content":false,"footnotes":"","jetpack_publicize_message":"","jetpack_publicize_feature_enabled":true,"jetpack_social_post_already_shared":true,"jetpack_social_options":{"image_generator_settings":{"template":"highway","default_image_id":0,"font":"","enabled":false},"version":2}},"categories":[1,9],"tags":[],"class_list":["post-13627","post","type-post","status-publish","format-standard","hentry","category-noticias","category-reflexao"],"acf":[],"jetpack_publicize_connections":[],"jetpack_featured_media_url":"","jetpack_sharing_enabled":true,"publishpress_future_workflow_manual_trigger":{"enabledWorkflows":[]},"_links":{"self":[{"href":"https:\/\/blogdoeloiltoncajuhy.com.br\/site\/wp-json\/wp\/v2\/posts\/13627","targetHints":{"allow":["GET"]}}],"collection":[{"href":"https:\/\/blogdoeloiltoncajuhy.com.br\/site\/wp-json\/wp\/v2\/posts"}],"about":[{"href":"https:\/\/blogdoeloiltoncajuhy.com.br\/site\/wp-json\/wp\/v2\/types\/post"}],"author":[{"embeddable":true,"href":"https:\/\/blogdoeloiltoncajuhy.com.br\/site\/wp-json\/wp\/v2\/users\/2"}],"replies":[{"embeddable":true,"href":"https:\/\/blogdoeloiltoncajuhy.com.br\/site\/wp-json\/wp\/v2\/comments?post=13627"}],"version-history":[{"count":1,"href":"https:\/\/blogdoeloiltoncajuhy.com.br\/site\/wp-json\/wp\/v2\/posts\/13627\/revisions"}],"predecessor-version":[{"id":13628,"href":"https:\/\/blogdoeloiltoncajuhy.com.br\/site\/wp-json\/wp\/v2\/posts\/13627\/revisions\/13628"}],"wp:attachment":[{"href":"https:\/\/blogdoeloiltoncajuhy.com.br\/site\/wp-json\/wp\/v2\/media?parent=13627"}],"wp:term":[{"taxonomy":"category","embeddable":true,"href":"https:\/\/blogdoeloiltoncajuhy.com.br\/site\/wp-json\/wp\/v2\/categories?post=13627"},{"taxonomy":"post_tag","embeddable":true,"href":"https:\/\/blogdoeloiltoncajuhy.com.br\/site\/wp-json\/wp\/v2\/tags?post=13627"}],"curies":[{"name":"wp","href":"https:\/\/api.w.org\/{rel}","templated":true}]}}