{"id":13622,"date":"2016-11-23T19:13:52","date_gmt":"2016-11-23T22:13:52","guid":{"rendered":"http:\/\/blogdoeloiltoncajuhy.com.br\/site\/?p=13622"},"modified":"2016-11-23T19:13:52","modified_gmt":"2016-11-23T22:13:52","slug":"politica-delacao-da-odebrecht-pode-atingir-ate-200-politicos-afirma-lobo","status":"publish","type":"post","link":"https:\/\/blogdoeloiltoncajuhy.com.br\/site\/politica-delacao-da-odebrecht-pode-atingir-ate-200-politicos-afirma-lobo\/","title":{"rendered":"POL\u00cdTICA: Dela\u00e7\u00e3o da Odebrecht pode atingir at\u00e9 200 pol\u00edticos, afirma L\u00f4bo"},"content":{"rendered":"<p><a href=\"https:\/\/i0.wp.com\/blogdoeloiltoncajuhy.com.br\/site\/wp-content\/uploads\/2016\/11\/odebrecht-e1479939219543.jpg\"><img data-recalc-dims=\"1\" fetchpriority=\"high\" decoding=\"async\" class=\"aligncenter size-full wp-image-13623\" src=\"https:\/\/i0.wp.com\/blogdoeloiltoncajuhy.com.br\/site\/wp-content\/uploads\/2016\/11\/odebrecht-e1479939219543.jpg?resize=540%2C405\" alt=\"odebrecht\" width=\"540\" height=\"405\" \/><\/a>A vida pol\u00edtica brasileira contempor\u00e2nea poder\u00e1 ser dividida entre os per\u00edodos anterior e posterior \u00e0 dela\u00e7\u00e3o premiada da empreiteira Odebrecht, que come\u00e7ou a ser assinada nesta quarta-feira por 78 diretores e ex-diretores da companhia.<\/p>\n<p>Isso porque a dela\u00e7\u00e3o atinge algo como 200 pol\u00edticos &#8211; e poder\u00e1 triplicar o n\u00famero de casos de investigados pelo Supremo Tribunal Federal; outros tantos que j\u00e1 tiveram e hoje n\u00e3o t\u00eam mais foro privilegiado, e tamb\u00e9m porque envolve a pol\u00edtica brasileira desde o in\u00edcio dos anos 2000.<\/p>\n<p>O mundo pol\u00edtico ferve em Bras\u00edlia com a not\u00edcia da assinatura do acordo de dela\u00e7\u00e3o premiada, o que quer dizer que agora vai ser poss\u00edvel saber se \u00e9 ou n\u00e3o verdade tudo aquilo que se falou sobre os nomes citados pelos delatores. Mais dia, menos dia, eles vir\u00e3o a p\u00fablico, embora a expectativa neste momento seja a de que os investigadores ainda ir\u00e3o deixar as informa\u00e7\u00f5es sob sigilo, pelo menos at\u00e9 a homologa\u00e7\u00e3o do acordo pelo ministro Teori Zavaski.<\/p>\n<p>Por outro lado, um aspecto positivo &#8211; se \u00e9 que h\u00e1 aspecto positivo num caso como estes: \u00e9 o fim da expectativa e o come\u00e7o de um outro momento, o da realidade. As pe\u00e7as da pol\u00edtica v\u00e3o se encaixando aos poucos. Os agentes econ\u00f4micos j\u00e1 conhecer\u00e3o o impacto de tudo o que for revelado pela Odebrecht e poder\u00e3o ter mais clareza para calcular seus investimentos.<\/p>\n<p>O governo Temer, no entanto, vai continuar na expectativa para saber qual ou quais dos seus integrantes est\u00e3o nesta lista da Oedebrecht e de que forma isso pode atingir seus mais importantes quadros, inclusive o pr\u00f3prio presidente Temer.<\/p>\n<p>Mesmo na Justi\u00e7a, j\u00e1 se falou em dar tratamento diferenciado aos benefici\u00e1rios de financiamento pol\u00edtico da Odebrecht: pena maior para o ordenador de despesa que autorizou o superfaturamento de obras p\u00fablicas e recebeu financiamento da empresa; um pouco menor para os que receberam doa\u00e7\u00e3o sabendo se tratar de propina, mas n\u00e3o eram ordenadores de despesa; e pena menor para os que receberam doa\u00e7\u00e3o sem declarar &#8211; o chamado caixa dois.<\/p>\n<p>Este \u00e9 o assunto em discuss\u00e3o no Congresso neste momento. Mais precisamente, na Comiss\u00e3o Especial que analisa as Dez Medidas de Combate \u00e0 Corrup\u00e7\u00e3o.<\/p>\n<p><em>*Cristiana L\u00f4bo<\/em><\/p>\n","protected":false},"excerpt":{"rendered":"<p>A vida pol\u00edtica brasileira contempor\u00e2nea poder\u00e1 ser dividida entre os per\u00edodos anterior e posterior \u00e0 dela\u00e7\u00e3o premiada da empreiteira Odebrecht, que come\u00e7ou a ser assinada nesta quarta-feira por 78 diretores e ex-diretores da companhia. Isso porque a dela\u00e7\u00e3o atinge algo como 200 pol\u00edticos &#8211; e poder\u00e1 triplicar o n\u00famero de casos de investigados pelo Supremo [&hellip;]<\/p>\n","protected":false},"author":2,"featured_media":13623,"comment_status":"open","ping_status":"open","sticky":false,"template":"","format":"standard","meta":{"_acf_changed":false,"_monsterinsights_skip_tracking":false,"_monsterinsights_sitenote_active":false,"_monsterinsights_sitenote_note":"","_monsterinsights_sitenote_category":0,"_jetpack_memberships_contains_paid_content":false,"footnotes":"","jetpack_publicize_message":"","jetpack_publicize_feature_enabled":true,"jetpack_social_post_already_shared":true,"jetpack_social_options":{"image_generator_settings":{"template":"highway","default_image_id":0,"font":"","enabled":false},"version":2}},"categories":[1,3],"tags":[],"class_list":["post-13622","post","type-post","status-publish","format-standard","has-post-thumbnail","hentry","category-noticias","category-politica"],"acf":[],"jetpack_publicize_connections":[],"jetpack_featured_media_url":"https:\/\/i0.wp.com\/blogdoeloiltoncajuhy.com.br\/site\/wp-content\/uploads\/2016\/11\/odebrecht-e1479939219543.jpg?fit=540%2C405&ssl=1","jetpack_sharing_enabled":true,"publishpress_future_workflow_manual_trigger":{"enabledWorkflows":[]},"_links":{"self":[{"href":"https:\/\/blogdoeloiltoncajuhy.com.br\/site\/wp-json\/wp\/v2\/posts\/13622","targetHints":{"allow":["GET"]}}],"collection":[{"href":"https:\/\/blogdoeloiltoncajuhy.com.br\/site\/wp-json\/wp\/v2\/posts"}],"about":[{"href":"https:\/\/blogdoeloiltoncajuhy.com.br\/site\/wp-json\/wp\/v2\/types\/post"}],"author":[{"embeddable":true,"href":"https:\/\/blogdoeloiltoncajuhy.com.br\/site\/wp-json\/wp\/v2\/users\/2"}],"replies":[{"embeddable":true,"href":"https:\/\/blogdoeloiltoncajuhy.com.br\/site\/wp-json\/wp\/v2\/comments?post=13622"}],"version-history":[{"count":1,"href":"https:\/\/blogdoeloiltoncajuhy.com.br\/site\/wp-json\/wp\/v2\/posts\/13622\/revisions"}],"predecessor-version":[{"id":13624,"href":"https:\/\/blogdoeloiltoncajuhy.com.br\/site\/wp-json\/wp\/v2\/posts\/13622\/revisions\/13624"}],"wp:featuredmedia":[{"embeddable":true,"href":"https:\/\/blogdoeloiltoncajuhy.com.br\/site\/wp-json\/wp\/v2\/media\/13623"}],"wp:attachment":[{"href":"https:\/\/blogdoeloiltoncajuhy.com.br\/site\/wp-json\/wp\/v2\/media?parent=13622"}],"wp:term":[{"taxonomy":"category","embeddable":true,"href":"https:\/\/blogdoeloiltoncajuhy.com.br\/site\/wp-json\/wp\/v2\/categories?post=13622"},{"taxonomy":"post_tag","embeddable":true,"href":"https:\/\/blogdoeloiltoncajuhy.com.br\/site\/wp-json\/wp\/v2\/tags?post=13622"}],"curies":[{"name":"wp","href":"https:\/\/api.w.org\/{rel}","templated":true}]}}