{"id":13613,"date":"2016-11-23T09:41:16","date_gmt":"2016-11-23T12:41:16","guid":{"rendered":"http:\/\/blogdoeloiltoncajuhy.com.br\/site\/?p=13613"},"modified":"2016-11-23T09:41:16","modified_gmt":"2016-11-23T12:41:16","slug":"bonfim-espadeiros-e-ambientalistas-realizam-acao-socioambiental-na-serra-da-fumaca","status":"publish","type":"post","link":"https:\/\/blogdoeloiltoncajuhy.com.br\/site\/bonfim-espadeiros-e-ambientalistas-realizam-acao-socioambiental-na-serra-da-fumaca\/","title":{"rendered":"BONFIM: Espadeiros e ambientalistas realizam a\u00e7\u00e3o socioambiental na Serra da Fuma\u00e7a"},"content":{"rendered":"<p><a href=\"https:\/\/i0.wp.com\/blogdoeloiltoncajuhy.com.br\/site\/wp-content\/uploads\/2016\/11\/espadeiros1-e1479904819177.jpg\"><img data-recalc-dims=\"1\" fetchpriority=\"high\" decoding=\"async\" class=\"aligncenter size-full wp-image-13614\" src=\"https:\/\/i0.wp.com\/blogdoeloiltoncajuhy.com.br\/site\/wp-content\/uploads\/2016\/11\/espadeiros1-e1479904819177.jpg?resize=500%2C375\" alt=\"espadeiros1\" width=\"500\" height=\"375\" \/><\/a>No \u00faltimo dia 13 novembro, o grupo <strong>Espadeiros Bonfinenses<\/strong> realizou mais uma de suas a\u00e7\u00f5es, desta vez em prol da Serra da Fuma\u00e7a.\u00a0O grupo contou com a participa\u00e7\u00e3o de ambientalistas que sensibilizaram-se pela causa da limpeza da serra, promo\u00e7\u00e3o da educa\u00e7\u00e3o ambiental e conscientiza\u00e7\u00e3o ecol\u00f3gica.<\/p>\n<p>A Serra da Fuma\u00e7a est\u00e1 localizada no munic\u00edpio de Pindoba\u00e7u, na regi\u00e3o de planejamento do Piemonte Norte do Itapicuru. No local, encontram-se algumas nascentes que suprem riachos e rios importantes como o rio da Fuma\u00e7a, fonte de drenagem importante da Bacia do Rio Itapicuru.<\/p>\n<p>O grupo reuniu-se com ambientalistas, universit\u00e1rios, grupos de trilha e amantes da natureza, no mutir\u00e3o para retirada de lixo e fixa\u00e7\u00e3o de placas de conscientiza\u00e7\u00e3o ambiental durante todo o percurso da trilha e no entorno da serra e cachoeira da Fuma\u00e7a.<\/p>\n<p>A a\u00e7\u00e3o contou com mais de 50 volunt\u00e1rios que deslocaram-se pela manh\u00e3 retornando somente a noite com uma boa quantidade de lixo, que \u00e9 despejado por pessoas que utilizam aquele local. O p\u00fablico \u00e9 diversificado, visto que \u00e9 visitado para acampamentos, turismo e estudos, portanto o grau de impacto no local tem sido bastante elevado.<\/p>\n<p>A a\u00e7\u00e3o foi muito\u00a0produtiva e todo lixo recolhido foi separado em sacos pl\u00e1sticos e deixado no povoado de Lutanda onde foi recolhido pelo servi\u00e7o de limpeza do munic\u00edpio.<\/p>\n<p><a href=\"https:\/\/i0.wp.com\/blogdoeloiltoncajuhy.com.br\/site\/wp-content\/uploads\/2016\/11\/espadeiros2-e1479904863885.jpg\"><img data-recalc-dims=\"1\" decoding=\"async\" class=\"aligncenter size-full wp-image-13615\" src=\"https:\/\/i0.wp.com\/blogdoeloiltoncajuhy.com.br\/site\/wp-content\/uploads\/2016\/11\/espadeiros2-e1479904863885.jpg?resize=500%2C314\" alt=\"espadeiros2\" width=\"500\" height=\"314\" \/><\/a>O grupo realizar\u00e1 outras a\u00e7\u00f5es, com parcerias, focadas na preserva\u00e7\u00e3o ambiental. J\u00e1 est\u00e3o sendo discutidos os poss\u00edveis locais para a realiza\u00e7\u00e3o, a exemplo da Cordilheira do Espinha\u00e7o, Serra da Maravilha, Grunga e demais \u00e1reas pertencentes a nossa regi\u00e3o. Pois \u00e9 preocupante a devasta\u00e7\u00e3o em torno das nascentes com desmatamentos causados por fazendeiros e invasores das terras p\u00fablicas.<\/p>\n<p><em>*Com informa\u00e7\u00f5es do Grupo Espadeiros Bonfinenses<\/em><\/p>\n","protected":false},"excerpt":{"rendered":"<p>No \u00faltimo dia 13 novembro, o grupo Espadeiros Bonfinenses realizou mais uma de suas a\u00e7\u00f5es, desta vez em prol da Serra da Fuma\u00e7a.\u00a0O grupo contou com a participa\u00e7\u00e3o de ambientalistas que sensibilizaram-se pela causa da limpeza da serra, promo\u00e7\u00e3o da educa\u00e7\u00e3o ambiental e conscientiza\u00e7\u00e3o ecol\u00f3gica. A Serra da Fuma\u00e7a est\u00e1 localizada no munic\u00edpio de Pindoba\u00e7u, [&hellip;]<\/p>\n","protected":false},"author":2,"featured_media":13615,"comment_status":"open","ping_status":"open","sticky":false,"template":"","format":"standard","meta":{"_acf_changed":false,"_monsterinsights_skip_tracking":false,"_monsterinsights_sitenote_active":false,"_monsterinsights_sitenote_note":"","_monsterinsights_sitenote_category":0,"_jetpack_memberships_contains_paid_content":false,"footnotes":"","jetpack_publicize_message":"","jetpack_publicize_feature_enabled":true,"jetpack_social_post_already_shared":true,"jetpack_social_options":{"image_generator_settings":{"template":"highway","default_image_id":0,"font":"","enabled":false},"version":2}},"categories":[5,1,11,4],"tags":[],"class_list":["post-13613","post","type-post","status-publish","format-standard","has-post-thumbnail","hentry","category-cotidiano","category-noticias","category-regional","category-local"],"acf":[],"jetpack_publicize_connections":[],"jetpack_featured_media_url":"https:\/\/i0.wp.com\/blogdoeloiltoncajuhy.com.br\/site\/wp-content\/uploads\/2016\/11\/espadeiros2-e1479904863885.jpg?fit=500%2C314&ssl=1","jetpack_sharing_enabled":true,"publishpress_future_workflow_manual_trigger":{"enabledWorkflows":[]},"_links":{"self":[{"href":"https:\/\/blogdoeloiltoncajuhy.com.br\/site\/wp-json\/wp\/v2\/posts\/13613","targetHints":{"allow":["GET"]}}],"collection":[{"href":"https:\/\/blogdoeloiltoncajuhy.com.br\/site\/wp-json\/wp\/v2\/posts"}],"about":[{"href":"https:\/\/blogdoeloiltoncajuhy.com.br\/site\/wp-json\/wp\/v2\/types\/post"}],"author":[{"embeddable":true,"href":"https:\/\/blogdoeloiltoncajuhy.com.br\/site\/wp-json\/wp\/v2\/users\/2"}],"replies":[{"embeddable":true,"href":"https:\/\/blogdoeloiltoncajuhy.com.br\/site\/wp-json\/wp\/v2\/comments?post=13613"}],"version-history":[{"count":1,"href":"https:\/\/blogdoeloiltoncajuhy.com.br\/site\/wp-json\/wp\/v2\/posts\/13613\/revisions"}],"predecessor-version":[{"id":13616,"href":"https:\/\/blogdoeloiltoncajuhy.com.br\/site\/wp-json\/wp\/v2\/posts\/13613\/revisions\/13616"}],"wp:featuredmedia":[{"embeddable":true,"href":"https:\/\/blogdoeloiltoncajuhy.com.br\/site\/wp-json\/wp\/v2\/media\/13615"}],"wp:attachment":[{"href":"https:\/\/blogdoeloiltoncajuhy.com.br\/site\/wp-json\/wp\/v2\/media?parent=13613"}],"wp:term":[{"taxonomy":"category","embeddable":true,"href":"https:\/\/blogdoeloiltoncajuhy.com.br\/site\/wp-json\/wp\/v2\/categories?post=13613"},{"taxonomy":"post_tag","embeddable":true,"href":"https:\/\/blogdoeloiltoncajuhy.com.br\/site\/wp-json\/wp\/v2\/tags?post=13613"}],"curies":[{"name":"wp","href":"https:\/\/api.w.org\/{rel}","templated":true}]}}